{"id":111664,"date":"2017-08-24T18:12:03","date_gmt":"2017-08-24T16:12:03","guid":{"rendered":"http:\/\/www.brundisium.net\/?p=111664"},"modified":"2017-08-25T08:55:09","modified_gmt":"2017-08-25T06:55:09","slug":"piazzetta-largo-pitagora-da-lunedi-i-lavori-di-risistemazione","status":"publish","type":"post","link":"https:\/\/www.brundisium.net\/index.php\/piazzetta-largo-pitagora-da-lunedi-i-lavori-di-risistemazione\/","title":{"rendered":"Piazzetta \u201cLargo Pitagora\u201d: da luned\u00ec i lavori di risistemazione"},"content":{"rendered":"<p>Toccher\u00e0 alla ditta \u201cF.lli Vinci, srl\u201d di contrada Matarano (Fasano) risistemare Largo Pitagora (prospiciente la scuola media \u201cBianco-Pascoli \u2013 plesso Bianco\u201d) che diventer\u00e0 una vera e propria piazzetta. L\u2019impresa fasanese si \u00e8, infatti, aggiudicata la procedura negoziata indetta dall\u2019Amministrazione comunale proponendo il 18 per cento di ribasso sul prezzo posto a base dall\u2019Amministrazione. Pertanto, il costo complessivo dell\u2019intervento sar\u00e0 di 22.704,35 euro (comprensivo di Iva ed oneri di sicurezza).<\/p>\n<p>\u00abNell\u2019ottica di un territorio con sempre pi\u00f9 spazi verdi pubblici a disposizione di tutti, avremo la nuova piazzetta \u201cLargo Pitagora\u201d \u2013 afferma Annarita Angelini, assessora ai Lavori pubblici -; i lavori di risistemazione inizieranno luned\u00ec 28 agosto per essere terminati entro il 13 settembre, giorno d\u2019avvio delle lezioni scolastiche, onde evitare di creare disagi a docenti ed allievi. La piazzetta \u2013 continua l\u2019assessora Angelini \u2013 rappresenter\u00e0 anche un vero e proprio argine di sicurezza sia per gli studenti della \u201cBianco\u201d che per i piccolini frequentanti la scuola dell\u2019infanzia attigua Largo Pitagora e, quindi, con maggiore tranquillit\u00e0 anche i genitori potranno accompagnare e prelevare i propri figli dalle due scuole\u00bb.<\/p>\n<p>Il progetto si riferisce alla realizzazione di una pavimentazione in pietrini, all\u2019installazione di sei panche in pietra e di quattro corpi illuminanti artistici, oltre che alla piantumazione di quattro quercus ilex (alberi di leccio). Il largo Pitagora, infatti, diventer\u00e0 una piazzetta e, quindi, non vi si potr\u00e0 pi\u00f9 parcheggiare i mezzi motorizzati. In ogni caso, \u00e8 stato previsto uno spazio riservato allo scuolabus per consentire agli alunni che prendono il mezzo comunale di giungere fino all\u2019ingresso dell\u2019edificio.       <\/p>\n<p>Comune di Fasano<\/p>\n","protected":false},"excerpt":{"rendered":"<p>Toccher\u00e0 alla ditta \u201cF.lli Vinci, srl\u201d di contrada Matarano (Fasano) risistemare Largo Pitagora (prospiciente la scuola media \u201cBianco-Pascoli \u2013 plesso Bianco\u201d) che diventer\u00e0 una vera e propria piazzetta. L\u2019impresa fasanese si \u00e8, infatti, aggiudicata la procedura negoziata indetta dall\u2019Amministrazione comunale proponendo il 18 per cento di ribasso sul prezzo posto a base dall\u2019Amministrazione. Pertanto, il costo complessivo dell\u2019intervento sar\u00e0 di 22.704,35 euro (comprensivo di Iva ed oneri di sicurezza). \u00abNell\u2019ottica di un territorio con sempre pi\u00f9 spazi verdi pubblici a disposizione di tutti, avremo la nuova piazzetta \u201cLargo Pitagora\u201d \u2013 afferma Annarita Angelini, assessora ai Lavori pubblici -; i lavori di risistemazione inizieranno luned\u00ec 28 agosto per essere terminati entro il 13 settembre, giorno d\u2019avvio delle lezioni scolastiche, onde evitare di creare disagi a docenti ed allievi. La piazzetta \u2013 continua l\u2019assessora Angelini \u2013 rappresenter\u00e0 anche un vero e proprio argine di sicurezza sia per gli studenti della \u201cBianco\u201d che per i piccolini frequentanti la scuola dell\u2019infanzia attigua Largo Pitagora e, quindi, con maggiore tranquillit\u00e0 anche i genitori potranno accompagnare&#8230;<\/p>\n","protected":false},"author":2,"featured_media":106551,"comment_status":"open","ping_status":"closed","sticky":false,"template":"","format":"standard","meta":{"footnotes":""},"categories":[7],"tags":[244],"class_list":["post-111664","post","type-post","status-publish","format-standard","has-post-thumbnail","hentry","category-news","tag-fasano"],"_links":{"self":[{"href":"https:\/\/www.brundisium.net\/index.php\/wp-json\/wp\/v2\/posts\/111664","targetHints":{"allow":["GET"]}}],"collection":[{"href":"https:\/\/www.brundisium.net\/index.php\/wp-json\/wp\/v2\/posts"}],"about":[{"href":"https:\/\/www.brundisium.net\/index.php\/wp-json\/wp\/v2\/types\/post"}],"author":[{"embeddable":true,"href":"https:\/\/www.brundisium.net\/index.php\/wp-json\/wp\/v2\/users\/2"}],"replies":[{"embeddable":true,"href":"https:\/\/www.brundisium.net\/index.php\/wp-json\/wp\/v2\/comments?post=111664"}],"version-history":[{"count":1,"href":"https:\/\/www.brundisium.net\/index.php\/wp-json\/wp\/v2\/posts\/111664\/revisions"}],"predecessor-version":[{"id":111665,"href":"https:\/\/www.brundisium.net\/index.php\/wp-json\/wp\/v2\/posts\/111664\/revisions\/111665"}],"wp:featuredmedia":[{"embeddable":true,"href":"https:\/\/www.brundisium.net\/index.php\/wp-json\/wp\/v2\/media\/106551"}],"wp:attachment":[{"href":"https:\/\/www.brundisium.net\/index.php\/wp-json\/wp\/v2\/media?parent=111664"}],"wp:term":[{"taxonomy":"category","embeddable":true,"href":"https:\/\/www.brundisium.net\/index.php\/wp-json\/wp\/v2\/categories?post=111664"},{"taxonomy":"post_tag","embeddable":true,"href":"https:\/\/www.brundisium.net\/index.php\/wp-json\/wp\/v2\/tags?post=111664"}],"curies":[{"name":"wp","href":"https:\/\/api.w.org\/{rel}","templated":true}]}}