{"id":111874,"date":"2017-08-28T15:48:30","date_gmt":"2017-08-28T13:48:30","guid":{"rendered":"http:\/\/www.brundisium.net\/?p=111874"},"modified":"2017-08-29T08:07:38","modified_gmt":"2017-08-29T06:07:38","slug":"incendio-al-canneto-di-torre-guaceto-scongiurato-larrivo-delle-fiamme-in-palude","status":"publish","type":"post","link":"https:\/\/www.brundisium.net\/index.php\/incendio-al-canneto-di-torre-guaceto-scongiurato-larrivo-delle-fiamme-in-palude\/","title":{"rendered":"Incendio al canneto di Torre Guaceto: scongiurato l&#8217;arrivo delle fiamme in palude"},"content":{"rendered":"\n\t\t<style type=\"text\/css\">\n\t\t\t#gallery-1 {\n\t\t\t\tmargin: auto;\n\t\t\t}\n\t\t\t#gallery-1 .gallery-item {\n\t\t\t\tfloat: left;\n\t\t\t\tmargin-top: 10px;\n\t\t\t\ttext-align: center;\n\t\t\t\twidth: 33%;\n\t\t\t}\n\t\t\t#gallery-1 img {\n\t\t\t\tborder: 2px solid #cfcfcf;\n\t\t\t}\n\t\t\t#gallery-1 .gallery-caption {\n\t\t\t\tmargin-left: 0;\n\t\t\t}\n\t\t\t\/* see gallery_shortcode() in wp-includes\/media.php *\/\n\t\t<\/style>\n\t\t<div id='gallery-1' class='gallery galleryid-111874 gallery-columns-3 gallery-size-thumbnail'><dl class='gallery-item'>\n\t\t\t<dt class='gallery-icon landscape'>\n\t\t\t\t<a href='https:\/\/www.brundisium.net\/index.php\/incendio-al-canneto-di-torre-guaceto-scongiurato-larrivo-delle-fiamme-in-palude\/incendio-torre-guaceto-270817-1\/'><img loading=\"lazy\" decoding=\"async\" width=\"150\" height=\"150\" src=\"https:\/\/www.brundisium.net\/brun\/wp-content\/uploads\/2017\/08\/incendio-torre-guaceto-270817-1-150x150.jpg\" class=\"attachment-thumbnail size-thumbnail\" alt=\"\" srcset=\"https:\/\/www.brundisium.net\/brun\/wp-content\/uploads\/2017\/08\/incendio-torre-guaceto-270817-1-150x150.jpg 150w, https:\/\/www.brundisium.net\/brun\/wp-content\/uploads\/2017\/08\/incendio-torre-guaceto-270817-1-60x60.jpg 60w\" sizes=\"auto, (max-width: 150px) 100vw, 150px\" \/><\/a>\n\t\t\t<\/dt><\/dl><dl class='gallery-item'>\n\t\t\t<dt class='gallery-icon landscape'>\n\t\t\t\t<a href='https:\/\/www.brundisium.net\/index.php\/incendio-al-canneto-di-torre-guaceto-scongiurato-larrivo-delle-fiamme-in-palude\/incendio-torre-guaceto-270817-2\/'><img loading=\"lazy\" decoding=\"async\" width=\"150\" height=\"150\" src=\"https:\/\/www.brundisium.net\/brun\/wp-content\/uploads\/2017\/08\/incendio-torre-guaceto-270817-2-150x150.jpg\" class=\"attachment-thumbnail size-thumbnail\" alt=\"\" srcset=\"https:\/\/www.brundisium.net\/brun\/wp-content\/uploads\/2017\/08\/incendio-torre-guaceto-270817-2-150x150.jpg 150w, https:\/\/www.brundisium.net\/brun\/wp-content\/uploads\/2017\/08\/incendio-torre-guaceto-270817-2-60x60.jpg 60w\" sizes=\"auto, (max-width: 150px) 100vw, 150px\" \/><\/a>\n\t\t\t<\/dt><\/dl><dl class='gallery-item'>\n\t\t\t<dt class='gallery-icon landscape'>\n\t\t\t\t<a href='https:\/\/www.brundisium.net\/index.php\/incendio-al-canneto-di-torre-guaceto-scongiurato-larrivo-delle-fiamme-in-palude\/incendio-torre-guaceto-270817-3\/'><img loading=\"lazy\" decoding=\"async\" width=\"150\" height=\"150\" src=\"https:\/\/www.brundisium.net\/brun\/wp-content\/uploads\/2017\/08\/incendio-torre-guaceto-270817-3-150x150.jpg\" class=\"attachment-thumbnail size-thumbnail\" alt=\"\" srcset=\"https:\/\/www.brundisium.net\/brun\/wp-content\/uploads\/2017\/08\/incendio-torre-guaceto-270817-3-150x150.jpg 150w, https:\/\/www.brundisium.net\/brun\/wp-content\/uploads\/2017\/08\/incendio-torre-guaceto-270817-3-60x60.jpg 60w\" sizes=\"auto, (max-width: 150px) 100vw, 150px\" \/><\/a>\n\t\t\t<\/dt><\/dl><br style=\"clear: both\" \/><dl class='gallery-item'>\n\t\t\t<dt class='gallery-icon landscape'>\n\t\t\t\t<a href='https:\/\/www.brundisium.net\/index.php\/incendio-al-canneto-di-torre-guaceto-scongiurato-larrivo-delle-fiamme-in-palude\/incendio-torre-guaceto-270817-4\/'><img loading=\"lazy\" decoding=\"async\" width=\"150\" height=\"150\" src=\"https:\/\/www.brundisium.net\/brun\/wp-content\/uploads\/2017\/08\/incendio-torre-guaceto-270817-4-150x150.jpg\" class=\"attachment-thumbnail size-thumbnail\" alt=\"\" srcset=\"https:\/\/www.brundisium.net\/brun\/wp-content\/uploads\/2017\/08\/incendio-torre-guaceto-270817-4-150x150.jpg 150w, https:\/\/www.brundisium.net\/brun\/wp-content\/uploads\/2017\/08\/incendio-torre-guaceto-270817-4-60x60.jpg 60w\" sizes=\"auto, (max-width: 150px) 100vw, 150px\" \/><\/a>\n\t\t\t<\/dt><\/dl><dl class='gallery-item'>\n\t\t\t<dt class='gallery-icon landscape'>\n\t\t\t\t<a href='https:\/\/www.brundisium.net\/index.php\/incendio-al-canneto-di-torre-guaceto-scongiurato-larrivo-delle-fiamme-in-palude\/incendio-torre-guaceto-270817-6\/'><img loading=\"lazy\" decoding=\"async\" width=\"150\" height=\"150\" src=\"https:\/\/www.brundisium.net\/brun\/wp-content\/uploads\/2017\/08\/incendio-torre-guaceto-270817-6-150x150.jpg\" class=\"attachment-thumbnail size-thumbnail\" alt=\"\" srcset=\"https:\/\/www.brundisium.net\/brun\/wp-content\/uploads\/2017\/08\/incendio-torre-guaceto-270817-6-150x150.jpg 150w, https:\/\/www.brundisium.net\/brun\/wp-content\/uploads\/2017\/08\/incendio-torre-guaceto-270817-6-60x60.jpg 60w\" sizes=\"auto, (max-width: 150px) 100vw, 150px\" \/><\/a>\n\t\t\t<\/dt><\/dl><dl class='gallery-item'>\n\t\t\t<dt class='gallery-icon landscape'>\n\t\t\t\t<a href='https:\/\/www.brundisium.net\/index.php\/incendio-al-canneto-di-torre-guaceto-scongiurato-larrivo-delle-fiamme-in-palude\/incendio-torre-guaceto-270817-7\/'><img loading=\"lazy\" decoding=\"async\" width=\"150\" height=\"150\" src=\"https:\/\/www.brundisium.net\/brun\/wp-content\/uploads\/2017\/08\/incendio-torre-guaceto-270817-7-150x150.jpg\" class=\"attachment-thumbnail size-thumbnail\" alt=\"\" srcset=\"https:\/\/www.brundisium.net\/brun\/wp-content\/uploads\/2017\/08\/incendio-torre-guaceto-270817-7-150x150.jpg 150w, https:\/\/www.brundisium.net\/brun\/wp-content\/uploads\/2017\/08\/incendio-torre-guaceto-270817-7-60x60.jpg 60w\" sizes=\"auto, (max-width: 150px) 100vw, 150px\" \/><\/a>\n\t\t\t<\/dt><\/dl><br style=\"clear: both\" \/><dl class='gallery-item'>\n\t\t\t<dt class='gallery-icon landscape'>\n\t\t\t\t<a href='https:\/\/www.brundisium.net\/index.php\/incendio-al-canneto-di-torre-guaceto-scongiurato-larrivo-delle-fiamme-in-palude\/incendio-torre-guaceto-270817-8\/'><img loading=\"lazy\" decoding=\"async\" width=\"150\" height=\"150\" src=\"https:\/\/www.brundisium.net\/brun\/wp-content\/uploads\/2017\/08\/incendio-torre-guaceto-270817-8-150x150.jpg\" class=\"attachment-thumbnail size-thumbnail\" alt=\"\" srcset=\"https:\/\/www.brundisium.net\/brun\/wp-content\/uploads\/2017\/08\/incendio-torre-guaceto-270817-8-150x150.jpg 150w, https:\/\/www.brundisium.net\/brun\/wp-content\/uploads\/2017\/08\/incendio-torre-guaceto-270817-8-60x60.jpg 60w\" sizes=\"auto, (max-width: 150px) 100vw, 150px\" \/><\/a>\n\t\t\t<\/dt><\/dl><dl class='gallery-item'>\n\t\t\t<dt class='gallery-icon landscape'>\n\t\t\t\t<a href='https:\/\/www.brundisium.net\/index.php\/incendio-al-canneto-di-torre-guaceto-scongiurato-larrivo-delle-fiamme-in-palude\/incendio-torre-guaceto-270817-9\/'><img loading=\"lazy\" decoding=\"async\" width=\"150\" height=\"150\" src=\"https:\/\/www.brundisium.net\/brun\/wp-content\/uploads\/2017\/08\/incendio-torre-guaceto-270817-9-150x150.jpg\" class=\"attachment-thumbnail size-thumbnail\" alt=\"\" srcset=\"https:\/\/www.brundisium.net\/brun\/wp-content\/uploads\/2017\/08\/incendio-torre-guaceto-270817-9-150x150.jpg 150w, https:\/\/www.brundisium.net\/brun\/wp-content\/uploads\/2017\/08\/incendio-torre-guaceto-270817-9-60x60.jpg 60w\" sizes=\"auto, (max-width: 150px) 100vw, 150px\" \/><\/a>\n\t\t\t<\/dt><\/dl><dl class='gallery-item'>\n\t\t\t<dt class='gallery-icon landscape'>\n\t\t\t\t<a href='https:\/\/www.brundisium.net\/index.php\/incendio-al-canneto-di-torre-guaceto-scongiurato-larrivo-delle-fiamme-in-palude\/incendio-torre-guaceto-270817-10\/'><img loading=\"lazy\" decoding=\"async\" width=\"150\" height=\"150\" src=\"https:\/\/www.brundisium.net\/brun\/wp-content\/uploads\/2017\/08\/incendio-torre-guaceto-270817-10-150x150.jpg\" class=\"attachment-thumbnail size-thumbnail\" alt=\"\" srcset=\"https:\/\/www.brundisium.net\/brun\/wp-content\/uploads\/2017\/08\/incendio-torre-guaceto-270817-10-150x150.jpg 150w, https:\/\/www.brundisium.net\/brun\/wp-content\/uploads\/2017\/08\/incendio-torre-guaceto-270817-10-60x60.jpg 60w\" sizes=\"auto, (max-width: 150px) 100vw, 150px\" \/><\/a>\n\t\t\t<\/dt><\/dl><br style=\"clear: both\" \/>\n\t\t<\/div>\n\n<p>Nella giornata di ieri, \u00e8 stato appiccato il fuoco nell\u2019area protetta, zona a monte della strada statale 379.<\/p>\n<p>&nbsp;<\/p>\n<p>La mano incendiaria ha toccato un terreno agricolo. Muovendo dalla complanare ovest, le fiamme si sono propagate sino all\u2019interno dell\u2019area distruggendo completamente il canneto che caratterizzava il terreno in questione.<\/p>\n<p>&nbsp;<\/p>\n<p>L\u2019incendio ha devastato un\u2019area vasta 3,5 ettari e rientrante nella zona C della Riserva. Le fiamme alte hanno raso al suolo la vegetazione.<\/p>\n<p>&nbsp;<\/p>\n<p>Il terreno interessato dal rogo era stato attenzionato dal Consorzio di Gestione di Torre Guaceto gi\u00e0 a giugno. L\u2019ente aveva sollecitato un maggiore controllo delle Autorit\u00e0 competenti circa il pericolo generato dalla contiguit\u00e0 tra area agricole e zone umide poste a monte della 379.<\/p>\n<p>&nbsp;<\/p>\n<p>Questo perch\u00e9, come \u00e8 opportuno sottolineare, l\u2019ente \u00e8 deputato al controllo dell\u2019attuazione delle norme stabilite dallo statuto istitutivo dell\u2019area protetta in tutte le parti che rientrano nel perimetro della Riserva, anche quando queste sono propriet\u00e0 privata.<\/p>\n<p>&nbsp;<\/p>\n<p>E\u2019 quasi superfluo sottolineare la natura dolosa dell\u2019incendio di ieri. Incendio che ha provocato danni all\u2019ecosistema della Riserva e che avrebbe potuto generarne di ben peggiori se solo gli operatori del Consorzio e la squadra anti incendio dell\u2019ARIF non fossero intervenuti tempestivamente ed i vigili del fuoco non avessero prima messo in sicurezza l\u2019area, impedendo che le fiamme si espandessero fino a raggiungere la palude di Torre Guaceto, esattamente come accaduto nel 2007, poi provvedendo allo spegnimento.<\/p>\n<p>&nbsp;<\/p>\n<p>L\u2019area caratterizzata dal canneto e dal chiaro d\u2019acqua celebre per essere luogo di vita e nursery per molti degli animali che nascono in Riserva, infatti, \u00e8 posto oltre la complanare, a pochi metri di distanza dal luogo interessato dal rogo. Realizzato nell\u2019ambito del piano della lotta agli incendi boschivi, lo specchio d\u2019acqua avrebbe fermato la propagazione dell\u2019incendio, ma tutto il resto sarebbe andato distrutto e la vita della fauna stanziale sarebbe stata messa in serio pericolo.<\/p>\n<p>&nbsp;<\/p>\n<p>Non \u00e8 la prima volta che soggetti mettono le mani sulla Riserva e la minacciano con il fuoco, in alcuni casi con fini intimidatori, in altri per perseguire i propri interessi in sfregio dell\u2019area protetta. Il fuoco ha toccato troppe volte Torre Guaceto.<\/p>\n<p>&nbsp;<\/p>\n<p>L\u2019incendio di ieri \u00e8 quarto del periodo.<\/p>\n<p>&nbsp;<\/p>\n<p>Il 23 maggio balordi hanno colpito un\u2019area in corso di rinaturalizzazione da tre anni a questa parte. Area di propriet\u00e0 dell\u2019Agenzia del demanio e concessa in fitto al Consorzio, ben lontana da campi agricoli e non fruita da turisti, quindi a riparo dal rischio di incendi provocati da agricoltori intenti a dare fuoco a stoppie e da visitatori che gettano a terra mozziconi di sigaretta ancora accesa.<\/p>\n<p>&nbsp;<\/p>\n<p>Solo 7 giorni dopo, il 31 maggio \u00e8 toccata ad un\u2019area agricola posta accanto alla macchia San Giovanni aldil\u00e0 della strada statale 379, area da anni interessata da un progetto di rinaturalizzazione della vecchia zona a pascolo, ancora una volta vicino alla palude.<\/p>\n<p>&nbsp;<\/p>\n<p>Il 22 giugno hanno appiccato il fuoco in un terreno situato nei pressi del ponte che separa la localit\u00e0 di Punta Penna Grossa dalla strada che conduce alla borgata di Serranova. Tutti questi episodi, compreso quello di ieri sono di natura dolosa ed \u00e8 possibile dedurre siano imputabili a soggetti distinti.<\/p>\n<p>&nbsp;<\/p>\n<p>&nbsp;<\/p>\n<p>\u201cLa macchina del primo intervento ha funzionato \u2013 ha dichiarato il presidente del Consorzio, Vincenzo Epifani -, i primi ad intervenire sul campo ieri, sono stati gli uomini dell\u2019Arif che presidiano la Riserva alternandosi con il personale del Consorzio ai fini della prevenzione degli incendi. Il lavoro svolto dai colleghi e da Arif bench\u00e9 non sia stato utile allo spegnimento delle fiamme dato la stessa natura del canneto, unito all\u2019attivit\u00e0 risolutiva svolta dai vigili del fuoco ha permesso di limitare i danni. Confidiamo nel lavoro d\u2019indagine svolto dalle Autorit\u00e0, quando tutti i rilievi del caso saranno finiti, dovr\u00e0 essere ripristinato il canneto nell\u2019area interessata dalle fiamme e, come gi\u00e0 comunicato al proprietario del terreno, non sar\u00e0 possibile svolgere attivit\u00e0 agricola nell\u2019area\u201d.<\/p>\n<p>Continua anche in queste ore l\u2019attivit\u00e0 di bonifica del luogo a opera degli operatori del Consorzio, dell\u2019Arif e dei vigili del fuoco finalizzata a scongiurare il ripresentarsi delle fiamme, come accaduto anche questa mattina.<\/p>\n<p>&nbsp;<\/p>\n<p><strong>COMUNICAZIONE CONSORZIO DI GESTIONE DI TORRE GUACETO <\/strong><\/p>\n","protected":false},"excerpt":{"rendered":"<p>Nella giornata di ieri, \u00e8 stato appiccato il fuoco nell\u2019area protetta, zona a monte della strada statale 379. &nbsp; La mano incendiaria ha toccato un terreno agricolo. Muovendo dalla complanare ovest, le fiamme si sono propagate sino all\u2019interno dell\u2019area distruggendo completamente il canneto che caratterizzava il terreno in questione. &nbsp; L\u2019incendio ha devastato un\u2019area vasta 3,5 ettari e rientrante nella zona C della Riserva. Le fiamme alte hanno raso al suolo la vegetazione. &nbsp; Il terreno interessato dal rogo era stato attenzionato dal Consorzio di Gestione di Torre Guaceto gi\u00e0 a giugno. L\u2019ente aveva sollecitato un maggiore controllo delle Autorit\u00e0 competenti circa il pericolo generato dalla contiguit\u00e0 tra area agricole e zone umide poste a monte della 379. &nbsp; Questo perch\u00e9, come \u00e8 opportuno sottolineare, l\u2019ente \u00e8 deputato al controllo dell\u2019attuazione delle norme stabilite dallo statuto istitutivo dell\u2019area protetta in tutte le parti che rientrano nel perimetro della Riserva, anche quando queste sono propriet\u00e0 privata. &nbsp; E\u2019 quasi superfluo sottolineare la natura dolosa dell\u2019incendio di ieri. Incendio che ha provocato&#8230;<\/p>\n","protected":false},"author":2,"featured_media":111879,"comment_status":"open","ping_status":"closed","sticky":false,"template":"","format":"standard","meta":{"footnotes":""},"categories":[7],"tags":[1126],"class_list":["post-111874","post","type-post","status-publish","format-standard","has-post-thumbnail","hentry","category-news","tag-torre-guaceto"],"_links":{"self":[{"href":"https:\/\/www.brundisium.net\/index.php\/wp-json\/wp\/v2\/posts\/111874","targetHints":{"allow":["GET"]}}],"collection":[{"href":"https:\/\/www.brundisium.net\/index.php\/wp-json\/wp\/v2\/posts"}],"about":[{"href":"https:\/\/www.brundisium.net\/index.php\/wp-json\/wp\/v2\/types\/post"}],"author":[{"embeddable":true,"href":"https:\/\/www.brundisium.net\/index.php\/wp-json\/wp\/v2\/users\/2"}],"replies":[{"embeddable":true,"href":"https:\/\/www.brundisium.net\/index.php\/wp-json\/wp\/v2\/comments?post=111874"}],"version-history":[{"count":1,"href":"https:\/\/www.brundisium.net\/index.php\/wp-json\/wp\/v2\/posts\/111874\/revisions"}],"predecessor-version":[{"id":111885,"href":"https:\/\/www.brundisium.net\/index.php\/wp-json\/wp\/v2\/posts\/111874\/revisions\/111885"}],"wp:featuredmedia":[{"embeddable":true,"href":"https:\/\/www.brundisium.net\/index.php\/wp-json\/wp\/v2\/media\/111879"}],"wp:attachment":[{"href":"https:\/\/www.brundisium.net\/index.php\/wp-json\/wp\/v2\/media?parent=111874"}],"wp:term":[{"taxonomy":"category","embeddable":true,"href":"https:\/\/www.brundisium.net\/index.php\/wp-json\/wp\/v2\/categories?post=111874"},{"taxonomy":"post_tag","embeddable":true,"href":"https:\/\/www.brundisium.net\/index.php\/wp-json\/wp\/v2\/tags?post=111874"}],"curies":[{"name":"wp","href":"https:\/\/api.w.org\/{rel}","templated":true}]}}