{"id":111951,"date":"2017-08-29T23:40:43","date_gmt":"2017-08-29T21:40:43","guid":{"rendered":"http:\/\/www.brundisium.net\/?p=111951"},"modified":"2017-09-01T16:25:12","modified_gmt":"2017-09-01T14:25:12","slug":"domenica-3-a-torre-guaceto-la-giornata-della-custodia-del-creato","status":"publish","type":"post","link":"https:\/\/www.brundisium.net\/index.php\/domenica-3-a-torre-guaceto-la-giornata-della-custodia-del-creato\/","title":{"rendered":"Domenica 3 a Torre Guaceto la Giornata della Custodia del Creato"},"content":{"rendered":"<p><a href=\"http:\/\/www.brundisium.net\/brun\/wp-content\/uploads\/2017\/08\/20992641_305232293282631_34538121841491611_n2.jpg\"><img loading=\"lazy\" decoding=\"async\" class=\"alignright size-medium wp-image-111952\" src=\"http:\/\/www.brundisium.net\/brun\/wp-content\/uploads\/2017\/08\/20992641_305232293282631_34538121841491611_n2-200x300.jpg\" alt=\"\" width=\"200\" height=\"300\" srcset=\"https:\/\/www.brundisium.net\/brun\/wp-content\/uploads\/2017\/08\/20992641_305232293282631_34538121841491611_n2-200x300.jpg 200w, https:\/\/www.brundisium.net\/brun\/wp-content\/uploads\/2017\/08\/20992641_305232293282631_34538121841491611_n2.jpg 640w\" sizes=\"auto, (max-width: 200px) 100vw, 200px\" \/><\/a>Domenica 3 settembre, con appuntamento fissato alle ore 16,30 presso il Centro Visitatori di Torre Guaceto, partir\u00e0 la manifestazione organizzata dalla Consulta per la Pastorale Sociale della Diocesi di Brindisi Ostuni in occasione della 12a Giornata della Custodia del Creato.<\/p>\n<p>&nbsp;<\/p>\n<p>Avendo come tema il versetto biblico tratto dalla Genesi \u201ccerto il Signore \u00e8 in questo luogo e io non lo sapevo\u201d, l\u2019incontro si svolger\u00e0 in tre momenti che spaziano dalla scoperta delle bellezze naturali custodite nella riserva naturale, a momenti di approfondimento spirituale.<\/p>\n<p>&nbsp;<\/p>\n<p>Il programma prevede una visita guidata di circa un\u2019ora e mezza all\u2019interno della riserva accompagnati dalle guide ambientali alla scoperta della bellezza dell\u2019ecosistema esistente nell\u2019oasi. A seguire \u00e8 prevista la S. messa celebrata dall\u2019Arcivescovo S.E. Domenico Caliandro nel suggestivo scenario della Torre Aragonese. Infine i partecipanti potranno osservare, sempre all\u2019interno dell\u2019oasi, il firmamento con l\u2019ausilio di un astrofilo.<\/p>\n<p>&nbsp;<\/p>\n<p>L&#8217;iniziativa, esaltando lo splendore di questo segmento meraviglioso del nostro territorio ed evidenziando l&#8217;importanza del custodirne inalterata la bellezza, vuole inoltre ricordare a ciascuno, e soprattutto a chi di competenza, il forte insegnamento della dottrina sociale della Chiesa: &#8220;[L&#8217;uomo] non deve \u00abdisporre arbitrariamente della terra, assoggettandola senza riserve alla sua volont\u00e0, come se essa non avesse una propria forma ed una destinazione anteriore datale da Dio, che l&#8217;uomo pu\u00f2, s\u00ec, sviluppare, ma non deve tradire\u00bb.<\/p>\n<p>&nbsp;<\/p>\n<p>Quando si comporta in questo modo, \u00abinvece di svolgere il suo ruolo di collaboratore di Dio nell&#8217;opera della creazione, l&#8217;uomo si sostituisce a Dio e cos\u00ec finisce col provocare la ribellione della natura, piuttosto tiranneggiata che governata da lui\u00bb&#8221; (CDSC 460).<\/p>\n<p>&nbsp;<\/p>\n<p>La partecipazione \u00e8 libera necessita solo comunicare la propria adesione ( donmimmoroma@gmail.com ) entro il 30 Agosto.<\/p>\n","protected":false},"excerpt":{"rendered":"<p>Domenica 3 settembre, con appuntamento fissato alle ore 16,30 presso il Centro Visitatori di Torre Guaceto, partir\u00e0 la manifestazione organizzata dalla Consulta per la Pastorale Sociale della Diocesi di Brindisi Ostuni in occasione della 12a Giornata della Custodia del Creato. &nbsp; Avendo come tema il versetto biblico tratto dalla Genesi \u201ccerto il Signore \u00e8 in questo luogo e io non lo sapevo\u201d, l\u2019incontro si svolger\u00e0 in tre momenti che spaziano dalla scoperta delle bellezze naturali custodite nella riserva naturale, a momenti di approfondimento spirituale. &nbsp; Il programma prevede una visita guidata di circa un\u2019ora e mezza all\u2019interno della riserva accompagnati dalle guide ambientali alla scoperta della bellezza dell\u2019ecosistema esistente nell\u2019oasi. A seguire \u00e8 prevista la S. messa celebrata dall\u2019Arcivescovo S.E. Domenico Caliandro nel suggestivo scenario della Torre Aragonese. Infine i partecipanti potranno osservare, sempre all\u2019interno dell\u2019oasi, il firmamento con l\u2019ausilio di un astrofilo. &nbsp; L&#8217;iniziativa, esaltando lo splendore di questo segmento meraviglioso del nostro territorio ed evidenziando l&#8217;importanza del custodirne inalterata la bellezza, vuole inoltre ricordare a ciascuno, e soprattutto&#8230;<\/p>\n","protected":false},"author":2,"featured_media":111952,"comment_status":"open","ping_status":"closed","sticky":false,"template":"","format":"standard","meta":{"footnotes":""},"categories":[7],"tags":[1126],"class_list":["post-111951","post","type-post","status-publish","format-standard","has-post-thumbnail","hentry","category-news","tag-torre-guaceto"],"_links":{"self":[{"href":"https:\/\/www.brundisium.net\/index.php\/wp-json\/wp\/v2\/posts\/111951","targetHints":{"allow":["GET"]}}],"collection":[{"href":"https:\/\/www.brundisium.net\/index.php\/wp-json\/wp\/v2\/posts"}],"about":[{"href":"https:\/\/www.brundisium.net\/index.php\/wp-json\/wp\/v2\/types\/post"}],"author":[{"embeddable":true,"href":"https:\/\/www.brundisium.net\/index.php\/wp-json\/wp\/v2\/users\/2"}],"replies":[{"embeddable":true,"href":"https:\/\/www.brundisium.net\/index.php\/wp-json\/wp\/v2\/comments?post=111951"}],"version-history":[{"count":1,"href":"https:\/\/www.brundisium.net\/index.php\/wp-json\/wp\/v2\/posts\/111951\/revisions"}],"predecessor-version":[{"id":111953,"href":"https:\/\/www.brundisium.net\/index.php\/wp-json\/wp\/v2\/posts\/111951\/revisions\/111953"}],"wp:featuredmedia":[{"embeddable":true,"href":"https:\/\/www.brundisium.net\/index.php\/wp-json\/wp\/v2\/media\/111952"}],"wp:attachment":[{"href":"https:\/\/www.brundisium.net\/index.php\/wp-json\/wp\/v2\/media?parent=111951"}],"wp:term":[{"taxonomy":"category","embeddable":true,"href":"https:\/\/www.brundisium.net\/index.php\/wp-json\/wp\/v2\/categories?post=111951"},{"taxonomy":"post_tag","embeddable":true,"href":"https:\/\/www.brundisium.net\/index.php\/wp-json\/wp\/v2\/tags?post=111951"}],"curies":[{"name":"wp","href":"https:\/\/api.w.org\/{rel}","templated":true}]}}