{"id":111971,"date":"2017-08-30T11:28:08","date_gmt":"2017-08-30T09:28:08","guid":{"rendered":"http:\/\/www.brundisium.net\/?p=111971"},"modified":"2017-09-01T16:23:26","modified_gmt":"2017-09-01T14:23:26","slug":"venerdi-a-selva-di-fasano-si-presenta-saccovanzetti-nelledizione-ampliata-dallo-storico-vito-antonio-leuzzi","status":"publish","type":"post","link":"https:\/\/www.brundisium.net\/index.php\/venerdi-a-selva-di-fasano-si-presenta-saccovanzetti-nelledizione-ampliata-dallo-storico-vito-antonio-leuzzi\/","title":{"rendered":"Venerd\u00ec a Selva di Fasano si presenta \u201cSaccovanzetti\u201d nell\u2019edizione ampliata dallo storico Vito Antonio Leuzzi"},"content":{"rendered":"<p>\u201cSaccovanzetti\u201d \u00e8 il libro di Salvatore Ciccone (scritto nel 1982) che lo storico Vito Antonio Leuzzi ha ampliato in un\u2019edizione pubblicata quest\u2019anno dalla casa editrice Edizioni Dal Sud. Il volume sar\u00e0 presentato al Minareto, a Selva di Fasano, venerd\u00ec 1\u00b0 settembre alle ore 19. Presenzier\u00e0 lo stesso prof. Leuzzi che dialogher\u00e0 con l\u2019arch. Beniamino Attoma Pepe.<\/p>\n<p>&nbsp;<\/p>\n<p>L\u2019iniziativa rientra in \u201cSelva In Festival. Culture-Arti-Paesaggi\u201d, la rassegna estiva di appuntamenti teatrali, musicali, letterari ed artistici messa a punto dal Comune di Fasano, ideata e curata dallo scrittore ed archeologo Vito Bianchi, in collaborazione col Teatro Pubblico Pugliese e, per questo appuntamento, con la locale associazione \u201cPresidio del libro\u201d di cui \u00e8 responsabile Annamaria Toma.<\/p>\n<p>&nbsp;<\/p>\n<p>Introdotto dallo stesso Vito Bianchi, Leuzzi, spigolato da Attoma Pepe, parler\u00e0 della tristemente nota condanna a morte su sedia elettrica dei due emigrati anarchici italiani Nicola Sacco e Bartolomeo Vanzetti avvenuta in America proprio 90 anni fa (precisamente il 23 agosto del \u201927). Fu considerata una condanna ingiusta, forse soltanto \u201cpolitica\u201d, poich\u00e9 i due furono ritenuti colpevoli di una rapina nella quale trovarono la morte due persone, ma alla quale, come testimoni\u00f2 un detenuto che, invece, aveva partecipato a quell\u2019episodio criminale, non erano presenti. Sacco e Vanzetti sono il simbolo della lotta antirazzista e sindacale di quel tempo negli Usa che, comunque, hanno riabilitato i due emigrati nel \u201977, riconoscendo il tragico errore giudiziario commesso cinquant\u2019anni prima.<\/p>\n<p>&nbsp;<\/p>\n<p>In platea, il 1\u00b0 settembre al Minareto, ci sar\u00e0 anche Peppino Ponticelli, patron di Edizioni dal Sud (piccola casa editrice del Barese impegnata a valorizzare storia e storie, nonch\u00e9 cultura del Mezzogiorno), che non ha mai reciso le sue radici: \u00e8 nato, ed \u00e8 vissuto fino all\u2019et\u00e0 di 22 anni, proprio a Fasano.<\/p>\n<p>&nbsp;<\/p>\n<p><strong> Comune di Fasano<\/strong><\/p>\n","protected":false},"excerpt":{"rendered":"<p>\u201cSaccovanzetti\u201d \u00e8 il libro di Salvatore Ciccone (scritto nel 1982) che lo storico Vito Antonio Leuzzi ha ampliato in un\u2019edizione pubblicata quest\u2019anno dalla casa editrice Edizioni Dal Sud. Il volume sar\u00e0 presentato al Minareto, a Selva di Fasano, venerd\u00ec 1\u00b0 settembre alle ore 19. Presenzier\u00e0 lo stesso prof. Leuzzi che dialogher\u00e0 con l\u2019arch. Beniamino Attoma Pepe. &nbsp; L\u2019iniziativa rientra in \u201cSelva In Festival. Culture-Arti-Paesaggi\u201d, la rassegna estiva di appuntamenti teatrali, musicali, letterari ed artistici messa a punto dal Comune di Fasano, ideata e curata dallo scrittore ed archeologo Vito Bianchi, in collaborazione col Teatro Pubblico Pugliese e, per questo appuntamento, con la locale associazione \u201cPresidio del libro\u201d di cui \u00e8 responsabile Annamaria Toma. &nbsp; Introdotto dallo stesso Vito Bianchi, Leuzzi, spigolato da Attoma Pepe, parler\u00e0 della tristemente nota condanna a morte su sedia elettrica dei due emigrati anarchici italiani Nicola Sacco e Bartolomeo Vanzetti avvenuta in America proprio 90 anni fa (precisamente il 23 agosto del \u201927). Fu considerata una condanna ingiusta, forse soltanto \u201cpolitica\u201d, poich\u00e9 i due furono ritenuti&#8230;<\/p>\n","protected":false},"author":2,"featured_media":111973,"comment_status":"open","ping_status":"closed","sticky":false,"template":"","format":"standard","meta":{"footnotes":""},"categories":[7],"tags":[2386],"class_list":["post-111971","post","type-post","status-publish","format-standard","has-post-thumbnail","hentry","category-news","tag-selva-di-fasano"],"_links":{"self":[{"href":"https:\/\/www.brundisium.net\/index.php\/wp-json\/wp\/v2\/posts\/111971","targetHints":{"allow":["GET"]}}],"collection":[{"href":"https:\/\/www.brundisium.net\/index.php\/wp-json\/wp\/v2\/posts"}],"about":[{"href":"https:\/\/www.brundisium.net\/index.php\/wp-json\/wp\/v2\/types\/post"}],"author":[{"embeddable":true,"href":"https:\/\/www.brundisium.net\/index.php\/wp-json\/wp\/v2\/users\/2"}],"replies":[{"embeddable":true,"href":"https:\/\/www.brundisium.net\/index.php\/wp-json\/wp\/v2\/comments?post=111971"}],"version-history":[{"count":1,"href":"https:\/\/www.brundisium.net\/index.php\/wp-json\/wp\/v2\/posts\/111971\/revisions"}],"predecessor-version":[{"id":111974,"href":"https:\/\/www.brundisium.net\/index.php\/wp-json\/wp\/v2\/posts\/111971\/revisions\/111974"}],"wp:featuredmedia":[{"embeddable":true,"href":"https:\/\/www.brundisium.net\/index.php\/wp-json\/wp\/v2\/media\/111973"}],"wp:attachment":[{"href":"https:\/\/www.brundisium.net\/index.php\/wp-json\/wp\/v2\/media?parent=111971"}],"wp:term":[{"taxonomy":"category","embeddable":true,"href":"https:\/\/www.brundisium.net\/index.php\/wp-json\/wp\/v2\/categories?post=111971"},{"taxonomy":"post_tag","embeddable":true,"href":"https:\/\/www.brundisium.net\/index.php\/wp-json\/wp\/v2\/tags?post=111971"}],"curies":[{"name":"wp","href":"https:\/\/api.w.org\/{rel}","templated":true}]}}