{"id":112085,"date":"2017-08-31T18:50:33","date_gmt":"2017-08-31T16:50:33","guid":{"rendered":"http:\/\/www.brundisium.net\/?p=112085"},"modified":"2017-08-31T18:50:33","modified_gmt":"2017-08-31T16:50:33","slug":"a-fasano-la-mostra-ernest-verner-pittore-visionario-30-dipinti-inediti","status":"publish","type":"post","link":"https:\/\/www.brundisium.net\/index.php\/a-fasano-la-mostra-ernest-verner-pittore-visionario-30-dipinti-inediti\/","title":{"rendered":"A Fasano la mostra &#8220;Ernest Verner, pittore visionario. 30 dipinti inediti&#8221;"},"content":{"rendered":"<p>\u201cErnest Verner, pittore visionario. 30 dipinti inediti\u201d \u00e8 la mostra dei quadri donati al Comune di Fasano dalla famiglia dell\u2019artista svizzero, d\u2019origine boema, che l\u2019associazione culturale \u201cAmici di Ernest Verner\u201d ha organizzato nell\u2019ambito di \u201cSelva In Festival. Arti-Culture-Paesaggi\u201d, la rassegna culturale messa a punto dal Comune in collaborazione col Teatro Pubblico Pugliese e che sar\u00e0 inaugurata luned\u00ec 4 settembre alle ore 18.30 nel Palazzo dei congressi, a Selva di Fasano. Non \u00e8 un caso che l\u2019iniziativa culturale si tenga quest\u2019anno, nel quale ricorre il ventennale della scomparsa del poliedrico artista, il cui vero nome era Werner Scheitlin, uomo colto e \u201cvisionario\u201d che si trasfer\u00ec a Fasano, dopo aver peregrinato per anni in giro per l\u2019Europa, nel \u201973, eleggendo la citt\u00e0 brindisina a sua ultima dimora fino alla morte del giugno del 1997, quando l\u2019artista aveva 79 anni.<\/p>\n<p>&nbsp;<\/p>\n<p>Al particolare, ed articolato, vernissage interverranno Francesco Zaccaria, sindaco, Annarita Angelini, assessora comunale alla Cultura, Vito Bianchi, ideatore e curatore di \u201cSelva In Festival\u201d, Annalucia Leccese, presidente dell\u2019associazione \u201cAmici di Ernest Verner\u201d, Giovanni Quaranta, esecutore testamentario dell\u2019artista, Agnese Gianeselli, storica dell\u2019arte e segretaria del sodalizio organizzatore, Stella Carparelli, dirigente scolastica del locale liceo \u201cLeonardo da Vinci\u201d.<\/p>\n<p>&nbsp;<\/p>\n<p>Durante la cerimonia di inaugurazione verr\u00e0 presentato il volume \u201cErnest Verner e i suoi libri\u201d (catalogo del fondo librario \u201cErnest Verner\u201d posseduto dalla biblioteca comunale \u201cI. Ciaia\u201d, curato dall\u2019associazione \u201cAmici di Ernest Verner\u201d con saggio introduttivo di Paola Guarini, amica personale del pittore, autrice di svariati contributi e prefazioni per volumi collettanei e di singoli autori, nonch\u00e9 giornalista dell\u2019Ufficio stampa del Comune di Fasano). Seguir\u00e0 proiezione del docu-film \u201cIo e Sci\u00f9-Sci\u00f9. Le tante vite di un artista buono\u201d (regia di Pasquale Leccese e produzione della stessa associazione \u201cAmici di Ernest Verner\u201d).<\/p>\n<p>&nbsp;<\/p>\n<p>All\u2019interno della mostra (visitabile fino al 17 settembre 2017) verranno esposti per la prima volta i 30 dipinti donati il 14 novembre scorso al Comune di Fasano dal fratello dell\u2019artista, Walter Scheitlin, importante gallerista e antiquario che vive a San Gallo, in Svizzera.<\/p>\n<p>&nbsp;<\/p>\n<p>Durante l\u2019inaugurazione sar\u00e0 possibile anche visitare un angolo del Palazzo dei congressi nel quale l\u2019associazione ha ricostruito lo studio di Ernest Verner con alcuni oggetti ed arredi appartenuti proprio all\u2019artista e che l\u2019esecutore testamentario ha donato al Comune in previsione dell\u2019allestimento di un prossimo Museo permanente dedicato al pittore.<\/p>\n<p>&nbsp;<\/p>\n<p>La mostra sar\u00e0 visitabile fino al 17 settembre dalle ore 18.30 alle 22; all\u2019interno della stessa, nei giorni 14 e 17 verranno proposti alcuni \u201cquadri\u201d dello spettacolo teatrale \u201cErnest Verner: i colori di un uomo. Luci e ombre di una vita dedicata alla pittura\u201d, messo in scena integralmente gi\u00e0 a giugno scorso al teatro Kennedy di Fasano da un centinaio di studenti del liceo \u201cLeonardo da Vinci\u201d, diretti dai proff. Mina Corelli e Michele Iacovazzi.<\/p>\n<p>&nbsp;<\/p>\n","protected":false},"excerpt":{"rendered":"<p>\u201cErnest Verner, pittore visionario. 30 dipinti inediti\u201d \u00e8 la mostra dei quadri donati al Comune di Fasano dalla famiglia dell\u2019artista svizzero, d\u2019origine boema, che l\u2019associazione culturale \u201cAmici di Ernest Verner\u201d ha organizzato nell\u2019ambito di \u201cSelva In Festival. Arti-Culture-Paesaggi\u201d, la rassegna culturale messa a punto dal Comune in collaborazione col Teatro Pubblico Pugliese e che sar\u00e0 inaugurata luned\u00ec 4 settembre alle ore 18.30 nel Palazzo dei congressi, a Selva di Fasano. Non \u00e8 un caso che l\u2019iniziativa culturale si tenga quest\u2019anno, nel quale ricorre il ventennale della scomparsa del poliedrico artista, il cui vero nome era Werner Scheitlin, uomo colto e \u201cvisionario\u201d che si trasfer\u00ec a Fasano, dopo aver peregrinato per anni in giro per l\u2019Europa, nel \u201973, eleggendo la citt\u00e0 brindisina a sua ultima dimora fino alla morte del giugno del 1997, quando l\u2019artista aveva 79 anni. &nbsp; Al particolare, ed articolato, vernissage interverranno Francesco Zaccaria, sindaco, Annarita Angelini, assessora comunale alla Cultura, Vito Bianchi, ideatore e curatore di \u201cSelva In Festival\u201d, Annalucia Leccese, presidente dell\u2019associazione \u201cAmici di Ernest Verner\u201d,&#8230;<\/p>\n","protected":false},"author":2,"featured_media":86956,"comment_status":"open","ping_status":"closed","sticky":false,"template":"","format":"standard","meta":{"footnotes":""},"categories":[489,7],"tags":[4782,244],"class_list":["post-112085","post","type-post","status-publish","format-standard","has-post-thumbnail","hentry","category-mostra-cultura-2","category-news","tag-ernest-verner","tag-fasano"],"_links":{"self":[{"href":"https:\/\/www.brundisium.net\/index.php\/wp-json\/wp\/v2\/posts\/112085","targetHints":{"allow":["GET"]}}],"collection":[{"href":"https:\/\/www.brundisium.net\/index.php\/wp-json\/wp\/v2\/posts"}],"about":[{"href":"https:\/\/www.brundisium.net\/index.php\/wp-json\/wp\/v2\/types\/post"}],"author":[{"embeddable":true,"href":"https:\/\/www.brundisium.net\/index.php\/wp-json\/wp\/v2\/users\/2"}],"replies":[{"embeddable":true,"href":"https:\/\/www.brundisium.net\/index.php\/wp-json\/wp\/v2\/comments?post=112085"}],"version-history":[{"count":1,"href":"https:\/\/www.brundisium.net\/index.php\/wp-json\/wp\/v2\/posts\/112085\/revisions"}],"predecessor-version":[{"id":112087,"href":"https:\/\/www.brundisium.net\/index.php\/wp-json\/wp\/v2\/posts\/112085\/revisions\/112087"}],"wp:featuredmedia":[{"embeddable":true,"href":"https:\/\/www.brundisium.net\/index.php\/wp-json\/wp\/v2\/media\/86956"}],"wp:attachment":[{"href":"https:\/\/www.brundisium.net\/index.php\/wp-json\/wp\/v2\/media?parent=112085"}],"wp:term":[{"taxonomy":"category","embeddable":true,"href":"https:\/\/www.brundisium.net\/index.php\/wp-json\/wp\/v2\/categories?post=112085"},{"taxonomy":"post_tag","embeddable":true,"href":"https:\/\/www.brundisium.net\/index.php\/wp-json\/wp\/v2\/tags?post=112085"}],"curies":[{"name":"wp","href":"https:\/\/api.w.org\/{rel}","templated":true}]}}