{"id":112131,"date":"2017-09-01T17:53:55","date_gmt":"2017-09-01T15:53:55","guid":{"rendered":"http:\/\/www.brundisium.net\/?p=112131"},"modified":"2017-09-01T16:19:44","modified_gmt":"2017-09-01T14:19:44","slug":"identita-a-sud-collettiva-darte-a-san-michele-salentino","status":"publish","type":"post","link":"https:\/\/www.brundisium.net\/index.php\/identita-a-sud-collettiva-darte-a-san-michele-salentino\/","title":{"rendered":"Identit\u00e0 a Sud: collettiva d&#8217;Arte a San Michele Salentino"},"content":{"rendered":"<p><a href=\"http:\/\/www.brundisium.net\/brun\/wp-content\/uploads\/2017\/09\/rosal.jpg\"><img loading=\"lazy\" decoding=\"async\" class=\"wp-image-112134 size-medium alignleft\" src=\"http:\/\/www.brundisium.net\/brun\/wp-content\/uploads\/2017\/09\/rosal-214x300.jpg\" alt=\"\" width=\"214\" height=\"300\" srcset=\"https:\/\/www.brundisium.net\/brun\/wp-content\/uploads\/2017\/09\/rosal-214x300.jpg 214w, https:\/\/www.brundisium.net\/brun\/wp-content\/uploads\/2017\/09\/rosal-768x1075.jpg 768w, https:\/\/www.brundisium.net\/brun\/wp-content\/uploads\/2017\/09\/rosal-731x1024.jpg 731w\" sizes=\"auto, (max-width: 214px) 100vw, 214px\" \/><\/a><br \/>\nSar\u00e0 inaugurata sabato 2 settembre, alle ore 21:00 presso la Pinacoteca \u201cS. Cavallo\u201d di San Michele Salentino, \u201cIdentit\u00e0 a Sud\u201d, collettiva d\u2019arte curata da Rosalia Fumarola e patrocinata dal Comune di San Michele Salentino. Espongono i seguenti artisti: Massimo Fedele, Denny Lupo, Antonella Miccoli,Franco Farina, Rita Gorgoni e la stessa Rosalia Fumarola raffinata artista che vive ed opera a San Michele Salentino. Il tema dell&#8217;identit\u00e0 \u00e8 al centro di questa collettiva di artisti che vivono e operano a Sud con l&#8217;intento di esortare i visitatori a riconoscere e riconsiderare nozioni e visioni di un territorio con un mezzo potentemente creativo e da sempre d&#8217;avanguardia: la pittura. Qualcuno la definisce &#8220;poesia muta&#8221;, ma solo perch\u00e9 la parola \u00e8 uno strumento &#8220;volgare&#8221; per gli addetti ai lavori. \u00abLasciamo che sia lo spettatore ad essere il ricercatore delle parole di cui ha bisogno, la pittura \u00e8 un tramite in questo caso; la bellezza non un obbligo, si presta per\u00f2 ad essere argomento di discussione prospettica.<\/p>\n<p>&nbsp;<\/p>\n<p>Chi siamo? perch\u00e9 siamo? Un luogo in un tempo che sembra fermo eppure si muove. Il tempo, la storia e le contraddizioni di un territorio aspro e dolce che genera mondi e modi di essere, carattere e temperamento, colori, sapori e dissapori\u00bb, spiega la curatrice Fumarola.<\/p>\n<p>&nbsp;<\/p>\n<p>In questo senso \u201cIdentit\u00e0 a Sud\u201d intende assumere un aspetto multiforme, aperto a contaminazioni ispirazioni che non hanno geografie precise, ma gli artisti daranno priorit\u00e0 all&#8217;identificazione del luogo d&#8217;origine cogliendone gli aspetti sensibili di un&#8217;identit\u00e0 necessaria per concepire, e perch\u00e9 no, una nuova e futura concezione di sud. \u201cIdentit\u00e0 a Sud\u201d rester\u00e0 aperta fino all&#8217;8 settembre dalle 18:00 alle 21:00.<br \/>\nIn occasione dell&#8217;inaugurazione la Mostra potr\u00e0 essere visitata fino alle ore 22:00.<\/p>\n","protected":false},"excerpt":{"rendered":"<p>Sar\u00e0 inaugurata sabato 2 settembre, alle ore 21:00 presso la Pinacoteca \u201cS. Cavallo\u201d di San Michele Salentino, \u201cIdentit\u00e0 a Sud\u201d, collettiva d\u2019arte curata da Rosalia Fumarola e patrocinata dal Comune di San Michele Salentino. Espongono i seguenti artisti: Massimo Fedele, Denny Lupo, Antonella Miccoli,Franco Farina, Rita Gorgoni e la stessa Rosalia Fumarola raffinata artista che vive ed opera a San Michele Salentino. Il tema dell&#8217;identit\u00e0 \u00e8 al centro di questa collettiva di artisti che vivono e operano a Sud con l&#8217;intento di esortare i visitatori a riconoscere e riconsiderare nozioni e visioni di un territorio con un mezzo potentemente creativo e da sempre d&#8217;avanguardia: la pittura. Qualcuno la definisce &#8220;poesia muta&#8221;, ma solo perch\u00e9 la parola \u00e8 uno strumento &#8220;volgare&#8221; per gli addetti ai lavori. \u00abLasciamo che sia lo spettatore ad essere il ricercatore delle parole di cui ha bisogno, la pittura \u00e8 un tramite in questo caso; la bellezza non un obbligo, si presta per\u00f2 ad essere argomento di discussione prospettica. &nbsp; Chi siamo? perch\u00e9 siamo? Un luogo in&#8230;<\/p>\n","protected":false},"author":2,"featured_media":112133,"comment_status":"open","ping_status":"closed","sticky":false,"template":"","format":"standard","meta":{"footnotes":""},"categories":[7],"tags":[4785,830],"class_list":["post-112131","post","type-post","status-publish","format-standard","has-post-thumbnail","hentry","category-news","tag-identita-a-sud","tag-san-michele-salentino"],"_links":{"self":[{"href":"https:\/\/www.brundisium.net\/index.php\/wp-json\/wp\/v2\/posts\/112131","targetHints":{"allow":["GET"]}}],"collection":[{"href":"https:\/\/www.brundisium.net\/index.php\/wp-json\/wp\/v2\/posts"}],"about":[{"href":"https:\/\/www.brundisium.net\/index.php\/wp-json\/wp\/v2\/types\/post"}],"author":[{"embeddable":true,"href":"https:\/\/www.brundisium.net\/index.php\/wp-json\/wp\/v2\/users\/2"}],"replies":[{"embeddable":true,"href":"https:\/\/www.brundisium.net\/index.php\/wp-json\/wp\/v2\/comments?post=112131"}],"version-history":[{"count":2,"href":"https:\/\/www.brundisium.net\/index.php\/wp-json\/wp\/v2\/posts\/112131\/revisions"}],"predecessor-version":[{"id":112161,"href":"https:\/\/www.brundisium.net\/index.php\/wp-json\/wp\/v2\/posts\/112131\/revisions\/112161"}],"wp:featuredmedia":[{"embeddable":true,"href":"https:\/\/www.brundisium.net\/index.php\/wp-json\/wp\/v2\/media\/112133"}],"wp:attachment":[{"href":"https:\/\/www.brundisium.net\/index.php\/wp-json\/wp\/v2\/media?parent=112131"}],"wp:term":[{"taxonomy":"category","embeddable":true,"href":"https:\/\/www.brundisium.net\/index.php\/wp-json\/wp\/v2\/categories?post=112131"},{"taxonomy":"post_tag","embeddable":true,"href":"https:\/\/www.brundisium.net\/index.php\/wp-json\/wp\/v2\/tags?post=112131"}],"curies":[{"name":"wp","href":"https:\/\/api.w.org\/{rel}","templated":true}]}}