{"id":112148,"date":"2017-09-01T19:07:11","date_gmt":"2017-09-01T17:07:11","guid":{"rendered":"http:\/\/www.brundisium.net\/?p=112148"},"modified":"2017-09-01T16:20:05","modified_gmt":"2017-09-01T14:20:05","slug":"ad-ostuni-il-festival-della-letteratura-di-viaggio","status":"publish","type":"post","link":"https:\/\/www.brundisium.net\/index.php\/ad-ostuni-il-festival-della-letteratura-di-viaggio\/","title":{"rendered":"Ad Ostuni il Festival della Letteratura di Viaggio"},"content":{"rendered":"<p><a href=\"http:\/\/www.brundisium.net\/brun\/wp-content\/uploads\/2017\/09\/Locandina-FLV-Ostuni-JPG.jpg\"><img loading=\"lazy\" decoding=\"async\" class=\"alignleft size-medium wp-image-112151\" src=\"http:\/\/www.brundisium.net\/brun\/wp-content\/uploads\/2017\/09\/Locandina-FLV-Ostuni-JPG-206x300.jpg\" alt=\"\" width=\"206\" height=\"300\" srcset=\"https:\/\/www.brundisium.net\/brun\/wp-content\/uploads\/2017\/09\/Locandina-FLV-Ostuni-JPG-206x300.jpg 206w, https:\/\/www.brundisium.net\/brun\/wp-content\/uploads\/2017\/09\/Locandina-FLV-Ostuni-JPG-768x1119.jpg 768w, https:\/\/www.brundisium.net\/brun\/wp-content\/uploads\/2017\/09\/Locandina-FLV-Ostuni-JPG-703x1024.jpg 703w\" sizes=\"auto, (max-width: 206px) 100vw, 206px\" \/><\/a>In occasione della sua X edizione, il Festival della Letteratura di Viaggio &#8211; nato a Roma nel 2008 e promosso da Societ\u00e0 Geografica Italiana, che nel 2017 celebra il 150\u00b0 anniversario della sua fondazione &#8211; si moltiplica in tre regioni diverse. Il Festival \u00e8 dedicato al racconto del mondo, di luoghi e culture (vicini e lontani), attraverso diverse forme di narrazione del viaggio: dalla letteratura alla geografia, dalla musica alla fotografia, dall\u2019antropologia al teatro, dalla filosofia al giornalismo e alla storia.<\/p>\n<p>La presidenza onoraria del Festival \u00e8 di Stefano Malatesta, la direzione artistica \u00e8 di Antonio Politano.<\/p>\n<p>&nbsp;<\/p>\n<p>Il Festival aprir\u00e0 a Ostuni (dall\u20198 al 10 settembre 2017), per proseguire poi a Benevento con l\u2019inaugurazione della mostra \u201cL\u2019Appia ritrovata. In cammino da Roma a Brindisi\u201d di Paolo Rumiz e compagni (dal 17 settembre 2017) e concludersi a Roma (dal 21 al 24 settembre 2017).<\/p>\n<p>&nbsp;<\/p>\n<p>Il Festival a Ostuni \u00e8 un Progetto Interregionale di eccellenza South Cultural Routes, realizzato con il sostegno del Ministero dei beni e delle attivit\u00e0 culturali e del turismo, della Regione Puglia e di Puglia Promozione, in collaborazione con il Comune di Ostuni, il Museo Civico e Parco Archeologico di Ostuni, il Parco Naturale Regionale Dune Costiere da Torre Canne a Torre San Leonardo, Confguide Confcommercio e Confcooperative Federcultura Turismo Sport Puglia.<\/p>\n<p>&nbsp;<\/p>\n<p>Il programma di Ostuni si articola in una ventina di appuntamenti: 6 incontri (dialoghi tra narratori di diverse tipologie), 3 tavoli (tra specialisti, amministratori e accademici), 1 mostra (di foto contemporanee e d\u2019epoca, mappe, libri), 1 laboratorio (di scrittura e fotografia in viaggio), 2 appuntamenti con l\u2019autore (alba con il fotografo e mezzanotte con lo storyteller), 3 passeggiate d\u2019autore (in compagnia di un archeologo, un fotografo, una guida).<\/p>\n<p>Lo \u201cscaffale del viaggio\u201d, con libri degli autori protagonisti degli incontri, \u00e8 a cura della Bottega del Libro di Ostuni.<\/p>\n<p>Tutte le attivit\u00e0 sono gratuite e aperte al pubblico, fino a esaurimento posti, mentre i laboratori e le passeggiate sono su<br \/>\nprenotazione.<\/p>\n<p>Gli incontri sono condotti da Giovanna Zucconi, giornalista e scrittrice.<\/p>\n<p>Umberto Galimberti, Valerio Massimo Manfredi, Valerio Magrelli, Franco Arminio e Raffaele Nigro sono solo alcuni degli ospiti che prenderanno parte alla manifestazione che si svolger\u00e0 nella Citt\u00e0 Bianca.<\/p>\n<p>&nbsp;<\/p>\n<p>Gli itinerari culturali sono il tema portante che attraversa il programma della manifestazione. Le vie, i percorsi e i cammini vengono narrati &#8211; attraverso il Festival &#8211; in una innovativa visione di sviluppo territoriale e paesaggistico, trasmettendo al pubblico una modalit\u00e0 partecipata dell\u2019esperienza del viaggio.<\/p>\n<p>&nbsp;<\/p>\n<p>Il programma completo e la cartella stampa sono scaricabili dal sito internet<br \/>\n<a href=\"http:\/\/www.festivaletteraturadiviaggio.it\"><strong>www.festivaletteraturadiviaggio.it<\/strong><\/a><br \/>\nFaceBook: festivaldellaletteraturadiviaggio<br \/>\nTwitter: @lettviaggio<\/p>\n","protected":false},"excerpt":{"rendered":"<p>In occasione della sua X edizione, il Festival della Letteratura di Viaggio &#8211; nato a Roma nel 2008 e promosso da Societ\u00e0 Geografica Italiana, che nel 2017 celebra il 150\u00b0 anniversario della sua fondazione &#8211; si moltiplica in tre regioni diverse. Il Festival \u00e8 dedicato al racconto del mondo, di luoghi e culture (vicini e lontani), attraverso diverse forme di narrazione del viaggio: dalla letteratura alla geografia, dalla musica alla fotografia, dall\u2019antropologia al teatro, dalla filosofia al giornalismo e alla storia. La presidenza onoraria del Festival \u00e8 di Stefano Malatesta, la direzione artistica \u00e8 di Antonio Politano. &nbsp; Il Festival aprir\u00e0 a Ostuni (dall\u20198 al 10 settembre 2017), per proseguire poi a Benevento con l\u2019inaugurazione della mostra \u201cL\u2019Appia ritrovata. In cammino da Roma a Brindisi\u201d di Paolo Rumiz e compagni (dal 17 settembre 2017) e concludersi a Roma (dal 21 al 24 settembre 2017). &nbsp; Il Festival a Ostuni \u00e8 un Progetto Interregionale di eccellenza South Cultural Routes, realizzato con il sostegno del Ministero dei beni e delle attivit\u00e0 culturali&#8230;<\/p>\n","protected":false},"author":2,"featured_media":112149,"comment_status":"open","ping_status":"closed","sticky":false,"template":"","format":"standard","meta":{"footnotes":""},"categories":[224,7],"tags":[4786,53],"class_list":["post-112148","post","type-post","status-publish","format-standard","has-post-thumbnail","hentry","category-libri","category-news","tag-festival-della-letteratura-di-viaggio","tag-ostuni"],"_links":{"self":[{"href":"https:\/\/www.brundisium.net\/index.php\/wp-json\/wp\/v2\/posts\/112148","targetHints":{"allow":["GET"]}}],"collection":[{"href":"https:\/\/www.brundisium.net\/index.php\/wp-json\/wp\/v2\/posts"}],"about":[{"href":"https:\/\/www.brundisium.net\/index.php\/wp-json\/wp\/v2\/types\/post"}],"author":[{"embeddable":true,"href":"https:\/\/www.brundisium.net\/index.php\/wp-json\/wp\/v2\/users\/2"}],"replies":[{"embeddable":true,"href":"https:\/\/www.brundisium.net\/index.php\/wp-json\/wp\/v2\/comments?post=112148"}],"version-history":[{"count":2,"href":"https:\/\/www.brundisium.net\/index.php\/wp-json\/wp\/v2\/posts\/112148\/revisions"}],"predecessor-version":[{"id":112152,"href":"https:\/\/www.brundisium.net\/index.php\/wp-json\/wp\/v2\/posts\/112148\/revisions\/112152"}],"wp:featuredmedia":[{"embeddable":true,"href":"https:\/\/www.brundisium.net\/index.php\/wp-json\/wp\/v2\/media\/112149"}],"wp:attachment":[{"href":"https:\/\/www.brundisium.net\/index.php\/wp-json\/wp\/v2\/media?parent=112148"}],"wp:term":[{"taxonomy":"category","embeddable":true,"href":"https:\/\/www.brundisium.net\/index.php\/wp-json\/wp\/v2\/categories?post=112148"},{"taxonomy":"post_tag","embeddable":true,"href":"https:\/\/www.brundisium.net\/index.php\/wp-json\/wp\/v2\/tags?post=112148"}],"curies":[{"name":"wp","href":"https:\/\/api.w.org\/{rel}","templated":true}]}}