{"id":112293,"date":"2017-09-04T19:44:49","date_gmt":"2017-09-04T17:44:49","guid":{"rendered":"http:\/\/www.brundisium.net\/?p=112293"},"modified":"2017-09-06T09:56:27","modified_gmt":"2017-09-06T07:56:27","slug":"la-sabbia-negli-occhi-del-francavillese-zizzo-alla-74-mostra-del-cinema-di-venezia","status":"publish","type":"post","link":"https:\/\/www.brundisium.net\/index.php\/la-sabbia-negli-occhi-del-francavillese-zizzo-alla-74-mostra-del-cinema-di-venezia\/","title":{"rendered":"La sabbia negli occhi del francavillese Zizzo alla 74^ mostra del cinema di Venezia"},"content":{"rendered":"<p>Sar\u00e0 presentato gioved\u00ec 7 settembre in conferenza stampa a Venezia, alle 11.00, nella cornice della 74a Mostra del Cinema, La sabbia negli occhi del francavillese Alessandro Zizzo con Valentina Corti e Adelmo Togliani. L\u2019incontro avr\u00e0 luogo presso lo Spazio della Regione Veneto all\u2019Hotel Excelsior (Lido di Venezia) alla presenza del regista e del cast e di Lucia Marotta (produttrice), Gregorio Mariggi\u00f2 (produttore esecutivo) e di Rebecca Basso (Distributore). La sabbia negli occhi \u00e8 il film, prodotto dalla A.N.I.Ma.S.S. (di cui Lucia Marotta \u00e8 la Presidente), per raccontare il dramma della Sindrome di Sj\u00f6gren, una malattia autoimmune che colpisce un numero sempre pi\u00f9 alto di persone nel mondo di cui 9 su 10 sono donne.<\/p>\n<p>&nbsp;<\/p>\n<p>Un film sulle donne, le donne che amano, le donne che soffrono, le donne che fuggono, le donne che resistono, le donne che, nonostante tutto, continuano a guardare in faccia il dolore, a sopportarlo a denti stretti, le donne che non smettono mai di combattere e di guardare verso il futuro, le donne che non chiedono mai aiuto ma che sono sempre pronte ad aiutarti, le donne che cadono e si rialzano e poi cadono ancora e si rialzano di nuovo\u2026<br \/>\nQuesto \u00e8 un film su quelle donne che un giorno scoprono di avere un amante invisibile, che ti entra dentro e inizia a scorrerti nelle vene, impedendoti di muoverti, di sorridere, di essere felice, un amante che ha un nome difficile da memorizzare: Sjogren, la malattia invisibile, ma pesante come un macigno che ti trascini dietro ogni giorno della tua vita.<\/p>\n<p>&nbsp;<\/p>\n<p>La regia e la sceneggiatura del lungometraggio \u00e8 stata affidata a Zizzo, ideatore e regista di tantissimi documentari, lungometraggi, spot. La produzione esecutiva \u00e8 stata curata da Gregorio Maggir\u00f2 per conto dell\u2019Associazione Southclan Arts. Il progetto cinematografico ha coinvolto due attori di fama nazionale: Adelmo Togliani e Valentina Corti. Adelmo Togliani, figlio del celeberrimo cantante Achille Togliani, \u00e8 un volto noto del cinema italiano: ha interpretato diverse produzioni televisive, ha partecipato a numerosi film e ha realizzato numerosi progetti teatrali. Valentina Corti \u00e8 attrice di successo in diverse produzioni televisive e cinematografiche.<br \/>\nIl lungometraggio sar\u00e0 presentato in diversi concorsi e mostre nazionali e internazionali; \u00e8 stato interamente girato nel territorio di Maruggio, in provincia di Taranto, valorizzando cos\u00ec le bellezze e le risorse del territorio locale.<\/p>\n<p>&nbsp;<\/p>\n<p>Lo scopo primario nel realizzare un lungometraggio sulla Sindrome di Sj\u00f6gren \u00e8 quello di sensibilizzare le donne e gli uomini sull\u2019esistenza di una malattia quasi sconosciuta ma che colpisce un\u2019altissima percentuale della popolazione femminile mondiale. L\u2019associazione nazionale A.N.I.Ma.S.S.Onlus \u00e8 un punto di riferimento per i pazienti, i familiari, paramedici e per tutti quelli che esprimono il loro interesse nei confronti della patologia: essa offre ai malati informazione, assistenza, consulenza psicologica e si batte per il riconoscimento di questa sindrome come malattia rara per poter godere delle esenzioni sanitarie. Nell\u2019ambito di questa iniziativa il linguaggio cinematografico \u00e8 particolarmente adatto ad affrontare una tematica cos\u00ec importante e di alto valore sociale. Il cinema permette di portare sullo schermo delle storie particolari che diventano storie universali, che appartengono a tutti. La sofferenza, le storie personali, il coraggio e la determinazione con cui tante donne combattono quotidianamente con le conseguenze della malattia vengono portate sullo schermo per essere conosciute, ma anche condivise e comprese.<\/p>\n<p>&nbsp;<\/p>\n<p>&nbsp;<\/p>\n<p><strong>Ufficio Stampa Studio alfa<\/strong><\/p>\n<p>&nbsp;<\/p>\n","protected":false},"excerpt":{"rendered":"<p>Sar\u00e0 presentato gioved\u00ec 7 settembre in conferenza stampa a Venezia, alle 11.00, nella cornice della 74a Mostra del Cinema, La sabbia negli occhi del francavillese Alessandro Zizzo con Valentina Corti e Adelmo Togliani. L\u2019incontro avr\u00e0 luogo presso lo Spazio della Regione Veneto all\u2019Hotel Excelsior (Lido di Venezia) alla presenza del regista e del cast e di Lucia Marotta (produttrice), Gregorio Mariggi\u00f2 (produttore esecutivo) e di Rebecca Basso (Distributore). La sabbia negli occhi \u00e8 il film, prodotto dalla A.N.I.Ma.S.S. (di cui Lucia Marotta \u00e8 la Presidente), per raccontare il dramma della Sindrome di Sj\u00f6gren, una malattia autoimmune che colpisce un numero sempre pi\u00f9 alto di persone nel mondo di cui 9 su 10 sono donne. &nbsp; Un film sulle donne, le donne che amano, le donne che soffrono, le donne che fuggono, le donne che resistono, le donne che, nonostante tutto, continuano a guardare in faccia il dolore, a sopportarlo a denti stretti, le donne che non smettono mai di combattere e di guardare verso il futuro, le donne che non&#8230;<\/p>\n","protected":false},"author":2,"featured_media":112294,"comment_status":"open","ping_status":"closed","sticky":false,"template":"","format":"standard","meta":{"footnotes":""},"categories":[7],"tags":[4813,4812],"class_list":["post-112293","post","type-post","status-publish","format-standard","has-post-thumbnail","hentry","category-news","tag-venezia","tag-zizzo"],"_links":{"self":[{"href":"https:\/\/www.brundisium.net\/index.php\/wp-json\/wp\/v2\/posts\/112293","targetHints":{"allow":["GET"]}}],"collection":[{"href":"https:\/\/www.brundisium.net\/index.php\/wp-json\/wp\/v2\/posts"}],"about":[{"href":"https:\/\/www.brundisium.net\/index.php\/wp-json\/wp\/v2\/types\/post"}],"author":[{"embeddable":true,"href":"https:\/\/www.brundisium.net\/index.php\/wp-json\/wp\/v2\/users\/2"}],"replies":[{"embeddable":true,"href":"https:\/\/www.brundisium.net\/index.php\/wp-json\/wp\/v2\/comments?post=112293"}],"version-history":[{"count":1,"href":"https:\/\/www.brundisium.net\/index.php\/wp-json\/wp\/v2\/posts\/112293\/revisions"}],"predecessor-version":[{"id":112295,"href":"https:\/\/www.brundisium.net\/index.php\/wp-json\/wp\/v2\/posts\/112293\/revisions\/112295"}],"wp:featuredmedia":[{"embeddable":true,"href":"https:\/\/www.brundisium.net\/index.php\/wp-json\/wp\/v2\/media\/112294"}],"wp:attachment":[{"href":"https:\/\/www.brundisium.net\/index.php\/wp-json\/wp\/v2\/media?parent=112293"}],"wp:term":[{"taxonomy":"category","embeddable":true,"href":"https:\/\/www.brundisium.net\/index.php\/wp-json\/wp\/v2\/categories?post=112293"},{"taxonomy":"post_tag","embeddable":true,"href":"https:\/\/www.brundisium.net\/index.php\/wp-json\/wp\/v2\/tags?post=112293"}],"curies":[{"name":"wp","href":"https:\/\/api.w.org\/{rel}","templated":true}]}}