{"id":112313,"date":"2017-09-05T09:18:32","date_gmt":"2017-09-05T07:18:32","guid":{"rendered":"http:\/\/www.brundisium.net\/?p=112313"},"modified":"2017-09-05T09:18:32","modified_gmt":"2017-09-05T07:18:32","slug":"il-liceo-fermi-monticelli-ai-mondiali-di-ritmica","status":"publish","type":"post","link":"https:\/\/www.brundisium.net\/index.php\/il-liceo-fermi-monticelli-ai-mondiali-di-ritmica\/","title":{"rendered":"Il Liceo Fermi-Monticelli ai Mondiali di Ritmica"},"content":{"rendered":"<p><a href=\"http:\/\/www.brundisium.net\/brun\/wp-content\/uploads\/2017\/09\/MONDIALI-DI-RITMICA-2.jpg\"><img loading=\"lazy\" decoding=\"async\" class=\"alignleft size-medium wp-image-112315\" src=\"http:\/\/www.brundisium.net\/brun\/wp-content\/uploads\/2017\/09\/MONDIALI-DI-RITMICA-2-300x225.jpg\" alt=\"\" width=\"300\" height=\"225\" srcset=\"https:\/\/www.brundisium.net\/brun\/wp-content\/uploads\/2017\/09\/MONDIALI-DI-RITMICA-2-300x225.jpg 300w, https:\/\/www.brundisium.net\/brun\/wp-content\/uploads\/2017\/09\/MONDIALI-DI-RITMICA-2-768x576.jpg 768w, https:\/\/www.brundisium.net\/brun\/wp-content\/uploads\/2017\/09\/MONDIALI-DI-RITMICA-2-1024x768.jpg 1024w, https:\/\/www.brundisium.net\/brun\/wp-content\/uploads\/2017\/09\/MONDIALI-DI-RITMICA-2.jpg 1600w\" sizes=\"auto, (max-width: 300px) 100vw, 300px\" \/><\/a>Si \u00e8 svolto per la prima volta in Italia, a Pesaro, dal 30 agosto al 3 settembre, il campionato Mondiale di ginnastica ritmica, che ha visto protagoniste le migliori atlete del panorama internazionale di questa specialit\u00e0, impegnate nelle competizioni individuali e di squadra.<\/p>\n<p>&nbsp;<\/p>\n<p>Il 2 e il 3 settembre alcune alunne del Liceo Scientifico Sportivo \u201cFermi-Monticelli\u201d di Brindisi, accompagnate dalla prof.ssa Angela Tar\u00ec, hanno avuto modo di assistere e partecipare a questo emozionante e formativo mix di sport, arte e cultura.<\/p>\n<p>&nbsp;<\/p>\n<p>L\u2019esperienza, realizzata grazie alla grande sinergia esistente con il Presidente regionale della FGI, dottor Lorenzo Cellamare, \u00e8 stata la naturale conclusione delle attivit\u00e0 svolte durante i moduli di discipline sportive ed \u00e8 stata sostenuta dalla Dirigente Scolastica prof.ssa Anna Maria Quarta e molto valorizzata dall\u2019attuale Dirigente, prof.ssa Stefania Metrangolo.<\/p>\n<p>&nbsp;<\/p>\n<p>Le alunne, che hanno definito l\u2019esperienza \u201cgrandiosa\u201d, hanno vissuto con entusiasmo e commozione tutti i momenti della gara, che si \u00e8 conclusa con il conseguimento del titolo mondiale dalla squadra delle farfalle azzurre all\u2019esercizio dei cinque cerchi.<\/p>\n<p>&nbsp;<\/p>\n<p>Cos\u00ec Marta ha commentato l\u2019evento: <em>\u00e8 stata un\u2019esperienza indimenticabile, il Palazzetto enorme e colmo di gente, di bandiere, di ginnaste, ex ginnaste, di bambini e allenatori, tutti uniti dall\u2019amore per questa magnifica specialit\u00e0. Amo questo sport perch\u00e9 mi ha fatto capire che le cose belle vanno guadagnate con sacrificio, ma vederle realizzate \u00e8 poi la ricompensa migliore, proprio come \u00e8 avvenuto per la squadra italiana. Per Alice invece la partecipazione ai Mondiali \u00e8 stato un evento atteso, sognato e vissuto al 1000%. L\u2019emozione \u00e8 stata immediatamente grande, il pubblico immenso, la giuria, i fiori, il podio e le bandiere dei Paesi di tutto il mondo. Vedere poi l\u2019Italia salire sul podio e cantare l\u2019inno in un\u2019atmosfera gioiosa \u00e8 stata davvero un\u2019esperienza unica, che rifarei immediatamente. Martina infine, ritiene che sia stata la realizzazione di un sogno che le ha consentito di conoscere meglio una specialit\u00e0, ma soprattutto di relazionarsi con il resto del mondo. La vittoria delle nostre farfalle \u00e8 stata la ciliegia su una torta deliziosa, che ha reso quest\u2019avventura ancora pi\u00f9 emozionante e sorprendente. Io e le mie compagne siamo state felici di portare il nome della nostra scuola in una situazione cos\u00ec nuova e speciale: i trentacinquesimi campionati mondiali e per la prima volta in Italia!<\/em><\/p>\n","protected":false},"excerpt":{"rendered":"<p>Si \u00e8 svolto per la prima volta in Italia, a Pesaro, dal 30 agosto al 3 settembre, il campionato Mondiale di ginnastica ritmica, che ha visto protagoniste le migliori atlete del panorama internazionale di questa specialit\u00e0, impegnate nelle competizioni individuali e di squadra. &nbsp; Il 2 e il 3 settembre alcune alunne del Liceo Scientifico Sportivo \u201cFermi-Monticelli\u201d di Brindisi, accompagnate dalla prof.ssa Angela Tar\u00ec, hanno avuto modo di assistere e partecipare a questo emozionante e formativo mix di sport, arte e cultura. &nbsp; L\u2019esperienza, realizzata grazie alla grande sinergia esistente con il Presidente regionale della FGI, dottor Lorenzo Cellamare, \u00e8 stata la naturale conclusione delle attivit\u00e0 svolte durante i moduli di discipline sportive ed \u00e8 stata sostenuta dalla Dirigente Scolastica prof.ssa Anna Maria Quarta e molto valorizzata dall\u2019attuale Dirigente, prof.ssa Stefania Metrangolo. &nbsp; Le alunne, che hanno definito l\u2019esperienza \u201cgrandiosa\u201d, hanno vissuto con entusiasmo e commozione tutti i momenti della gara, che si \u00e8 conclusa con il conseguimento del titolo mondiale dalla squadra delle farfalle azzurre all\u2019esercizio dei cinque cerchi&#8230;.<\/p>\n","protected":false},"author":2,"featured_media":112316,"comment_status":"open","ping_status":"closed","sticky":false,"template":"","format":"standard","meta":{"footnotes":""},"categories":[8],"tags":[4806],"class_list":["post-112313","post","type-post","status-publish","format-standard","has-post-thumbnail","hentry","category-sport","tag-fermi-monticelli"],"_links":{"self":[{"href":"https:\/\/www.brundisium.net\/index.php\/wp-json\/wp\/v2\/posts\/112313","targetHints":{"allow":["GET"]}}],"collection":[{"href":"https:\/\/www.brundisium.net\/index.php\/wp-json\/wp\/v2\/posts"}],"about":[{"href":"https:\/\/www.brundisium.net\/index.php\/wp-json\/wp\/v2\/types\/post"}],"author":[{"embeddable":true,"href":"https:\/\/www.brundisium.net\/index.php\/wp-json\/wp\/v2\/users\/2"}],"replies":[{"embeddable":true,"href":"https:\/\/www.brundisium.net\/index.php\/wp-json\/wp\/v2\/comments?post=112313"}],"version-history":[{"count":1,"href":"https:\/\/www.brundisium.net\/index.php\/wp-json\/wp\/v2\/posts\/112313\/revisions"}],"predecessor-version":[{"id":112317,"href":"https:\/\/www.brundisium.net\/index.php\/wp-json\/wp\/v2\/posts\/112313\/revisions\/112317"}],"wp:featuredmedia":[{"embeddable":true,"href":"https:\/\/www.brundisium.net\/index.php\/wp-json\/wp\/v2\/media\/112316"}],"wp:attachment":[{"href":"https:\/\/www.brundisium.net\/index.php\/wp-json\/wp\/v2\/media?parent=112313"}],"wp:term":[{"taxonomy":"category","embeddable":true,"href":"https:\/\/www.brundisium.net\/index.php\/wp-json\/wp\/v2\/categories?post=112313"},{"taxonomy":"post_tag","embeddable":true,"href":"https:\/\/www.brundisium.net\/index.php\/wp-json\/wp\/v2\/tags?post=112313"}],"curies":[{"name":"wp","href":"https:\/\/api.w.org\/{rel}","templated":true}]}}