{"id":112472,"date":"2017-09-06T18:53:56","date_gmt":"2017-09-06T16:53:56","guid":{"rendered":"http:\/\/www.brundisium.net\/?p=112472"},"modified":"2017-09-08T11:15:06","modified_gmt":"2017-09-08T09:15:06","slug":"lasl-di-brindisi-al-forum-mediterraneo-in-sanita","status":"publish","type":"post","link":"https:\/\/www.brundisium.net\/index.php\/lasl-di-brindisi-al-forum-mediterraneo-in-sanita\/","title":{"rendered":"L&#8217;Asl di Brindisi al Forum Mediterraneo in Sanit\u00e0"},"content":{"rendered":"<p>Il 12 e il 13 settembre presso la Fiera del Levante di Bari si terr\u00e0 il Forum Mediterraneo in Sanit\u00e0 &#8220;Innovazione e sostenibilit\u00e0 delle cure: le proposte da SUD&#8221; organizzato dall&#8217;AReSS Puglia con un programma ricco di eventi.<\/p>\n<p>&nbsp;<\/p>\n<p>Il ricco programma delle due giornate propone diversi incontri con l\u2019obiettivo di esplorare temi di interesse per tutti gli operatori sanitari e i cittadini che intendono conoscere la trasformazione in atto nel contesto sanitario pubblico. Gli eventi vedono la partecipazione diretta e attiva di tutti i protagonisti della sanit\u00e0 regionale.<\/p>\n<p>&nbsp;<\/p>\n<p>La \u201cpersona\u201d sar\u00e0 al centro del primo evento di apertura del 12 settembre con la presentazione dei risultati di due diversi progetti sul clima organizzativo e l\u2019umanizzazione delle cure. Nella stessa giornata si affronter\u00e0 il tema della sostenibilit\u00e0 del sistema sanitario, in rapporto ai nuovi Lea (livelli essenziali di assistenza) e con la partecipazione attiva di tutti i rappresentanti del Sud d\u2019Italia.<\/p>\n<p>&nbsp;<\/p>\n<p>L\u2019innovazione di prodotti e di processi sar\u00e0 al centro di altri tavoli di confronto riservati alla gestione della sicurezza, all\u2019acquisto e alla gestione di servizi biomedicali ma anche all\u2019utilizzo dei fondi europei che possono essere utili a sostenere le idee pi\u00f9 innovative.<\/p>\n<p>&nbsp;<\/p>\n<p>Ampio spazio sar\u00e0 riservato all\u2019applicazione delle tecniche di Lean management nella gestione del sistema sanitario che puntano sulla capacit\u00e0 degli operatori di innovare il servizio offerto: il progetto di formazione e applicazione avviato in Puglia sar\u00e0 messo a confronto con le pi\u00f9 significative e esperienze nazionali.<\/p>\n<p>&nbsp;<\/p>\n<p>Il futuro degli ospedali sar\u00e0 il punto cardine di un altro importante appuntamento che mira a generare confronto sulle recenti disposizioni ministeriali e sui piani di rientro ospedalieri, da considerare non solo come vincolo ma anche come opportunit\u00e0 per il management.<\/p>\n<p>&nbsp;<\/p>\n<p>Sar\u00e0 affrontato il tema della gestione della cronicit\u00e0 e della presa in carico del paziente. Sulla domiciliarit\u00e0 delle cure, inoltre, si tratter\u00e0 nel dettaglio l\u2019applicazione della telemedicina. Questo tema, che sar\u00e0 discusso nel pomeriggio del 13 settembre alle ore 15.00, vede protagonista la nostra ASL insieme a quella di Lecce e al Policlinico di Bari, in partnership con Assobiomedica.<\/p>\n<p>&nbsp;<\/p>\n<p>La partecipazione all&#8217;evento \u00e8 gratuita: \u00e8 richiesto l&#8217;acquisto del biglietto della Fiera del Levante (3 euro). Sono previsti 2,7 crediti ECM per giornata per tutte le professioni sanitarie.<br \/>\nPer iscriversi:<br \/>\nhttp:\/\/www.forumriskmanagement.it\/index.php\/iscrizioni-forum-mediterraneo-2017<\/p>\n<p>&nbsp;<\/p>\n<p>&nbsp;<\/p>\n<p>UFFICIO STAMPA ASL BR<\/p>\n","protected":false},"excerpt":{"rendered":"<p>Il 12 e il 13 settembre presso la Fiera del Levante di Bari si terr\u00e0 il Forum Mediterraneo in Sanit\u00e0 &#8220;Innovazione e sostenibilit\u00e0 delle cure: le proposte da SUD&#8221; organizzato dall&#8217;AReSS Puglia con un programma ricco di eventi. &nbsp; Il ricco programma delle due giornate propone diversi incontri con l\u2019obiettivo di esplorare temi di interesse per tutti gli operatori sanitari e i cittadini che intendono conoscere la trasformazione in atto nel contesto sanitario pubblico. Gli eventi vedono la partecipazione diretta e attiva di tutti i protagonisti della sanit\u00e0 regionale. &nbsp; La \u201cpersona\u201d sar\u00e0 al centro del primo evento di apertura del 12 settembre con la presentazione dei risultati di due diversi progetti sul clima organizzativo e l\u2019umanizzazione delle cure. Nella stessa giornata si affronter\u00e0 il tema della sostenibilit\u00e0 del sistema sanitario, in rapporto ai nuovi Lea (livelli essenziali di assistenza) e con la partecipazione attiva di tutti i rappresentanti del Sud d\u2019Italia. &nbsp; L\u2019innovazione di prodotti e di processi sar\u00e0 al centro di altri tavoli di confronto riservati alla gestione&#8230;<\/p>\n","protected":false},"author":2,"featured_media":74997,"comment_status":"open","ping_status":"closed","sticky":false,"template":"","format":"standard","meta":{"footnotes":""},"categories":[7],"tags":[778],"class_list":["post-112472","post","type-post","status-publish","format-standard","has-post-thumbnail","hentry","category-news","tag-asl-brindisi"],"_links":{"self":[{"href":"https:\/\/www.brundisium.net\/index.php\/wp-json\/wp\/v2\/posts\/112472","targetHints":{"allow":["GET"]}}],"collection":[{"href":"https:\/\/www.brundisium.net\/index.php\/wp-json\/wp\/v2\/posts"}],"about":[{"href":"https:\/\/www.brundisium.net\/index.php\/wp-json\/wp\/v2\/types\/post"}],"author":[{"embeddable":true,"href":"https:\/\/www.brundisium.net\/index.php\/wp-json\/wp\/v2\/users\/2"}],"replies":[{"embeddable":true,"href":"https:\/\/www.brundisium.net\/index.php\/wp-json\/wp\/v2\/comments?post=112472"}],"version-history":[{"count":1,"href":"https:\/\/www.brundisium.net\/index.php\/wp-json\/wp\/v2\/posts\/112472\/revisions"}],"predecessor-version":[{"id":112474,"href":"https:\/\/www.brundisium.net\/index.php\/wp-json\/wp\/v2\/posts\/112472\/revisions\/112474"}],"wp:featuredmedia":[{"embeddable":true,"href":"https:\/\/www.brundisium.net\/index.php\/wp-json\/wp\/v2\/media\/74997"}],"wp:attachment":[{"href":"https:\/\/www.brundisium.net\/index.php\/wp-json\/wp\/v2\/media?parent=112472"}],"wp:term":[{"taxonomy":"category","embeddable":true,"href":"https:\/\/www.brundisium.net\/index.php\/wp-json\/wp\/v2\/categories?post=112472"},{"taxonomy":"post_tag","embeddable":true,"href":"https:\/\/www.brundisium.net\/index.php\/wp-json\/wp\/v2\/tags?post=112472"}],"curies":[{"name":"wp","href":"https:\/\/api.w.org\/{rel}","templated":true}]}}