{"id":112507,"date":"2017-09-07T13:00:05","date_gmt":"2017-09-07T11:00:05","guid":{"rendered":"http:\/\/www.brundisium.net\/?p=112507"},"modified":"2017-09-08T11:10:55","modified_gmt":"2017-09-08T09:10:55","slug":"tutto-pronto-a-brindisi-per-le-due-tappe-dei-campionati-regionali-di-classe-laser-e-optimist","status":"publish","type":"post","link":"https:\/\/www.brundisium.net\/index.php\/tutto-pronto-a-brindisi-per-le-due-tappe-dei-campionati-regionali-di-classe-laser-e-optimist\/","title":{"rendered":"Tutto pronto a Brindisi per le due tappe dei campionati regionali di classe laser e optimist"},"content":{"rendered":"<p>Riprende con due tappe di campionato regionale delle classi Laser e Optimist, con i corsi base e con gli allenamenti delle squadre agonistiche l\u2019attivit\u00e0 del Circolo della Vela Brindisi. Dopo una pausa di poche settimane ad agosto, da luned\u00ec 4 settembre infatti nella base nautica del circolo al Marina di Brindisi sono ricominciate nei giorni dispari (luned\u00ec, mercoled\u00ec e venerd\u00ec) le sedute di teoria e le uscite in acqua della scuola vela, con i ragazzi che hanno frequentato a giugno e luglio le \u201cSettimane Blu\u201d, e nei giorni pari il lavoro del Laser Sailing Team e del gruppo Optimist.<\/p>\n<p>&nbsp;<\/p>\n<p><strong>Le due regate di classe Laser e Optimist<\/strong><br \/>\n<a href=\"http:\/\/www.brundisium.net\/brun\/wp-content\/uploads\/2017\/09\/Laser-alla-spiaggia-della-Polizia-di-Stato.jpg\"><img loading=\"lazy\" decoding=\"async\" class=\"alignleft size-medium wp-image-112518\" src=\"http:\/\/www.brundisium.net\/brun\/wp-content\/uploads\/2017\/09\/Laser-alla-spiaggia-della-Polizia-di-Stato-300x225.jpg\" alt=\"\" width=\"300\" height=\"225\" srcset=\"https:\/\/www.brundisium.net\/brun\/wp-content\/uploads\/2017\/09\/Laser-alla-spiaggia-della-Polizia-di-Stato-300x225.jpg 300w, https:\/\/www.brundisium.net\/brun\/wp-content\/uploads\/2017\/09\/Laser-alla-spiaggia-della-Polizia-di-Stato-768x576.jpg 768w, https:\/\/www.brundisium.net\/brun\/wp-content\/uploads\/2017\/09\/Laser-alla-spiaggia-della-Polizia-di-Stato.jpg 1024w\" sizes=\"auto, (max-width: 300px) 100vw, 300px\" \/><br \/>\n<\/a>Attenzione del circolo, degli istruttori e degli allievi concentrata, nell\u2019immediato, sugli appuntamenti con il Campionato zonale di Classe Laser, in programma domenica 10 settembre, e con quello di Classe Optimist domenica 17 settembre. Entrambe le tappe di questi circuiti saranno ospitate dalla spiaggia della Polizia di Stato, gentilmente concessa dal questore Maurizio Masciopinto, che gli organizzatori ringraziano per la disponibilit\u00e0, grazie alla quale sar\u00e0 possibile come negli altri anni utilizzare questa struttura per il raduno delle squadre che giungeranno da tutta la Puglia con barche al seguito, e per tutte le operazioni logistiche delle regate, che si svolgeranno nelle acque antistanti.<br \/>\nSi ricorda che, per entrambi gli eventi, la capitaneria di Porto di Brindisi emetter\u00e0 apposite ordinanze di interdizione della navigazione nell\u2019area del campo di regata, la cui ubicazione ed estensione sar\u00e0 appositamente indicata nelle stesse ordinanze (e segnalata dalle boe), onde evitare ogni potenziale rischio per gli atleti impegnati in acqua. Pertanto il Circolo della Vela chiede a tutti coloro che prenderanno il mare il 10 e il 17 settembre per diporto o attivit\u00e0 professionali di rispettare tali disposizioni con spirito di collaborazione e responsabilit\u00e0.<\/p>\n<p>&nbsp;<\/p>\n<p><strong>La scuola vela<\/strong><br \/>\n<a href=\"http:\/\/www.brundisium.net\/brun\/wp-content\/uploads\/2017\/09\/Un-raduno-Optimist-a-Brindisi.jpg\"><img loading=\"lazy\" decoding=\"async\" class=\"alignleft size-medium wp-image-112520\" src=\"http:\/\/www.brundisium.net\/brun\/wp-content\/uploads\/2017\/09\/Un-raduno-Optimist-a-Brindisi-300x200.jpg\" alt=\"\" width=\"300\" height=\"200\" srcset=\"https:\/\/www.brundisium.net\/brun\/wp-content\/uploads\/2017\/09\/Un-raduno-Optimist-a-Brindisi-300x200.jpg 300w, https:\/\/www.brundisium.net\/brun\/wp-content\/uploads\/2017\/09\/Un-raduno-Optimist-a-Brindisi-768x511.jpg 768w, https:\/\/www.brundisium.net\/brun\/wp-content\/uploads\/2017\/09\/Un-raduno-Optimist-a-Brindisi.jpg 1024w\" sizes=\"auto, (max-width: 300px) 100vw, 300px\" \/><br \/>\n<\/a>Le attivit\u00e0 della scuola vela riavviate come gi\u00e0 detto il 4 settembre, si protrarranno per tutto il corso dell\u2019anno, con la flotta di Laser e Optimist del circolo e con gli istruttori federali del CV Brindisi. Per i mesi autunnali-invernali l\u2019attrezzatura individuale prevede apposite mute e calzari reperibili anche a Brindisi a costi contenuti. Gli svolgimenti operativi delle sedute sono stabiliti di volta in volta dagli stessi istruttori, in base alle condizioni meteo, e comunque secondo gli standard di massima sicurezza applicati dal Circolo della Vela Brindisi.<br \/>\nLe uscite in barca avvengono nello specchio d\u2019acqua chiuso compreso tra il porticciolo turistico e il Castello Alfonsino, seguite direttamente dagli istruttori a bordo di gommoni e si svolgono nel pomeriggio dalle ore 15 sempre nei giorni dispari della settimana. Per informazioni: Circolo della Vela Brindisi Via Dardanelli 2 (porticciolo turistico)72100 Brindisi, telefono e fax 0831 411479, mobile 329 6256611, segreteria info@circolovelabrindisi.it, responsabile istruttori Mauro De Felice 349 4920012.<br \/>\nMa anche in piena estate il CV Brindisi \u00e8 stato presente ad un importante appuntamento agonistico, a Crotone per le regate del Campionato Nazionale Giovanile di Classe Laser, con Alessandro Castriota nel Laser Radial e Angelo La Barbera nel Laser 4.7, entrambi in gara nelle finali golden. Mentre a ottobre \u00e8 prevista nuovamente la partecipazione al circuito di regate per la qualificazione alla finale nazionale per equipaggi di circolo del campionato della Lega Italiana Vela.<\/p>\n<p>&nbsp;<\/p>\n<p><strong>IL CIRCOLO DELLA VELA BRINDISI<\/strong><br \/>\n<strong>\u00a0<\/strong><\/p>\n","protected":false},"excerpt":{"rendered":"<p>Riprende con due tappe di campionato regionale delle classi Laser e Optimist, con i corsi base e con gli allenamenti delle squadre agonistiche l\u2019attivit\u00e0 del Circolo della Vela Brindisi. Dopo una pausa di poche settimane ad agosto, da luned\u00ec 4 settembre infatti nella base nautica del circolo al Marina di Brindisi sono ricominciate nei giorni dispari (luned\u00ec, mercoled\u00ec e venerd\u00ec) le sedute di teoria e le uscite in acqua della scuola vela, con i ragazzi che hanno frequentato a giugno e luglio le \u201cSettimane Blu\u201d, e nei giorni pari il lavoro del Laser Sailing Team e del gruppo Optimist. &nbsp; Le due regate di classe Laser e Optimist Attenzione del circolo, degli istruttori e degli allievi concentrata, nell\u2019immediato, sugli appuntamenti con il Campionato zonale di Classe Laser, in programma domenica 10 settembre, e con quello di Classe Optimist domenica 17 settembre. Entrambe le tappe di questi circuiti saranno ospitate dalla spiaggia della Polizia di Stato, gentilmente concessa dal questore Maurizio Masciopinto, che gli organizzatori ringraziano per la disponibilit\u00e0, grazie alla&#8230;<\/p>\n","protected":false},"author":2,"featured_media":112519,"comment_status":"open","ping_status":"closed","sticky":false,"template":"","format":"standard","meta":{"footnotes":""},"categories":[1232],"tags":[33,2594],"class_list":["post-112507","post","type-post","status-publish","format-standard","has-post-thumbnail","hentry","category-vela","tag-brindisi","tag-vela-2"],"_links":{"self":[{"href":"https:\/\/www.brundisium.net\/index.php\/wp-json\/wp\/v2\/posts\/112507","targetHints":{"allow":["GET"]}}],"collection":[{"href":"https:\/\/www.brundisium.net\/index.php\/wp-json\/wp\/v2\/posts"}],"about":[{"href":"https:\/\/www.brundisium.net\/index.php\/wp-json\/wp\/v2\/types\/post"}],"author":[{"embeddable":true,"href":"https:\/\/www.brundisium.net\/index.php\/wp-json\/wp\/v2\/users\/2"}],"replies":[{"embeddable":true,"href":"https:\/\/www.brundisium.net\/index.php\/wp-json\/wp\/v2\/comments?post=112507"}],"version-history":[{"count":1,"href":"https:\/\/www.brundisium.net\/index.php\/wp-json\/wp\/v2\/posts\/112507\/revisions"}],"predecessor-version":[{"id":112521,"href":"https:\/\/www.brundisium.net\/index.php\/wp-json\/wp\/v2\/posts\/112507\/revisions\/112521"}],"wp:featuredmedia":[{"embeddable":true,"href":"https:\/\/www.brundisium.net\/index.php\/wp-json\/wp\/v2\/media\/112519"}],"wp:attachment":[{"href":"https:\/\/www.brundisium.net\/index.php\/wp-json\/wp\/v2\/media?parent=112507"}],"wp:term":[{"taxonomy":"category","embeddable":true,"href":"https:\/\/www.brundisium.net\/index.php\/wp-json\/wp\/v2\/categories?post=112507"},{"taxonomy":"post_tag","embeddable":true,"href":"https:\/\/www.brundisium.net\/index.php\/wp-json\/wp\/v2\/tags?post=112507"}],"curies":[{"name":"wp","href":"https:\/\/api.w.org\/{rel}","templated":true}]}}