{"id":112660,"date":"2017-09-08T18:36:57","date_gmt":"2017-09-08T16:36:57","guid":{"rendered":"http:\/\/www.brundisium.net\/?p=112660"},"modified":"2017-09-08T18:36:57","modified_gmt":"2017-09-08T16:36:57","slug":"sprar-a-san-vito-conte-polemiche-alimentate-ad-arte-facciamo-chiarezza","status":"publish","type":"post","link":"https:\/\/www.brundisium.net\/index.php\/sprar-a-san-vito-conte-polemiche-alimentate-ad-arte-facciamo-chiarezza\/","title":{"rendered":"Sprar a San Vito, Conte: &#8220;polemiche alimentate ad arte: facciamo chiarezza&#8221;"},"content":{"rendered":"<p>&#8220;Le continue polemiche sulla questione immigrati a San Vito dei Normanni, molte delle quali artatamente alimentate, impongono l\u2019ennesima precisazione dell\u2019Amministrazione che dirigo, con l\u2019obiettivo di far comprendere meglio, a chi lo vorr\u00e0, il senso delle iniziative sin qui adottate.<br \/>\nInnanzi tutto va precisato che a seguito degli accordi ANCI-Ministero dell\u2019interno al nostro Comune \u00e8 stata assegnata la quota massima di 68 immigrati con lo status riconosciuto di richiedenti asilo o rifugiati. L\u2019Amministrazione Comunale, informando puntualmente tutto il Consiglio Comunale attraverso lo strumento della conferenza dei capigruppo, PROPRIO PER SCONGIURARE L\u2019APERTURA DI CAS ed evitare l\u2019arrivo di un numero MOLTO pi\u00f9 elevato di immigrati, ha definito l\u2019apertura di uno SPRAR proponendo con pubblico bando una manifestazione d\u2019interesse verso i cittadini sanvitesi affinch\u00e9 venissero concessi in fitto alcuni appartamenti, pagati dal Ministero dell\u2019interno, per ospitare un primo nucleo di immigrati di circa 30 persone.<br \/>\nA beneficio di quanti credono di speculare sul tema, ricordiamo che gli SPRAR (Sistema di protezione per richiedenti asilo e rifugiati) garantiscono la cosiddetta \u201cseconda accoglienza\u201d, favorendo l&#8217;integrazione delle persone GI\u00c0 TITOLARI DI PROTEZIONE INTERNAZIONALE, mentre i CAS (Centri di accoglienza straordinaria) ospitano tutti i RICHIEDENTI ASILO giunti nel nostro paese e in attesa di definizione del loro status.<br \/>\nVa altres\u00ec ricordato che i CAS sono gestiti da privati che partecipano a bandi delle Prefetture e che nulla possono opporre i Sindaci a fronte di tali assegnazioni.<br \/>\nPare quindi del tutto evidente che in presenza di un centro SPRAR, NESSUN CAS sarebbe mai stato aperto sul nostro territorio.<br \/>\nPer questi motivi e per escludere l\u2019ipotesi di apertura di altri centri CAS nel Comune di San Vito dei Normanni l\u2019Amministrazione ha riproposto il bando pubblicato gi\u00e0 ad aprile scorso ed andato deserto.<br \/>\nAuspico quindi che in questa occasione ci sia una maggiore consapevolezza e partecipazione da parte dei cittadini, invitando tutti a prendere visione del bando e dei termini in esso riportati.<br \/>\nA chi crede di poter portare avanti una campagna di diffamazione diffondendo messaggi sbagliati e fuorvianti, diciamo che questa Amministrazione \u00e8 molto attenta a svolgere il proprio ruolo nell\u2019interesse della comunit\u00e0 sanvitese, consapevole di trovarsi davanti a diversi problemi, tra i quali la gestione dell\u2019emergenza immigrati che riguarder\u00e0 purtroppo anche per il futuro la nostra nazione. Proprio nella salvaguardia dell\u2019interesse dei nostri concittadini che intendiamo attrezzarci in tempo, per essere in grado di dare risposte, politiche e organizzative, puntuali e sostenibili il tutto senza dimenticare i sentimenti di umanit\u00e0 e solidariet\u00e0 che caratterizzano questa comunit\u00e0 verso chiunque, sia esso italiano, sanvitese o immigrato.<\/p>\n<p>&#8212; <\/p>\n<p>Nota del Sindaco di San Vito dei Normanni, Domenico Conte<\/p>\n","protected":false},"excerpt":{"rendered":"<p>&#8220;Le continue polemiche sulla questione immigrati a San Vito dei Normanni, molte delle quali artatamente alimentate, impongono l\u2019ennesima precisazione dell\u2019Amministrazione che dirigo, con l\u2019obiettivo di far comprendere meglio, a chi lo vorr\u00e0, il senso delle iniziative sin qui adottate. Innanzi tutto va precisato che a seguito degli accordi ANCI-Ministero dell\u2019interno al nostro Comune \u00e8 stata assegnata la quota massima di 68 immigrati con lo status riconosciuto di richiedenti asilo o rifugiati. L\u2019Amministrazione Comunale, informando puntualmente tutto il Consiglio Comunale attraverso lo strumento della conferenza dei capigruppo, PROPRIO PER SCONGIURARE L\u2019APERTURA DI CAS ed evitare l\u2019arrivo di un numero MOLTO pi\u00f9 elevato di immigrati, ha definito l\u2019apertura di uno SPRAR proponendo con pubblico bando una manifestazione d\u2019interesse verso i cittadini sanvitesi affinch\u00e9 venissero concessi in fitto alcuni appartamenti, pagati dal Ministero dell\u2019interno, per ospitare un primo nucleo di immigrati di circa 30 persone. A beneficio di quanti credono di speculare sul tema, ricordiamo che gli SPRAR (Sistema di protezione per richiedenti asilo e rifugiati) garantiscono la cosiddetta \u201cseconda accoglienza\u201d, favorendo l&#8217;integrazione&#8230;<\/p>\n","protected":false},"author":2,"featured_media":34200,"comment_status":"open","ping_status":"closed","sticky":false,"template":"","format":"standard","meta":{"footnotes":""},"categories":[7],"tags":[3027,4829],"class_list":["post-112660","post","type-post","status-publish","format-standard","has-post-thumbnail","hentry","category-news","tag-conte","tag-sprar-san-vito"],"_links":{"self":[{"href":"https:\/\/www.brundisium.net\/index.php\/wp-json\/wp\/v2\/posts\/112660","targetHints":{"allow":["GET"]}}],"collection":[{"href":"https:\/\/www.brundisium.net\/index.php\/wp-json\/wp\/v2\/posts"}],"about":[{"href":"https:\/\/www.brundisium.net\/index.php\/wp-json\/wp\/v2\/types\/post"}],"author":[{"embeddable":true,"href":"https:\/\/www.brundisium.net\/index.php\/wp-json\/wp\/v2\/users\/2"}],"replies":[{"embeddable":true,"href":"https:\/\/www.brundisium.net\/index.php\/wp-json\/wp\/v2\/comments?post=112660"}],"version-history":[{"count":1,"href":"https:\/\/www.brundisium.net\/index.php\/wp-json\/wp\/v2\/posts\/112660\/revisions"}],"predecessor-version":[{"id":112662,"href":"https:\/\/www.brundisium.net\/index.php\/wp-json\/wp\/v2\/posts\/112660\/revisions\/112662"}],"wp:featuredmedia":[{"embeddable":true,"href":"https:\/\/www.brundisium.net\/index.php\/wp-json\/wp\/v2\/media\/34200"}],"wp:attachment":[{"href":"https:\/\/www.brundisium.net\/index.php\/wp-json\/wp\/v2\/media?parent=112660"}],"wp:term":[{"taxonomy":"category","embeddable":true,"href":"https:\/\/www.brundisium.net\/index.php\/wp-json\/wp\/v2\/categories?post=112660"},{"taxonomy":"post_tag","embeddable":true,"href":"https:\/\/www.brundisium.net\/index.php\/wp-json\/wp\/v2\/tags?post=112660"}],"curies":[{"name":"wp","href":"https:\/\/api.w.org\/{rel}","templated":true}]}}