{"id":112855,"date":"2017-09-11T16:39:37","date_gmt":"2017-09-11T14:39:37","guid":{"rendered":"http:\/\/www.brundisium.net\/?p=112855"},"modified":"2017-09-12T07:27:41","modified_gmt":"2017-09-12T05:27:41","slug":"a-fasano-una-serata-in-ricordo-di-angelo-lombardi-lamico-degli-animali-che-condusse-in-rai-la-trasmissione-omonima","status":"publish","type":"post","link":"https:\/\/www.brundisium.net\/index.php\/a-fasano-una-serata-in-ricordo-di-angelo-lombardi-lamico-degli-animali-che-condusse-in-rai-la-trasmissione-omonima\/","title":{"rendered":"A Fasano una Serata in ricordo di Angelo Lombardi, \u201cl\u2019amico degli animali\u201d che condusse in Rai la trasmissione omonima"},"content":{"rendered":"<p>Una serata dedicata ad Angelo Lombardi, \u201cL\u2019amico degli animali\u201d come fu soprannominato per l\u2019omonima trasmissione televisiva che condusse in Rai dal \u201856 al \u201964. Lo zoologo, volto noto della rete ammiraglia di quegli anni, leg\u00f2 il suo nome anche a Fasano dove sostenne la realizzazione dello Zoosafari nel 1973, progettandone il parco faunistico che volle costruire l\u2019imprenditore fasanese Gianmatteo Colucci (proprietario della struttura per vent\u2019anni). L\u2019iniziativa si terr\u00e0 gioved\u00ec 14 settembre alle ore 19.30 nel Palazzo dei congressi a Selva di Fasano, nell\u2019ambito di \u201cSelva In Festival. Culture-Arti-Paesaggi\u201d, la rassegna estiva di appuntamenti teatrali, musicali, letterari ed artistici messa a punto dal Comune di Fasano, ideata e curata dallo scrittore-archeologo Vito Bianchi, in collaborazione col Teatro Pubblico Pugliese.<\/p>\n<p>&nbsp;<\/p>\n<p>La serata, condotta da Franco Lisi (decano dei giornalisti di Fasano), vedr\u00e0 la partecipazione del regista Fabrizio Laurenti, autore di un documentario Rai sulla figura di Angelo Lombardi che verr\u00e0 proiettato per l\u2019occasione. Non \u00e8 stato un caso che gli organizzatori abbiano pensato ad una serata in ricordo di Lombardi proprio negli spazi e nei giorni in cui si sta tenendo la mostra sul pittore di origine boema Ernest Verner. L\u2019artista che, come si ricorder\u00e0, elesse sua dimora Fasano negli ultimi 25 anni della sua vita (fino alla morte sopraggiunta nel \u201997) fu spinto proprio dal suo amico Lombardi a stabilirsi a Fasano, dove, proprio nello Zoosafari, avrebbe potuto far ospitare la leonessa Sci\u00f9-Sci\u00f9 che il pittore aveva con s\u00e9 fin da quando l\u2019animale era una cucciolotta di pochi mesi.<\/p>\n<p>&nbsp;<\/p>\n<p>Alla fine della proiezione del documentario saranno messi in scena alcuni \u201cquadri\u201d dello spettacolo teatrale \u201cErnest Verner: i colori di un uomo. Luci e ombre di una vita dedicata alla pittura\u201d, messo in scena integralmente gi\u00e0 a giugno scorso al teatro Kennedy di Fasano da un centinaio di studenti del liceo \u201cLeonardo da Vinci\u201d (guidato dalla dirigente Stella Carparelli), diretti dai proff. Mina Corelli e Michele Iacovazzi.<\/p>\n<p>&nbsp;<\/p>\n<p><strong> Comune di Fasano<\/strong><\/p>\n","protected":false},"excerpt":{"rendered":"<p>Una serata dedicata ad Angelo Lombardi, \u201cL\u2019amico degli animali\u201d come fu soprannominato per l\u2019omonima trasmissione televisiva che condusse in Rai dal \u201856 al \u201964. Lo zoologo, volto noto della rete ammiraglia di quegli anni, leg\u00f2 il suo nome anche a Fasano dove sostenne la realizzazione dello Zoosafari nel 1973, progettandone il parco faunistico che volle costruire l\u2019imprenditore fasanese Gianmatteo Colucci (proprietario della struttura per vent\u2019anni). L\u2019iniziativa si terr\u00e0 gioved\u00ec 14 settembre alle ore 19.30 nel Palazzo dei congressi a Selva di Fasano, nell\u2019ambito di \u201cSelva In Festival. Culture-Arti-Paesaggi\u201d, la rassegna estiva di appuntamenti teatrali, musicali, letterari ed artistici messa a punto dal Comune di Fasano, ideata e curata dallo scrittore-archeologo Vito Bianchi, in collaborazione col Teatro Pubblico Pugliese. &nbsp; La serata, condotta da Franco Lisi (decano dei giornalisti di Fasano), vedr\u00e0 la partecipazione del regista Fabrizio Laurenti, autore di un documentario Rai sulla figura di Angelo Lombardi che verr\u00e0 proiettato per l\u2019occasione. Non \u00e8 stato un caso che gli organizzatori abbiano pensato ad una serata in ricordo di Lombardi proprio&#8230;<\/p>\n","protected":false},"author":2,"featured_media":112856,"comment_status":"open","ping_status":"closed","sticky":false,"template":"","format":"standard","meta":{"footnotes":""},"categories":[7],"tags":[244],"class_list":["post-112855","post","type-post","status-publish","format-standard","has-post-thumbnail","hentry","category-news","tag-fasano"],"_links":{"self":[{"href":"https:\/\/www.brundisium.net\/index.php\/wp-json\/wp\/v2\/posts\/112855","targetHints":{"allow":["GET"]}}],"collection":[{"href":"https:\/\/www.brundisium.net\/index.php\/wp-json\/wp\/v2\/posts"}],"about":[{"href":"https:\/\/www.brundisium.net\/index.php\/wp-json\/wp\/v2\/types\/post"}],"author":[{"embeddable":true,"href":"https:\/\/www.brundisium.net\/index.php\/wp-json\/wp\/v2\/users\/2"}],"replies":[{"embeddable":true,"href":"https:\/\/www.brundisium.net\/index.php\/wp-json\/wp\/v2\/comments?post=112855"}],"version-history":[{"count":1,"href":"https:\/\/www.brundisium.net\/index.php\/wp-json\/wp\/v2\/posts\/112855\/revisions"}],"predecessor-version":[{"id":112857,"href":"https:\/\/www.brundisium.net\/index.php\/wp-json\/wp\/v2\/posts\/112855\/revisions\/112857"}],"wp:featuredmedia":[{"embeddable":true,"href":"https:\/\/www.brundisium.net\/index.php\/wp-json\/wp\/v2\/media\/112856"}],"wp:attachment":[{"href":"https:\/\/www.brundisium.net\/index.php\/wp-json\/wp\/v2\/media?parent=112855"}],"wp:term":[{"taxonomy":"category","embeddable":true,"href":"https:\/\/www.brundisium.net\/index.php\/wp-json\/wp\/v2\/categories?post=112855"},{"taxonomy":"post_tag","embeddable":true,"href":"https:\/\/www.brundisium.net\/index.php\/wp-json\/wp\/v2\/tags?post=112855"}],"curies":[{"name":"wp","href":"https:\/\/api.w.org\/{rel}","templated":true}]}}