{"id":113002,"date":"2017-09-13T23:49:58","date_gmt":"2017-09-13T21:49:58","guid":{"rendered":"http:\/\/www.brundisium.net\/?p=113002"},"modified":"2017-09-14T09:54:25","modified_gmt":"2017-09-14T07:54:25","slug":"il-vento-ha-scritto-la-mia-storia-sabato-16-a-brindisi-lassociazione-migrantes-presenta-il-libro-del-curdo-benyamin-somay","status":"publish","type":"post","link":"https:\/\/www.brundisium.net\/index.php\/il-vento-ha-scritto-la-mia-storia-sabato-16-a-brindisi-lassociazione-migrantes-presenta-il-libro-del-curdo-benyamin-somay\/","title":{"rendered":"\u201cIl vento ha scritto la mia storia\u201d, Sabato 16 a Brindisi l\u2019Associazione Migrantes presenta il libro del curdo Benyamin Somay"},"content":{"rendered":"<p>Si svolger\u00e0 Sabato 16 Settembre pv (inizio alle ore 18,00) a Brindisi presso il chiostro di San Paolo Eremita in Piazza Dante la presentazione del libro Il vento ha scritto la mia storia scritto da Benyamin Somay, qualche anno fa alunno presso la scuola di Italiano dell\u2019Associazione Migrantes.<\/p>\n<p>&nbsp;<\/p>\n<p>Organizzata dall\u2019associazione Migrantes in collaborazione con le associazioni Mamad\u00f9, Io Donna, Compagni di Strada e Solidariet\u00e0 Creativa, sar\u00e0 un momento privilegiato di incontro-confronto con l\u2019autore nello splendido scenario del chiostro di San Paolo Eremita, tornato alla luce grazie al progetto \u201cTrame Solidali \u2013 intrecci di comunit\u00e0\u201d, sostenuto dalla Fondazione con il Sud.<\/p>\n<p>&nbsp;<\/p>\n<p>La serata sar\u00e0 aperta dal saluto e dalla presentazione dell\u2019autore a cura di Sabina Bombacigno (vice-presidente Ass. Migrantes), mentre la prof.ssa Pierangela Del Prete intervister\u00e0 lo scrittore, introdurr\u00e0 i suoi racconti &#8211; con la collaborazione della voce narrante di Elisabetta Leone &#8211; e moderer\u00e0 il dibattito con gli intervenuti.<\/p>\n<p>&nbsp;<\/p>\n<p>Benyamin Somay \u00e8 nato in un piccolo villaggio del Kurdistan Iraniano, nel 1987. Cresciuto in una famiglia di pastori ha lavorato fin da ragazzo come fornaio, all\u2019et\u00e0 di ventidue anni, dopo l\u2019arresto di un amico, ha dovuto lasciare il suo paese per mettersi in salvo in Europa. La sua passione per la giustizia e la libert\u00e0 lo ha convinto a scrivere la storia della sua vita.<\/p>\n<p>&nbsp;<\/p>\n<p>Il vento ha scritto la mia storia \u00e8 edito da La Meridiana srl ed ha ottenuto un grosso successo tanto da essere al momento in fase di ristampa.<\/p>\n<p>L\u2019autore sar\u00e0 disponibile e avr\u00e0 il piacere, a fine serata, di trattenersi con i lettori.<\/p>\n<p><em> \u2026.mi sono messo in cammino quand\u2019ero ancora nel grembo di mia madre Pakizeh, sei mesi prima di vedere le prime ombre di questo mondo che mi avrebbe fatto camminare ancora a lungo. Ho solo 29 anni e questa \u00e8 la mia storia: sono curdo, rifugiato, lontano dalla mia famiglia. Sono scappato dal mio paese e ho subito le angherie dei trafficanti, ho affrontato le onde del mare e camminato per le strade d&#8217;Europa per trovare un po&#8217; di pace a Gallipoli, la mia seconda citt\u00e0 natale. Ho incontrato molte persone speciali a Gallipoli, all&#8217;Elba, a Verona\u2026 e da ognuna ho avuto una mano tesa&#8230; (B. Somay).<\/em><\/p>\n","protected":false},"excerpt":{"rendered":"<p>Si svolger\u00e0 Sabato 16 Settembre pv (inizio alle ore 18,00) a Brindisi presso il chiostro di San Paolo Eremita in Piazza Dante la presentazione del libro Il vento ha scritto la mia storia scritto da Benyamin Somay, qualche anno fa alunno presso la scuola di Italiano dell\u2019Associazione Migrantes. &nbsp; Organizzata dall\u2019associazione Migrantes in collaborazione con le associazioni Mamad\u00f9, Io Donna, Compagni di Strada e Solidariet\u00e0 Creativa, sar\u00e0 un momento privilegiato di incontro-confronto con l\u2019autore nello splendido scenario del chiostro di San Paolo Eremita, tornato alla luce grazie al progetto \u201cTrame Solidali \u2013 intrecci di comunit\u00e0\u201d, sostenuto dalla Fondazione con il Sud. &nbsp; La serata sar\u00e0 aperta dal saluto e dalla presentazione dell\u2019autore a cura di Sabina Bombacigno (vice-presidente Ass. Migrantes), mentre la prof.ssa Pierangela Del Prete intervister\u00e0 lo scrittore, introdurr\u00e0 i suoi racconti &#8211; con la collaborazione della voce narrante di Elisabetta Leone &#8211; e moderer\u00e0 il dibattito con gli intervenuti. &nbsp; Benyamin Somay \u00e8 nato in un piccolo villaggio del Kurdistan Iraniano, nel 1987. Cresciuto in una famiglia di&#8230;<\/p>\n","protected":false},"author":2,"featured_media":113003,"comment_status":"open","ping_status":"closed","sticky":false,"template":"","format":"standard","meta":{"footnotes":""},"categories":[7],"tags":[4852,2181],"class_list":["post-113002","post","type-post","status-publish","format-standard","has-post-thumbnail","hentry","category-news","tag-associazione-migrantes","tag-migranti"],"_links":{"self":[{"href":"https:\/\/www.brundisium.net\/index.php\/wp-json\/wp\/v2\/posts\/113002","targetHints":{"allow":["GET"]}}],"collection":[{"href":"https:\/\/www.brundisium.net\/index.php\/wp-json\/wp\/v2\/posts"}],"about":[{"href":"https:\/\/www.brundisium.net\/index.php\/wp-json\/wp\/v2\/types\/post"}],"author":[{"embeddable":true,"href":"https:\/\/www.brundisium.net\/index.php\/wp-json\/wp\/v2\/users\/2"}],"replies":[{"embeddable":true,"href":"https:\/\/www.brundisium.net\/index.php\/wp-json\/wp\/v2\/comments?post=113002"}],"version-history":[{"count":1,"href":"https:\/\/www.brundisium.net\/index.php\/wp-json\/wp\/v2\/posts\/113002\/revisions"}],"predecessor-version":[{"id":113005,"href":"https:\/\/www.brundisium.net\/index.php\/wp-json\/wp\/v2\/posts\/113002\/revisions\/113005"}],"wp:featuredmedia":[{"embeddable":true,"href":"https:\/\/www.brundisium.net\/index.php\/wp-json\/wp\/v2\/media\/113003"}],"wp:attachment":[{"href":"https:\/\/www.brundisium.net\/index.php\/wp-json\/wp\/v2\/media?parent=113002"}],"wp:term":[{"taxonomy":"category","embeddable":true,"href":"https:\/\/www.brundisium.net\/index.php\/wp-json\/wp\/v2\/categories?post=113002"},{"taxonomy":"post_tag","embeddable":true,"href":"https:\/\/www.brundisium.net\/index.php\/wp-json\/wp\/v2\/tags?post=113002"}],"curies":[{"name":"wp","href":"https:\/\/api.w.org\/{rel}","templated":true}]}}