{"id":113264,"date":"2017-09-18T13:30:17","date_gmt":"2017-09-18T11:30:17","guid":{"rendered":"http:\/\/www.brundisium.net\/?p=113264"},"modified":"2017-09-19T07:32:21","modified_gmt":"2017-09-19T05:32:21","slug":"la-giornata-della-custodia-del-creato-a-torre-guaceto","status":"publish","type":"post","link":"https:\/\/www.brundisium.net\/index.php\/la-giornata-della-custodia-del-creato-a-torre-guaceto\/","title":{"rendered":"La &#8220;Giornata della custodia del creato&#8221; a Torre Guaceto"},"content":{"rendered":"<p>Nella giornata di ieri, la Riserva ha ospitato un evento teso alla celebrazione della natura a 360 gradi.<\/p>\n<p>Organizzata dal Consorzio di Gestione e dall\u2019ufficio per la pastorale sociale della Diocesi di Brindisi-Ostuni, la12esima \u201cGiornata della custodia del creato\u201d ha permesso a quanti non conoscevano affatto o non abbastanza approfonditamente la realt\u00e0 protetta, di approcciarsi ai suoi ambienti e ai suoi animali in un modo nuovo, attraverso l\u2019abbraccio della fede.<\/p>\n<p>Per una volta, gli utenti hanno potuto contare su una guida d\u2019eccezione, quella spirituale dell\u2019Arcivescovo di Brindisi-Ostuni S.E. Mons. Domenico Caliandro.<\/p>\n<p>Dopo una breve escursione a piedi, la gente accorsa per l\u2019evento ha vissuto l\u2019emozione della liberazione di una delle tartarughe recuperate in difficolt\u00e0 lungo la costa e curata presso il nostro Centro Recupero Tartarughe Marine \u201cLuigi Cantoro\u201d.<\/p>\n<p>L\u2019animale ha potuto raggiungere la libert\u00e0 in mare accompagnata dagli applausi della gente e in onore dell\u2019Arcivescovo gli \u00e8 stato dato il nome di Domenico.<\/p>\n<p>&nbsp;<\/p>\n\n\t\t<style type=\"text\/css\">\n\t\t\t#gallery-1 {\n\t\t\t\tmargin: auto;\n\t\t\t}\n\t\t\t#gallery-1 .gallery-item {\n\t\t\t\tfloat: left;\n\t\t\t\tmargin-top: 10px;\n\t\t\t\ttext-align: center;\n\t\t\t\twidth: 33%;\n\t\t\t}\n\t\t\t#gallery-1 img {\n\t\t\t\tborder: 2px solid #cfcfcf;\n\t\t\t}\n\t\t\t#gallery-1 .gallery-caption {\n\t\t\t\tmargin-left: 0;\n\t\t\t}\n\t\t\t\/* see gallery_shortcode() in wp-includes\/media.php *\/\n\t\t<\/style>\n\t\t<div id='gallery-1' class='gallery galleryid-113264 gallery-columns-3 gallery-size-thumbnail'><dl class='gallery-item'>\n\t\t\t<dt class='gallery-icon landscape'>\n\t\t\t\t<a href='https:\/\/www.brundisium.net\/index.php\/la-giornata-della-custodia-del-creato-a-torre-guaceto\/giornata-custodia-creato-torre-guaceto-9\/'><img loading=\"lazy\" decoding=\"async\" width=\"150\" height=\"150\" src=\"https:\/\/www.brundisium.net\/brun\/wp-content\/uploads\/2017\/09\/giornata-custodia-creato-torre-guaceto-9-150x150.jpg\" class=\"attachment-thumbnail size-thumbnail\" alt=\"\" srcset=\"https:\/\/www.brundisium.net\/brun\/wp-content\/uploads\/2017\/09\/giornata-custodia-creato-torre-guaceto-9-150x150.jpg 150w, https:\/\/www.brundisium.net\/brun\/wp-content\/uploads\/2017\/09\/giornata-custodia-creato-torre-guaceto-9-60x60.jpg 60w\" sizes=\"auto, (max-width: 150px) 100vw, 150px\" \/><\/a>\n\t\t\t<\/dt><\/dl><dl class='gallery-item'>\n\t\t\t<dt class='gallery-icon portrait'>\n\t\t\t\t<a href='https:\/\/www.brundisium.net\/index.php\/la-giornata-della-custodia-del-creato-a-torre-guaceto\/giornata-custodia-creato-torre-guaceto-1\/'><img loading=\"lazy\" decoding=\"async\" width=\"150\" height=\"150\" src=\"https:\/\/www.brundisium.net\/brun\/wp-content\/uploads\/2017\/09\/giornata-custodia-creato-torre-guaceto-1-150x150.jpg\" class=\"attachment-thumbnail size-thumbnail\" alt=\"\" srcset=\"https:\/\/www.brundisium.net\/brun\/wp-content\/uploads\/2017\/09\/giornata-custodia-creato-torre-guaceto-1-150x150.jpg 150w, https:\/\/www.brundisium.net\/brun\/wp-content\/uploads\/2017\/09\/giornata-custodia-creato-torre-guaceto-1-60x60.jpg 60w\" sizes=\"auto, (max-width: 150px) 100vw, 150px\" \/><\/a>\n\t\t\t<\/dt><\/dl><dl class='gallery-item'>\n\t\t\t<dt class='gallery-icon landscape'>\n\t\t\t\t<a href='https:\/\/www.brundisium.net\/index.php\/la-giornata-della-custodia-del-creato-a-torre-guaceto\/giornata-custodia-creato-torre-guaceto-2\/'><img loading=\"lazy\" decoding=\"async\" width=\"150\" height=\"150\" src=\"https:\/\/www.brundisium.net\/brun\/wp-content\/uploads\/2017\/09\/giornata-custodia-creato-torre-guaceto-2-150x150.jpg\" class=\"attachment-thumbnail size-thumbnail\" alt=\"\" srcset=\"https:\/\/www.brundisium.net\/brun\/wp-content\/uploads\/2017\/09\/giornata-custodia-creato-torre-guaceto-2-150x150.jpg 150w, https:\/\/www.brundisium.net\/brun\/wp-content\/uploads\/2017\/09\/giornata-custodia-creato-torre-guaceto-2-60x60.jpg 60w\" sizes=\"auto, (max-width: 150px) 100vw, 150px\" \/><\/a>\n\t\t\t<\/dt><\/dl><br style=\"clear: both\" \/><dl class='gallery-item'>\n\t\t\t<dt class='gallery-icon landscape'>\n\t\t\t\t<a href='https:\/\/www.brundisium.net\/index.php\/la-giornata-della-custodia-del-creato-a-torre-guaceto\/giornata-custodia-creato-torre-guaceto-3\/'><img loading=\"lazy\" decoding=\"async\" width=\"150\" height=\"150\" src=\"https:\/\/www.brundisium.net\/brun\/wp-content\/uploads\/2017\/09\/giornata-custodia-creato-torre-guaceto-3-150x150.jpg\" class=\"attachment-thumbnail size-thumbnail\" alt=\"\" srcset=\"https:\/\/www.brundisium.net\/brun\/wp-content\/uploads\/2017\/09\/giornata-custodia-creato-torre-guaceto-3-150x150.jpg 150w, https:\/\/www.brundisium.net\/brun\/wp-content\/uploads\/2017\/09\/giornata-custodia-creato-torre-guaceto-3-60x60.jpg 60w\" sizes=\"auto, (max-width: 150px) 100vw, 150px\" \/><\/a>\n\t\t\t<\/dt><\/dl><dl class='gallery-item'>\n\t\t\t<dt class='gallery-icon landscape'>\n\t\t\t\t<a href='https:\/\/www.brundisium.net\/index.php\/la-giornata-della-custodia-del-creato-a-torre-guaceto\/giornata-custodia-creato-torre-guaceto-4\/'><img loading=\"lazy\" decoding=\"async\" width=\"150\" height=\"150\" src=\"https:\/\/www.brundisium.net\/brun\/wp-content\/uploads\/2017\/09\/giornata-custodia-creato-torre-guaceto-4-150x150.jpg\" class=\"attachment-thumbnail size-thumbnail\" alt=\"\" srcset=\"https:\/\/www.brundisium.net\/brun\/wp-content\/uploads\/2017\/09\/giornata-custodia-creato-torre-guaceto-4-150x150.jpg 150w, https:\/\/www.brundisium.net\/brun\/wp-content\/uploads\/2017\/09\/giornata-custodia-creato-torre-guaceto-4-60x60.jpg 60w\" sizes=\"auto, (max-width: 150px) 100vw, 150px\" \/><\/a>\n\t\t\t<\/dt><\/dl><dl class='gallery-item'>\n\t\t\t<dt class='gallery-icon landscape'>\n\t\t\t\t<a href='https:\/\/www.brundisium.net\/index.php\/la-giornata-della-custodia-del-creato-a-torre-guaceto\/giornata-custodia-creato-torre-guaceto-5\/'><img loading=\"lazy\" decoding=\"async\" width=\"150\" height=\"150\" src=\"https:\/\/www.brundisium.net\/brun\/wp-content\/uploads\/2017\/09\/giornata-custodia-creato-torre-guaceto-5-150x150.jpg\" class=\"attachment-thumbnail size-thumbnail\" alt=\"\" srcset=\"https:\/\/www.brundisium.net\/brun\/wp-content\/uploads\/2017\/09\/giornata-custodia-creato-torre-guaceto-5-150x150.jpg 150w, https:\/\/www.brundisium.net\/brun\/wp-content\/uploads\/2017\/09\/giornata-custodia-creato-torre-guaceto-5-60x60.jpg 60w\" sizes=\"auto, (max-width: 150px) 100vw, 150px\" \/><\/a>\n\t\t\t<\/dt><\/dl><br style=\"clear: both\" \/><dl class='gallery-item'>\n\t\t\t<dt class='gallery-icon landscape'>\n\t\t\t\t<a href='https:\/\/www.brundisium.net\/index.php\/la-giornata-della-custodia-del-creato-a-torre-guaceto\/giornata-custodia-creato-torre-guaceto-6\/'><img loading=\"lazy\" decoding=\"async\" width=\"150\" height=\"150\" src=\"https:\/\/www.brundisium.net\/brun\/wp-content\/uploads\/2017\/09\/giornata-custodia-creato-torre-guaceto-6-150x150.jpg\" class=\"attachment-thumbnail size-thumbnail\" alt=\"\" srcset=\"https:\/\/www.brundisium.net\/brun\/wp-content\/uploads\/2017\/09\/giornata-custodia-creato-torre-guaceto-6-150x150.jpg 150w, https:\/\/www.brundisium.net\/brun\/wp-content\/uploads\/2017\/09\/giornata-custodia-creato-torre-guaceto-6-60x60.jpg 60w\" sizes=\"auto, (max-width: 150px) 100vw, 150px\" \/><\/a>\n\t\t\t<\/dt><\/dl><dl class='gallery-item'>\n\t\t\t<dt class='gallery-icon landscape'>\n\t\t\t\t<a href='https:\/\/www.brundisium.net\/index.php\/la-giornata-della-custodia-del-creato-a-torre-guaceto\/giornata-custodia-creato-torre-guaceto-7\/'><img loading=\"lazy\" decoding=\"async\" width=\"150\" height=\"150\" src=\"https:\/\/www.brundisium.net\/brun\/wp-content\/uploads\/2017\/09\/giornata-custodia-creato-torre-guaceto-7-150x150.jpg\" class=\"attachment-thumbnail size-thumbnail\" alt=\"\" srcset=\"https:\/\/www.brundisium.net\/brun\/wp-content\/uploads\/2017\/09\/giornata-custodia-creato-torre-guaceto-7-150x150.jpg 150w, https:\/\/www.brundisium.net\/brun\/wp-content\/uploads\/2017\/09\/giornata-custodia-creato-torre-guaceto-7-60x60.jpg 60w\" sizes=\"auto, (max-width: 150px) 100vw, 150px\" \/><\/a>\n\t\t\t<\/dt><\/dl><dl class='gallery-item'>\n\t\t\t<dt class='gallery-icon landscape'>\n\t\t\t\t<a href='https:\/\/www.brundisium.net\/index.php\/la-giornata-della-custodia-del-creato-a-torre-guaceto\/giornata-custodia-creato-torre-guaceto-8\/'><img loading=\"lazy\" decoding=\"async\" width=\"150\" height=\"150\" src=\"https:\/\/www.brundisium.net\/brun\/wp-content\/uploads\/2017\/09\/giornata-custodia-creato-torre-guaceto-8-150x150.jpg\" class=\"attachment-thumbnail size-thumbnail\" alt=\"\" srcset=\"https:\/\/www.brundisium.net\/brun\/wp-content\/uploads\/2017\/09\/giornata-custodia-creato-torre-guaceto-8-150x150.jpg 150w, https:\/\/www.brundisium.net\/brun\/wp-content\/uploads\/2017\/09\/giornata-custodia-creato-torre-guaceto-8-60x60.jpg 60w\" sizes=\"auto, (max-width: 150px) 100vw, 150px\" \/><\/a>\n\t\t\t<\/dt><\/dl><br style=\"clear: both\" \/>\n\t\t<\/div>\n\n<p>A seguire, monsignor Caliandro ha celebrato la messa all\u2019ombra della torre aragonese, concelebranti don Mimmo Roma e don Paolo Zofra, presenti padre Michele Carriero e don Luigi Mogavero.<\/p>\n<p>\u201cSiamo amministratori, non padroni della nostra casa \u2013 ha detto l\u2019arcivescovo ai fedeli durante l\u2019omelia \u2013 tutto ci\u00f2 che abbiamo ci \u00e8 stato dato in dono da nostro Signore. Abbiamo ricevuto un grande dono, non dobbiamo essere egoisti e cercare di modificare la nostra Terra, cos\u00ec distruggiamo il dono che il Signore ci ha dato come casa. Dobbiamo conservare il dono di Dio cos\u00ec come la vita. Dobbiamo vivere con il cuore libero, cos\u00ec come San Francesco D\u2019Assisi, vivere tra tutte le creature del Signore. Aprite il cuore, non possiamo dare ai nostri figli un mondo rovinato, conserviamolo e rispettiamolo\u201d.<\/p>\n<p>E\u2019 stata una messa unica del suo genere, un inno alla Natura e alla vita in tutte le forme in cui si manifesta e nessuna cornice sarebbe potuta essere pi\u00f9 adatta di quella della Riserva Naturale dello Stato e Area Marina Protetta di Torre Guaceto per la celebrazione di una giornata di questo tipo.<\/p>\n<p>A conclusione dell\u2019evento, c\u2019\u00e8 stato un momento dedicato all\u2019osservazione delle stelle a cura della cooperativa Thalassia, durante il quale una guida astrofila ha raccontato agli utenti della ricchezza del cielo e dell\u2019incontro tra fede e scienza.<\/p>\n<p>video:<\/p>\n<p><iframe loading=\"lazy\" title=\"La &quot;Giornata della custodia del creato&quot; a Torre Guaceto\" width=\"500\" height=\"281\" src=\"https:\/\/www.youtube.com\/embed\/h4MeA90yQ0A?feature=oembed\" frameborder=\"0\" allow=\"accelerometer; autoplay; clipboard-write; encrypted-media; gyroscope; picture-in-picture; web-share\" referrerpolicy=\"strict-origin-when-cross-origin\" allowfullscreen><\/iframe><\/p>\n<p>&nbsp;<\/p>\n<p>COMUNICAZIONE CONSORZIO DI GESTIONE DI TORRE GUACETO<\/p>\n","protected":false},"excerpt":{"rendered":"<p>Nella giornata di ieri, la Riserva ha ospitato un evento teso alla celebrazione della natura a 360 gradi. Organizzata dal Consorzio di Gestione e dall\u2019ufficio per la pastorale sociale della Diocesi di Brindisi-Ostuni, la12esima \u201cGiornata della custodia del creato\u201d ha permesso a quanti non conoscevano affatto o non abbastanza approfonditamente la realt\u00e0 protetta, di approcciarsi ai suoi ambienti e ai suoi animali in un modo nuovo, attraverso l\u2019abbraccio della fede. Per una volta, gli utenti hanno potuto contare su una guida d\u2019eccezione, quella spirituale dell\u2019Arcivescovo di Brindisi-Ostuni S.E. Mons. Domenico Caliandro. Dopo una breve escursione a piedi, la gente accorsa per l\u2019evento ha vissuto l\u2019emozione della liberazione di una delle tartarughe recuperate in difficolt\u00e0 lungo la costa e curata presso il nostro Centro Recupero Tartarughe Marine \u201cLuigi Cantoro\u201d. L\u2019animale ha potuto raggiungere la libert\u00e0 in mare accompagnata dagli applausi della gente e in onore dell\u2019Arcivescovo gli \u00e8 stato dato il nome di Domenico. &nbsp; A seguire, monsignor Caliandro ha celebrato la messa all\u2019ombra della torre aragonese, concelebranti don Mimmo Roma&#8230;<\/p>\n","protected":false},"author":2,"featured_media":113300,"comment_status":"open","ping_status":"closed","sticky":false,"template":"","format":"standard","meta":{"footnotes":""},"categories":[7],"tags":[1126],"class_list":["post-113264","post","type-post","status-publish","format-standard","has-post-thumbnail","hentry","category-news","tag-torre-guaceto"],"_links":{"self":[{"href":"https:\/\/www.brundisium.net\/index.php\/wp-json\/wp\/v2\/posts\/113264","targetHints":{"allow":["GET"]}}],"collection":[{"href":"https:\/\/www.brundisium.net\/index.php\/wp-json\/wp\/v2\/posts"}],"about":[{"href":"https:\/\/www.brundisium.net\/index.php\/wp-json\/wp\/v2\/types\/post"}],"author":[{"embeddable":true,"href":"https:\/\/www.brundisium.net\/index.php\/wp-json\/wp\/v2\/users\/2"}],"replies":[{"embeddable":true,"href":"https:\/\/www.brundisium.net\/index.php\/wp-json\/wp\/v2\/comments?post=113264"}],"version-history":[{"count":1,"href":"https:\/\/www.brundisium.net\/index.php\/wp-json\/wp\/v2\/posts\/113264\/revisions"}],"predecessor-version":[{"id":113305,"href":"https:\/\/www.brundisium.net\/index.php\/wp-json\/wp\/v2\/posts\/113264\/revisions\/113305"}],"wp:featuredmedia":[{"embeddable":true,"href":"https:\/\/www.brundisium.net\/index.php\/wp-json\/wp\/v2\/media\/113300"}],"wp:attachment":[{"href":"https:\/\/www.brundisium.net\/index.php\/wp-json\/wp\/v2\/media?parent=113264"}],"wp:term":[{"taxonomy":"category","embeddable":true,"href":"https:\/\/www.brundisium.net\/index.php\/wp-json\/wp\/v2\/categories?post=113264"},{"taxonomy":"post_tag","embeddable":true,"href":"https:\/\/www.brundisium.net\/index.php\/wp-json\/wp\/v2\/tags?post=113264"}],"curies":[{"name":"wp","href":"https:\/\/api.w.org\/{rel}","templated":true}]}}