{"id":113282,"date":"2017-09-18T12:22:31","date_gmt":"2017-09-18T10:22:31","guid":{"rendered":"http:\/\/www.brundisium.net\/?p=113282"},"modified":"2017-09-19T07:33:42","modified_gmt":"2017-09-19T05:33:42","slug":"noi-con-salvini-ostuni-approva-la-nuova-giunta-comunale","status":"publish","type":"post","link":"https:\/\/www.brundisium.net\/index.php\/noi-con-salvini-ostuni-approva-la-nuova-giunta-comunale\/","title":{"rendered":"&#8220;Noi con Salvini Ostuni&#8221; approva la nuova Giunta Comunale"},"content":{"rendered":"<p>Il movimento politico NOI CON SALVINI di Ostuni esprime soddisfazione per la nuova Giunta Comunale, varata dopo un lungo periodo di incertezze e discussioni, e intende porgerle i propri auguri per un buon operato. Apprezziamo, innanzitutto, l\u2019effettivo ritorno del Centrodestra al Governo della citt\u00e0 bianca, dopo una buia parentesi di coalizione con partiti di altro orientamento politico. Intendiamo ricordare come quella attuale sia addirittura la quinta diversa Giunta in poco pi\u00f9 di tre anni di legislatura e, oltre a costituire probabilmente un record e gareggiando, in quanto a turbolenze interne, con l\u2019amministrazione pentastellata di Roma, auspichiamo che essa possa rivelarsi, finalmente, quella definitiva e che possa donare stabilit\u00e0 alla citt\u00e0, operando con maggiore efficienza, sebbene l\u2019esigua maggioranza in Consiglio Comunale \u2013 un solo voto \u2013 lasci purtroppo sorgere numerosi dubbi in merito.<\/p>\n<p>Ora che il Partito Democratico non fa pi\u00f9 parte della maggioranza, decadranno automaticamente le puntuali responsabilit\u00e0 ad esso ascritte da parte del Sindaco circa le difficolt\u00e0 amministrative incontrate, e ,a quanto pare, mai risolte. Pertanto, bench\u00e9 permangano degli scogli sul cammino dell\u2019Amministrazione a guida Coppola, il futuro potrebbe essere lievemente pi\u00f9 roseo.<\/p>\n<p>Tra le altre cose, in riferimento a quanto denunciato da Noi con Salvini negli scorsi mesi, ovvero il degrado e l\u2019abbandono in cui versano contrada Galante e numerose altre zone periferiche e rurali di Ostuni, vogliamo esprimere il nostro ringraziamento nei confronti dell\u2019operato del nuovo Assessore all\u2019Ambiente, l\u2019ing. Luigi Nacci, persona gradevole, competente e disponibile e, soprattutto, non influenzata da colori o pressioni politiche. Infatti, dai primi giorni di settembre, sono state apposte nei pressi della vecchia scuola di Galante le cosiddette \u201ctrappole\u201d, ossia le telecamere di sorveglianza necessarie all\u2019individuazione dei responsabili dell\u2019abbandono sconsiderato di rifiuti presso la suddetta scuola, divenuta ormai una vera e propria discarica a cielo aperto, poco decorosa per l\u2019immagine del territorio. <\/p>\n<p>Dopo numerosi passi indietro, dunque, Ostuni sembra essersi rimessa in carreggiata. Tuttavia, la speranza \u00e8 che questi piccoli progressi possano proseguire sino alla scadenza naturale della legislatura, alla quale occorrerebbe giungere solamente se la Giunta si dovesse dimostrare valida e produttiva. Altrimenti, se l\u2019andazzo dovesse essere solo quello di tirare a campare a tutti i costi, soltanto per mantenere tenacemente la poltrona conquistata, in tal caso riteniamo che la parola dovrebbe finalmente ritornare ai cittadini, onde evitare il protrarsi di ben note e gi\u00e0 vissute situazioni che, in questi tre anni, hanno sfiorato il tragicomico. <\/p>\n<p>Coordinamento cittadino &#8220;Noi con Salvini Ostuni&#8221;<\/p>\n","protected":false},"excerpt":{"rendered":"<p>Il movimento politico NOI CON SALVINI di Ostuni esprime soddisfazione per la nuova Giunta Comunale, varata dopo un lungo periodo di incertezze e discussioni, e intende porgerle i propri auguri per un buon operato. Apprezziamo, innanzitutto, l\u2019effettivo ritorno del Centrodestra al Governo della citt\u00e0 bianca, dopo una buia parentesi di coalizione con partiti di altro orientamento politico. Intendiamo ricordare come quella attuale sia addirittura la quinta diversa Giunta in poco pi\u00f9 di tre anni di legislatura e, oltre a costituire probabilmente un record e gareggiando, in quanto a turbolenze interne, con l\u2019amministrazione pentastellata di Roma, auspichiamo che essa possa rivelarsi, finalmente, quella definitiva e che possa donare stabilit\u00e0 alla citt\u00e0, operando con maggiore efficienza, sebbene l\u2019esigua maggioranza in Consiglio Comunale \u2013 un solo voto \u2013 lasci purtroppo sorgere numerosi dubbi in merito. Ora che il Partito Democratico non fa pi\u00f9 parte della maggioranza, decadranno automaticamente le puntuali responsabilit\u00e0 ad esso ascritte da parte del Sindaco circa le difficolt\u00e0 amministrative incontrate, e ,a quanto pare, mai risolte. Pertanto, bench\u00e9 permangano degli&#8230;<\/p>\n","protected":false},"author":2,"featured_media":82930,"comment_status":"open","ping_status":"closed","sticky":false,"template":"","format":"standard","meta":{"footnotes":""},"categories":[7],"tags":[3265],"class_list":["post-113282","post","type-post","status-publish","format-standard","has-post-thumbnail","hentry","category-news","tag-noi-con-salvini"],"_links":{"self":[{"href":"https:\/\/www.brundisium.net\/index.php\/wp-json\/wp\/v2\/posts\/113282","targetHints":{"allow":["GET"]}}],"collection":[{"href":"https:\/\/www.brundisium.net\/index.php\/wp-json\/wp\/v2\/posts"}],"about":[{"href":"https:\/\/www.brundisium.net\/index.php\/wp-json\/wp\/v2\/types\/post"}],"author":[{"embeddable":true,"href":"https:\/\/www.brundisium.net\/index.php\/wp-json\/wp\/v2\/users\/2"}],"replies":[{"embeddable":true,"href":"https:\/\/www.brundisium.net\/index.php\/wp-json\/wp\/v2\/comments?post=113282"}],"version-history":[{"count":1,"href":"https:\/\/www.brundisium.net\/index.php\/wp-json\/wp\/v2\/posts\/113282\/revisions"}],"predecessor-version":[{"id":113283,"href":"https:\/\/www.brundisium.net\/index.php\/wp-json\/wp\/v2\/posts\/113282\/revisions\/113283"}],"wp:featuredmedia":[{"embeddable":true,"href":"https:\/\/www.brundisium.net\/index.php\/wp-json\/wp\/v2\/media\/82930"}],"wp:attachment":[{"href":"https:\/\/www.brundisium.net\/index.php\/wp-json\/wp\/v2\/media?parent=113282"}],"wp:term":[{"taxonomy":"category","embeddable":true,"href":"https:\/\/www.brundisium.net\/index.php\/wp-json\/wp\/v2\/categories?post=113282"},{"taxonomy":"post_tag","embeddable":true,"href":"https:\/\/www.brundisium.net\/index.php\/wp-json\/wp\/v2\/tags?post=113282"}],"curies":[{"name":"wp","href":"https:\/\/api.w.org\/{rel}","templated":true}]}}