{"id":113379,"date":"2017-09-19T11:18:23","date_gmt":"2017-09-19T09:18:23","guid":{"rendered":"http:\/\/www.brundisium.net\/?p=113379"},"modified":"2017-09-19T11:50:29","modified_gmt":"2017-09-19T09:50:29","slug":"noi-con-salvini-abbraccia-la-battaglia-di-ciullo-contro-la-bms-poca-trasparenza-su-incarichi-e-affidamenti","status":"publish","type":"post","link":"https:\/\/www.brundisium.net\/index.php\/noi-con-salvini-abbraccia-la-battaglia-di-ciullo-contro-la-bms-poca-trasparenza-su-incarichi-e-affidamenti\/","title":{"rendered":"Noi Con Salvini abbraccia la battaglia di Ciullo contro la BMS: &#8220;poca trasparenza su incarichi e affidamenti&#8221;"},"content":{"rendered":"<p><em>Di seguito riportiamo una lettera aperta inviata da Paolo Taurino, coordinatore provinciale di Noi Con Salvini, al Prefetto, al Commissario Prefettizio di Brindisi ed al Presidente Brindisi Multi Servizi Dott. Giovanni Palasciano.<\/em><\/p>\n<p>&nbsp;<\/p>\n<p>&nbsp;<\/p>\n<p>Facendo seguito ad una diffida alla Brindisi Multi Servizi, partecipata del comune di Brindisi, per un dipendente che era stato spostato da un servizio ad un altro, ho contattato e successivamente incontrato l&#8217;avv. Ciullo con il quale ho affrontato l&#8217;argomento relativo alla gestione della BMS.<\/p>\n<p>&nbsp;<\/p>\n<p>La BMS grava significativamente su tutti i cittadini, pertanto andrebbero analizzati tutti gli incarichi e i lavori che pure in anni passati la BMS ha affidato a terzi.<\/p>\n<p>&nbsp;<\/p>\n<p>Non solo. Ma \u00e8 discutibile che la BMS sul suo sito on line pubblichi tali affidamenti solo semestralmente e senza rendere immediatamente consultabili i relativi atti. Inoltre andrebbe chiarito una volta per tutte quali sono i servizi che la BMS ha il dovere di svolgere in virt\u00f9 del contratto di Global service stipulato con il Comune.<\/p>\n<p>E nello specifico, cio\u00e8 con riferimento alle attivit\u00e0 che la BMS sta svolgendo presso il dormitorio di Viale Provinciale per San Vito, sarebbe opportuno comprendere su chi devono gravare i costi: sul Comune di Brindisi o sulla Prefettura? A me sembra che il Comune si stia caricando di costi e la BMS di compiti non di loro competenza.<\/p>\n<p>&nbsp;<\/p>\n<p>Ritengo altres\u00ec opportuno evidenziare che la vicenda nasce nel lontano 2004 da una intuizione dell&#8217;allora assessore Cesare Mevoli, attuale presidente provinciale nonch\u00e9 dirigente nazionale del Movimento Nazionale per la Sovranit\u00e0, il quale per cercare di tamponare l&#8217;emergenza data dal crescente squallore verso cui tendeva la nostra citt\u00e0 con assurdi e fatiscenti bivacchi in particolare Piazza Crispi antistante la stazione ferroviaria.<\/p>\n<p>L&#8217;idea, in costanza di emergenza, era quella di dotare gli immigrati arrivati in citt\u00e0 di un letto temporaneo presso il capannone dismesso dell&#8217;ex macello in via provinciale per San Vito dove grazie all&#8217; aiuto dell&#8217; Asl che don\u00f2 alcuni letti dismessi dall&#8217; ex presidio ospedaliero Di Summa e grazie all&#8217;intervento dei volontari si riconoscevano e si sistemavano coloro che ne avevano &#8220;diritto&#8221;.<\/p>\n<p>Con questa soluzione precaria 80 migranti trovavano posto per altrettanti posti letto. Oggi siamo arrivati a pi\u00f9 di 250 &#8220;ospiti &#8221; autogestiti di fatto senza alcun possibile censimento essendo stati &#8220;licenziati &#8221; i volontari a ci\u00f2 deputati della cooperativa onlus &#8221; La citt\u00e0 dei Servizi &#8221; perch\u00e9 l&#8217;amministrazione comunale non sapeva dove reperire le risorse economiche. Tutto ci\u00f2 apre altri quesiti. Se com&#8217;\u00e8 certo sono stati stanziati 4 miliardi e 600 mila euro per queste emergenze perch\u00e9 i cittadini devono accollarsi queste spese attraverso il Comune e la BMS che concedono immobili in maniera gratuita alla prefettura ( che per inciso dovrebbe occuparsi solo di chi richiede asilo)?<\/p>\n<p>Perch\u00e9 il Comune non ha diritto, cos\u00ec come accade ai privati, di essere ben retribuito per gli immobili messi a disposizione della Prefettura con regolare contratto di fitto? Perch\u00e9 il Comune si deve accollare tutte le spese?<br \/>\nQuanto \u00e8 costato finora questo sistema a tutti i cittadini onesti?<\/p>\n<p>&nbsp;<\/p>\n<p>Perch\u00e9 la prefettura non rimborsa almeno le spese sostenute dal 2004 ad oggi? Credo che, arrivati a questo punto, sia d&#8217;obbligo una risposta chiara ed esaustiva perch\u00e9 lo meritiamo!!!<\/p>\n<p>&nbsp;<\/p>\n<p><strong>PAOLO TAURINO<\/strong><br \/>\n<strong> COORDINATORE PROVINCIALE<\/strong><br \/>\n<strong> NOI CON SALVINI<\/strong><\/p>\n","protected":false},"excerpt":{"rendered":"<p>Di seguito riportiamo una lettera aperta inviata da Paolo Taurino, coordinatore provinciale di Noi Con Salvini, al Prefetto, al Commissario Prefettizio di Brindisi ed al Presidente Brindisi Multi Servizi Dott. Giovanni Palasciano. &nbsp; &nbsp; Facendo seguito ad una diffida alla Brindisi Multi Servizi, partecipata del comune di Brindisi, per un dipendente che era stato spostato da un servizio ad un altro, ho contattato e successivamente incontrato l&#8217;avv. Ciullo con il quale ho affrontato l&#8217;argomento relativo alla gestione della BMS. &nbsp; La BMS grava significativamente su tutti i cittadini, pertanto andrebbero analizzati tutti gli incarichi e i lavori che pure in anni passati la BMS ha affidato a terzi. &nbsp; Non solo. Ma \u00e8 discutibile che la BMS sul suo sito on line pubblichi tali affidamenti solo semestralmente e senza rendere immediatamente consultabili i relativi atti. Inoltre andrebbe chiarito una volta per tutte quali sono i servizi che la BMS ha il dovere di svolgere in virt\u00f9 del contratto di Global service stipulato con il Comune. E nello specifico, cio\u00e8 con&#8230;<\/p>\n","protected":false},"author":2,"featured_media":10121,"comment_status":"open","ping_status":"closed","sticky":false,"template":"","format":"standard","meta":{"footnotes":""},"categories":[7],"tags":[3265],"class_list":["post-113379","post","type-post","status-publish","format-standard","has-post-thumbnail","hentry","category-news","tag-noi-con-salvini"],"_links":{"self":[{"href":"https:\/\/www.brundisium.net\/index.php\/wp-json\/wp\/v2\/posts\/113379","targetHints":{"allow":["GET"]}}],"collection":[{"href":"https:\/\/www.brundisium.net\/index.php\/wp-json\/wp\/v2\/posts"}],"about":[{"href":"https:\/\/www.brundisium.net\/index.php\/wp-json\/wp\/v2\/types\/post"}],"author":[{"embeddable":true,"href":"https:\/\/www.brundisium.net\/index.php\/wp-json\/wp\/v2\/users\/2"}],"replies":[{"embeddable":true,"href":"https:\/\/www.brundisium.net\/index.php\/wp-json\/wp\/v2\/comments?post=113379"}],"version-history":[{"count":1,"href":"https:\/\/www.brundisium.net\/index.php\/wp-json\/wp\/v2\/posts\/113379\/revisions"}],"predecessor-version":[{"id":113380,"href":"https:\/\/www.brundisium.net\/index.php\/wp-json\/wp\/v2\/posts\/113379\/revisions\/113380"}],"wp:featuredmedia":[{"embeddable":true,"href":"https:\/\/www.brundisium.net\/index.php\/wp-json\/wp\/v2\/media\/10121"}],"wp:attachment":[{"href":"https:\/\/www.brundisium.net\/index.php\/wp-json\/wp\/v2\/media?parent=113379"}],"wp:term":[{"taxonomy":"category","embeddable":true,"href":"https:\/\/www.brundisium.net\/index.php\/wp-json\/wp\/v2\/categories?post=113379"},{"taxonomy":"post_tag","embeddable":true,"href":"https:\/\/www.brundisium.net\/index.php\/wp-json\/wp\/v2\/tags?post=113379"}],"curies":[{"name":"wp","href":"https:\/\/api.w.org\/{rel}","templated":true}]}}