{"id":113554,"date":"2017-09-20T19:52:52","date_gmt":"2017-09-20T17:52:52","guid":{"rendered":"http:\/\/www.brundisium.net\/?p=113554"},"modified":"2017-09-20T19:52:52","modified_gmt":"2017-09-20T17:52:52","slug":"giornate-europee-del-patrimonio-visita-guidata-ai-giardini-di-palazzo-montenegro-e-del-tempio-di-san-giovanni-al-sepolcro","status":"publish","type":"post","link":"https:\/\/www.brundisium.net\/index.php\/giornate-europee-del-patrimonio-visita-guidata-ai-giardini-di-palazzo-montenegro-e-del-tempio-di-san-giovanni-al-sepolcro\/","title":{"rendered":"Giornate europee del Patrimonio:   Visita guidata ai giardini di Palazzo Montenegro e del Tempio di San Giovanni al Sepolcro"},"content":{"rendered":"<p>Cultura e natura costituiscono i temi dominanti del programma \u201cOltre il giardino\u201d che l\u2019Associazione \u201cLe Colonne\u201d ha allestito per la celebrazione delle Giornate Europee del Patrimonio Culturale, con la prestigiosa collaborazione della Delegazione FAI di Brindisi (Fondo Ambiente Italiano) e dell\u2019Associazione Nazionale Direttori e Tecnici Pubblici Giardini.<\/p>\n<p>&nbsp;<\/p>\n<p>Il tutto in piena sinergia con quanto scelto dal Consiglio d\u2019Europa ed in linea con gli obiettivi perseguiti dalle Giornate Europee.<\/p>\n<p>&nbsp;<\/p>\n<p>Si parte sabato 23 settembre (dalle 9 alle 13 e dalle 17 alle 22) nelle sale della Palazzina Belvedere, sul Lungomare Regina Margherita, dove sar\u00e0 possibile accedere a visite guidate della collezione archeologica Faldetta e della mostra \u201cLa culla delle Albe\u201d, con opere del maestro Uccio Biondi ed a cura del prof. Massimo Guastella.<\/p>\n<p>&nbsp;<\/p>\n<p>Domenica 24 settembre, invece, dalla ore 10 alle ore 13, il vice presidente dell\u2019Associazione nazionale direttori e tecnici pubblici giardini, dr. Giovanni Nardelli, ed il prof. Riccardo Colella dell\u2019Istituto Majorana di Brindisi, condurranno rispettivamente visite guidate al giardino del Tempio di San Giovanni ed a Palazzo Montenegro. Sempre domenica, sar\u00e0 possibile visitare anche la Palazzina Belvedere.<\/p>\n<p>&nbsp;<\/p>\n<p>L\u2019Associazione \u201cLe Colonne\u201d ha ottenuto la disponibilit\u00e0 del Prefetto Valenti e del personale della Prefettura di Brindisi, il patrocinio del Comune di Brindisi e una efficiente collaborazione da parte della gestione commissariale e della Brindisi Multiservizi che tempestivamente ha provveduto al riordino dei giardini.<\/p>\n<p>&nbsp;<\/p>\n<p>\u201cCon \u2018Oltre il giardino\u2019 \u2013 afferma la dott.ssa Anna Cinti, presidente dell\u2019Associazione \u2018Le Colonne\u2019 \u2013 vogliamo consentire alla cittadinanza di conoscere alcune informazioni sul rapporto tra l\u2019uomo e la natura, sulla tipologia e sulle essenze ospitate in due importanti giardini collocati all\u2019interno di due simboli prestigiosi della citt\u00e0 di Brindisi (Tempio San Giovanni e Palazzo Montenegro). Proprio grazie all\u2019interesse che suscita tale rapporto e, pi\u00f9 in generale, la fruizione dei nostri beni storici, ci auguriamo di ripetere il successo ottenuto nelle precedenti edizioni delle Giornate europee del Patrimonio culturale\u201d.<br \/>\n\u201cLa Delegazione \u2013 aggiunge l\u2019arch. Beniamino Attoma Pepe, capo Delegazione del FAI di Brindisi &#8211; ha raccolto l\u2019invito della dott.ssa Cinti con grande favore perch\u00e9 il tema delle Giornate Europee del Patrimonio \u00e8 assolutamente coerente con la missione della fondazione, verso la conoscenza di luoghi e storie della citt\u00e0 e delle comunit\u00e0 locali, destinatarie dell\u2019impegno dei nostri volontari e dei delegati\u201d.<\/p>\n<p>&nbsp;<\/p>\n<p>L\u2019iniziativa \u00e8 gratuita e per informazioni si possono contattare i numeri telefonici 0831562800 o 3711128126.<\/p>\n<p>&nbsp;<\/p>\n<p>&nbsp;<\/p>\n","protected":false},"excerpt":{"rendered":"<p>Cultura e natura costituiscono i temi dominanti del programma \u201cOltre il giardino\u201d che l\u2019Associazione \u201cLe Colonne\u201d ha allestito per la celebrazione delle Giornate Europee del Patrimonio Culturale, con la prestigiosa collaborazione della Delegazione FAI di Brindisi (Fondo Ambiente Italiano) e dell\u2019Associazione Nazionale Direttori e Tecnici Pubblici Giardini. &nbsp; Il tutto in piena sinergia con quanto scelto dal Consiglio d\u2019Europa ed in linea con gli obiettivi perseguiti dalle Giornate Europee. &nbsp; Si parte sabato 23 settembre (dalle 9 alle 13 e dalle 17 alle 22) nelle sale della Palazzina Belvedere, sul Lungomare Regina Margherita, dove sar\u00e0 possibile accedere a visite guidate della collezione archeologica Faldetta e della mostra \u201cLa culla delle Albe\u201d, con opere del maestro Uccio Biondi ed a cura del prof. Massimo Guastella. &nbsp; Domenica 24 settembre, invece, dalla ore 10 alle ore 13, il vice presidente dell\u2019Associazione nazionale direttori e tecnici pubblici giardini, dr. Giovanni Nardelli, ed il prof. Riccardo Colella dell\u2019Istituto Majorana di Brindisi, condurranno rispettivamente visite guidate al giardino del Tempio di San Giovanni ed a&#8230;<\/p>\n","protected":false},"author":2,"featured_media":113555,"comment_status":"open","ping_status":"closed","sticky":false,"template":"","format":"standard","meta":{"footnotes":""},"categories":[7],"tags":[4898,2614],"class_list":["post-113554","post","type-post","status-publish","format-standard","has-post-thumbnail","hentry","category-news","tag-gep-2017","tag-giornate-europee-del-patrimonio"],"_links":{"self":[{"href":"https:\/\/www.brundisium.net\/index.php\/wp-json\/wp\/v2\/posts\/113554","targetHints":{"allow":["GET"]}}],"collection":[{"href":"https:\/\/www.brundisium.net\/index.php\/wp-json\/wp\/v2\/posts"}],"about":[{"href":"https:\/\/www.brundisium.net\/index.php\/wp-json\/wp\/v2\/types\/post"}],"author":[{"embeddable":true,"href":"https:\/\/www.brundisium.net\/index.php\/wp-json\/wp\/v2\/users\/2"}],"replies":[{"embeddable":true,"href":"https:\/\/www.brundisium.net\/index.php\/wp-json\/wp\/v2\/comments?post=113554"}],"version-history":[{"count":1,"href":"https:\/\/www.brundisium.net\/index.php\/wp-json\/wp\/v2\/posts\/113554\/revisions"}],"predecessor-version":[{"id":113556,"href":"https:\/\/www.brundisium.net\/index.php\/wp-json\/wp\/v2\/posts\/113554\/revisions\/113556"}],"wp:featuredmedia":[{"embeddable":true,"href":"https:\/\/www.brundisium.net\/index.php\/wp-json\/wp\/v2\/media\/113555"}],"wp:attachment":[{"href":"https:\/\/www.brundisium.net\/index.php\/wp-json\/wp\/v2\/media?parent=113554"}],"wp:term":[{"taxonomy":"category","embeddable":true,"href":"https:\/\/www.brundisium.net\/index.php\/wp-json\/wp\/v2\/categories?post=113554"},{"taxonomy":"post_tag","embeddable":true,"href":"https:\/\/www.brundisium.net\/index.php\/wp-json\/wp\/v2\/tags?post=113554"}],"curies":[{"name":"wp","href":"https:\/\/api.w.org\/{rel}","templated":true}]}}