{"id":113670,"date":"2017-09-22T07:09:16","date_gmt":"2017-09-22T05:09:16","guid":{"rendered":"http:\/\/www.brundisium.net\/?p=113670"},"modified":"2017-09-29T18:38:11","modified_gmt":"2017-09-29T16:38:11","slug":"venerdi-la-traslazione-del-corpo-di-matteo-farina-nel-duomo-di-brindisi","status":"publish","type":"post","link":"https:\/\/www.brundisium.net\/index.php\/venerdi-la-traslazione-del-corpo-di-matteo-farina-nel-duomo-di-brindisi\/","title":{"rendered":"Venerd\u00ec la traslazione del corpo di Matteo Farina nel Duomo di Brindisi"},"content":{"rendered":"<p>Venerd\u00ec 29 settembre, alle ore 18,30 l\u2019Arcivescovo mons. Domenico Caliandro presieder\u00e0 la celebrazione eucaristica nella Cattedrale di Brindisi, in occasione della traslazione nel nostro Duomo dei resti mortali del giovane Matteo Farina. La liturgia sar\u00e0 quella del giorno, nella festa dei santi arcangeli Michele, Gabriele e Raffaele. Al termine, davanti al sarcofago del servo di Dio, si legger\u00e0 il verbale dell\u2019avvenuta traslazione e si reciter\u00e0 la preghiera per la beatificazione.<\/p>\n<p>La traslazione render\u00e0 pi\u00f9 accessibili le sue spoglie a tutti coloro che desiderano visitarle e sostare in preghiera dinanzi ad esse. Ed \u00e8 assai significativo che d\u2019ora in poi il corpo di Matteo sia custodito in Duomo, luogo sacro caro a tutti i brindisini e cuore dell\u2019intera diocesi di Brindisi-Ostuni.<\/p>\n<p>&nbsp;<\/p>\n<p>&nbsp;<\/p>\n<p>Naturalmente, finch\u00e8 non sar\u00e0 conclusa la causa di beatificazione, saranno accuratamente evitati tutti i segni di culto indebito (statue, immagini con aureola ecc.), poich\u00e9 non va prevenuto in alcun modo il giudizio della Sede Apostolica. Il processo canonico, infatti, \u00e8 ancora in corso. Terminata la fase diocesana, con l\u2019escussione dei testimoni e la raccolta della documentazione, la causa \u00e8 ora pendente a Roma, dove gli organi competenti devono esaminare gli atti inviati, valutarne la plausibilit\u00e0 e sottoporre ogni cosa al giudizio finale del Papa. In attesa che la Chiesa si pronunci nella sua massima istanza, noi possiamo continuare a pregare perch\u00e9 l\u2019esempio di Matteo sia di aiuto per molti. Possiamo inoltre domandare fiduciosamente la sua intercessione per le grazie che ci stanno a cuore.<\/p>\n<p>&nbsp;<\/p>\n<p>Come gi\u00e0 noto, il trasferimento delle spoglie di Matteo dalla cappella di famiglia del cimitero comunale alla Cattedrale di Brindisi \u00e8 stato autorizzato dai competenti organi vaticani (Congregazione delle Cause dei Santi prot.n.3234-2\/17) e sono stati acquisiti anche tutti i permessi prescritti dalle leggi civili. La traslazione avverr\u00e0 in forma strettamente privata alla presenza del Vicario Generale e di una commissione ad hoc per garantire l\u2019esecuzione scrupolosa di tutto ci\u00f2 che \u00e8 prescritto e redigerne il verbale. In questa occasione non sar\u00e0 effettuata la ricognizione canonica dei resti mortali. Ci si limiter\u00e0 a constatare l\u2019identit\u00e0 della bara estratta dalla tomba di famiglia, racchiusa e sigillata in altra cassa idonea, trasportata e nuovamente seppellita in Duomo, sotto la prima arcata della navata destra.<\/p>\n<p>&nbsp;<\/p>\n<p>La celebrazione pubblica che l\u2019Arcivescovo presieder\u00e0 in Cattedrale venerd\u00ec 29 settembre sar\u00e0 l\u2019occasione per pregare insieme per il felice esito della Causa in corso.<\/p>\n","protected":false},"excerpt":{"rendered":"<p>Venerd\u00ec 29 settembre, alle ore 18,30 l\u2019Arcivescovo mons. Domenico Caliandro presieder\u00e0 la celebrazione eucaristica nella Cattedrale di Brindisi, in occasione della traslazione nel nostro Duomo dei resti mortali del giovane Matteo Farina. La liturgia sar\u00e0 quella del giorno, nella festa dei santi arcangeli Michele, Gabriele e Raffaele. Al termine, davanti al sarcofago del servo di Dio, si legger\u00e0 il verbale dell\u2019avvenuta traslazione e si reciter\u00e0 la preghiera per la beatificazione. La traslazione render\u00e0 pi\u00f9 accessibili le sue spoglie a tutti coloro che desiderano visitarle e sostare in preghiera dinanzi ad esse. Ed \u00e8 assai significativo che d\u2019ora in poi il corpo di Matteo sia custodito in Duomo, luogo sacro caro a tutti i brindisini e cuore dell\u2019intera diocesi di Brindisi-Ostuni. &nbsp; &nbsp; Naturalmente, finch\u00e8 non sar\u00e0 conclusa la causa di beatificazione, saranno accuratamente evitati tutti i segni di culto indebito (statue, immagini con aureola ecc.), poich\u00e9 non va prevenuto in alcun modo il giudizio della Sede Apostolica. Il processo canonico, infatti, \u00e8 ancora in corso. Terminata la fase diocesana, con&#8230;<\/p>\n","protected":false},"author":2,"featured_media":101778,"comment_status":"open","ping_status":"closed","sticky":false,"template":"","format":"standard","meta":{"footnotes":""},"categories":[7],"tags":[3956],"class_list":["post-113670","post","type-post","status-publish","format-standard","has-post-thumbnail","hentry","category-news","tag-matteo-farina"],"_links":{"self":[{"href":"https:\/\/www.brundisium.net\/index.php\/wp-json\/wp\/v2\/posts\/113670","targetHints":{"allow":["GET"]}}],"collection":[{"href":"https:\/\/www.brundisium.net\/index.php\/wp-json\/wp\/v2\/posts"}],"about":[{"href":"https:\/\/www.brundisium.net\/index.php\/wp-json\/wp\/v2\/types\/post"}],"author":[{"embeddable":true,"href":"https:\/\/www.brundisium.net\/index.php\/wp-json\/wp\/v2\/users\/2"}],"replies":[{"embeddable":true,"href":"https:\/\/www.brundisium.net\/index.php\/wp-json\/wp\/v2\/comments?post=113670"}],"version-history":[{"count":1,"href":"https:\/\/www.brundisium.net\/index.php\/wp-json\/wp\/v2\/posts\/113670\/revisions"}],"predecessor-version":[{"id":113671,"href":"https:\/\/www.brundisium.net\/index.php\/wp-json\/wp\/v2\/posts\/113670\/revisions\/113671"}],"wp:featuredmedia":[{"embeddable":true,"href":"https:\/\/www.brundisium.net\/index.php\/wp-json\/wp\/v2\/media\/101778"}],"wp:attachment":[{"href":"https:\/\/www.brundisium.net\/index.php\/wp-json\/wp\/v2\/media?parent=113670"}],"wp:term":[{"taxonomy":"category","embeddable":true,"href":"https:\/\/www.brundisium.net\/index.php\/wp-json\/wp\/v2\/categories?post=113670"},{"taxonomy":"post_tag","embeddable":true,"href":"https:\/\/www.brundisium.net\/index.php\/wp-json\/wp\/v2\/tags?post=113670"}],"curies":[{"name":"wp","href":"https:\/\/api.w.org\/{rel}","templated":true}]}}