{"id":113925,"date":"2017-09-25T10:26:11","date_gmt":"2017-09-25T08:26:11","guid":{"rendered":"http:\/\/www.brundisium.net\/?p=113925"},"modified":"2017-09-25T10:26:11","modified_gmt":"2017-09-25T08:26:11","slug":"noi-con-salvini-antonino-mileo-e-il-nuovo-coordinatore-cittadino-di-san-pietro-vernotico","status":"publish","type":"post","link":"https:\/\/www.brundisium.net\/index.php\/noi-con-salvini-antonino-mileo-e-il-nuovo-coordinatore-cittadino-di-san-pietro-vernotico\/","title":{"rendered":"Noi Con Salvini: Antonino Mileo \u00e8 il nuovo coordinatore cittadino di San Pietro Vernotico"},"content":{"rendered":"<p>Il movimento noi con Salvini \u00e8 diventata una realt\u00e0 con la quale tutti dovranno confrontarsi perch\u00e9 \u00e8 e sar\u00e0 garante del bene comune. In quest&#8217;ottica sono lieto e onorato di annunciare che Antonino Mileo \u00e8 il nuovo coordinatore cittadino di San Pietro Vernotico.<\/p>\n<p>&nbsp;<\/p>\n<p>&#8220;Ho sempre militato nella Lega che mi ha dato l&#8217;opportunit\u00e0 di diventare consigliere a 22 anni occupandomi principalmente di politiche giovanili e sviluppo di attivit\u00e0 inerenti la mobilit\u00e0&#8221;. Queste le parole di presentazione del coordinatore di San Pietro Vernotico. Nasce a Varese da genitori meridionali che non finir\u00e0 mai di ringraziare per l&#8217;educazione ricevuta. Da diversi anni vive nella cittadina brindisina e lavora presso la STP di Brindisi .<\/p>\n<p>&nbsp;<\/p>\n<p>Noi con Salvini rappresenta la sintesi perfetta tra quello che sono diventato e quello a cui aspiro e credo di poter dare un valido contributo al raggiungimento degli obiettivi comuni attraverso i valori e la produttivit\u00e0 sana per il bene del nostro paese. Ho avuto esperienze in ambito sindacale partendo da una piccola realt\u00e0 fino alla ribalta nazionale . Poi le vicissitudini locali degli ultimi tempi mi hanno &#8220;costretto a scendere in campo&#8221; politico.<br \/>\n&#8220;\u300aLa goccia che ha fatto traboccare il vaso\u300b e che io definisco una vera appropriazione indebita: la riconversione dell&#8217;Ospedale Ninetto Melli un vero e proprio scippo all&#8217;intera comunit\u00e0, oltretutto comunit\u00e0 erede testamentario di diritto!&#8221; Dopo un lavoro durato alcuni mesi il signor Piero Tondo componente del coordinamento provinciale alla presenza del Coordinatore Provinciale Taurino ha fatto una sintesi tra tutti i militanti e tesserati e si \u00e8 decisa la nomina di Antonino Mileo per l&#8217;incarico di segretario cittadino di San Pietro Vernotico . A lui vanno i nostri pi\u00f9 sinceri auguri di buon lavoro, perch\u00e9 ce ne sar\u00e0 bisogno, ma che confidiamo sar\u00e0 svolto nel migliore dei modi Paolo Taurino coordinatore provinciale Noi con Salvini Brindisi<\/p>\n<p>&nbsp;<\/p>\n<p>PAOLO TAURINO<br \/>\nCOORDINATORE PROVINCIALE<br \/>\nNOI CON SALVINI<\/p>\n<p>&nbsp;<\/p>\n","protected":false},"excerpt":{"rendered":"<p>Il movimento noi con Salvini \u00e8 diventata una realt\u00e0 con la quale tutti dovranno confrontarsi perch\u00e9 \u00e8 e sar\u00e0 garante del bene comune. In quest&#8217;ottica sono lieto e onorato di annunciare che Antonino Mileo \u00e8 il nuovo coordinatore cittadino di San Pietro Vernotico. &nbsp; &#8220;Ho sempre militato nella Lega che mi ha dato l&#8217;opportunit\u00e0 di diventare consigliere a 22 anni occupandomi principalmente di politiche giovanili e sviluppo di attivit\u00e0 inerenti la mobilit\u00e0&#8221;. Queste le parole di presentazione del coordinatore di San Pietro Vernotico. Nasce a Varese da genitori meridionali che non finir\u00e0 mai di ringraziare per l&#8217;educazione ricevuta. Da diversi anni vive nella cittadina brindisina e lavora presso la STP di Brindisi . &nbsp; Noi con Salvini rappresenta la sintesi perfetta tra quello che sono diventato e quello a cui aspiro e credo di poter dare un valido contributo al raggiungimento degli obiettivi comuni attraverso i valori e la produttivit\u00e0 sana per il bene del nostro paese. Ho avuto esperienze in ambito sindacale partendo da una piccola realt\u00e0 fino alla&#8230;<\/p>\n","protected":false},"author":2,"featured_media":113926,"comment_status":"open","ping_status":"closed","sticky":false,"template":"","format":"standard","meta":{"footnotes":""},"categories":[7],"tags":[3265],"class_list":["post-113925","post","type-post","status-publish","format-standard","has-post-thumbnail","hentry","category-news","tag-noi-con-salvini"],"_links":{"self":[{"href":"https:\/\/www.brundisium.net\/index.php\/wp-json\/wp\/v2\/posts\/113925","targetHints":{"allow":["GET"]}}],"collection":[{"href":"https:\/\/www.brundisium.net\/index.php\/wp-json\/wp\/v2\/posts"}],"about":[{"href":"https:\/\/www.brundisium.net\/index.php\/wp-json\/wp\/v2\/types\/post"}],"author":[{"embeddable":true,"href":"https:\/\/www.brundisium.net\/index.php\/wp-json\/wp\/v2\/users\/2"}],"replies":[{"embeddable":true,"href":"https:\/\/www.brundisium.net\/index.php\/wp-json\/wp\/v2\/comments?post=113925"}],"version-history":[{"count":1,"href":"https:\/\/www.brundisium.net\/index.php\/wp-json\/wp\/v2\/posts\/113925\/revisions"}],"predecessor-version":[{"id":113927,"href":"https:\/\/www.brundisium.net\/index.php\/wp-json\/wp\/v2\/posts\/113925\/revisions\/113927"}],"wp:featuredmedia":[{"embeddable":true,"href":"https:\/\/www.brundisium.net\/index.php\/wp-json\/wp\/v2\/media\/113926"}],"wp:attachment":[{"href":"https:\/\/www.brundisium.net\/index.php\/wp-json\/wp\/v2\/media?parent=113925"}],"wp:term":[{"taxonomy":"category","embeddable":true,"href":"https:\/\/www.brundisium.net\/index.php\/wp-json\/wp\/v2\/categories?post=113925"},{"taxonomy":"post_tag","embeddable":true,"href":"https:\/\/www.brundisium.net\/index.php\/wp-json\/wp\/v2\/tags?post=113925"}],"curies":[{"name":"wp","href":"https:\/\/api.w.org\/{rel}","templated":true}]}}