{"id":113948,"date":"2017-09-25T15:54:58","date_gmt":"2017-09-25T13:54:58","guid":{"rendered":"http:\/\/www.brundisium.net\/?p=113948"},"modified":"2017-09-25T14:31:18","modified_gmt":"2017-09-25T12:31:18","slug":"logistica-e-trasporti-il-porto-di-brindisi-avvia-collaborazione-con-la-svizzera","status":"publish","type":"post","link":"https:\/\/www.brundisium.net\/index.php\/logistica-e-trasporti-il-porto-di-brindisi-avvia-collaborazione-con-la-svizzera\/","title":{"rendered":"Logistica e trasporti: il porto di Brindisi avvia collaborazione con la Svizzera"},"content":{"rendered":"<p>\tIl presidente dell\u2019Autorit\u00e0 di Sistema Portuale del Mare Adriatico Meridionale, professor Ugo Patroni Griffi, nei giorni scorsi ha invitato in Puglia l\u2019ambasciatore elvetico in Italia, Giancarlo Kessler, per una visita di cortesia. <\/p>\n<p>\tDopo gli incontri istituzionali di rito, l\u2019ambasciatore \u00e8 arrivato a Brindisi dove si \u00e8 svolta una cena con i massimi rappresentanti istituzionali cittadini e alcuni operatori economici, nel corso della quale si \u00e8 discusso della possibilit\u00e0 di avviare nuove collaborazioni commerciali con il Paese elvetico. <\/p>\n<p>\tGrazie alla disponibilit\u00e0 del comandante della Capitaneria di Porto di Brindisi, C.V. (CP) Salvatore Minervino, l\u2019ambasciatore, accompagnato dalla moglie, ha visitato il porto di Brindisi a bordo di una motovedetta della Capitaneria. Il presidente e il segretario generale dell\u2019Ente portuale, amm. Salvatore Giuffr\u00e8, hanno illustrato al diplomatico le numerose opere di infrastrutturazione avviate nel porto finalizzate a rendere sempre pi\u00f9 competitivo lo scalo adriatico.<\/p>\n<p>\t\u201cInvestire nella logistica- commenta il presidente Patroni Griffi- vuol dire investire nei trasporti, nella movimentazione delle merci, nelle infrastrutture e nella fiscalit\u00e0 con notevoli ricadute sulle opportunit\u00e0 di lavoro. Fare sistema per la Puglia significa attrarre mercati senza sbocchi al mare, come la Svizzera che, tra l\u2019altro, compra moltissimi prodotti proprio nella nostra regione.\u201d<\/p>\n<p>\tIl massimo rappresentante del Governo svizzero in Italia ha, inoltre, avuto modo di visitare il COSPAS- SARSAT (stazione satellitare italiana con sede a Bari) e partecipare ad un convegno organizzato, a Manfredonia, da Confindustria sui temi delle infrastrutture, della logistica, della portualit\u00e0 e dei trasporti. <\/p>\n<p>\t\u201cSono particolarmente soddisfatto dell\u2019esito della mia visita- commenta l\u2019ambasciatore Kessler- nel corso della quale ho preso contezza di alcuni investimenti svizzeri, specialmente nel campo energetico. Ritengo che il nuovo processo di sviluppo impresso dall\u2019AdSP  e la politica dei trasporti svizzera siano accomunati da una medesima vision strategica finalizzata allo sviluppo della logistica: utilizzare un servizio integrato mare-ferrovia che sia quanto pi\u00f9 possibile ecocompatibile.\u201d<\/p>\n<p>\tL\u2019ambasciatore si \u00e8 detto disposto a farsi parte diligente al fine di incentivare nuove e fruttuose collaborazioni commerciali con la Svizzera, in favore delle aziende pugliesi che mirano, con le loro attivit\u00e0, a varcare i confini nazionali.<\/p>\n<p>COMUNICATO STAMPA ADSP DEL MAR MEDITERRANEO MERIDIONALE<\/p>\n","protected":false},"excerpt":{"rendered":"<p>Il presidente dell\u2019Autorit\u00e0 di Sistema Portuale del Mare Adriatico Meridionale, professor Ugo Patroni Griffi, nei giorni scorsi ha invitato in Puglia l\u2019ambasciatore elvetico in Italia, Giancarlo Kessler, per una visita di cortesia. Dopo gli incontri istituzionali di rito, l\u2019ambasciatore \u00e8 arrivato a Brindisi dove si \u00e8 svolta una cena con i massimi rappresentanti istituzionali cittadini e alcuni operatori economici, nel corso della quale si \u00e8 discusso della possibilit\u00e0 di avviare nuove collaborazioni commerciali con il Paese elvetico. Grazie alla disponibilit\u00e0 del comandante della Capitaneria di Porto di Brindisi, C.V. (CP) Salvatore Minervino, l\u2019ambasciatore, accompagnato dalla moglie, ha visitato il porto di Brindisi a bordo di una motovedetta della Capitaneria. Il presidente e il segretario generale dell\u2019Ente portuale, amm. Salvatore Giuffr\u00e8, hanno illustrato al diplomatico le numerose opere di infrastrutturazione avviate nel porto finalizzate a rendere sempre pi\u00f9 competitivo lo scalo adriatico. \u201cInvestire nella logistica- commenta il presidente Patroni Griffi- vuol dire investire nei trasporti, nella movimentazione delle merci, nelle infrastrutture e nella fiscalit\u00e0 con notevoli ricadute sulle opportunit\u00e0 di lavoro&#8230;.<\/p>\n","protected":false},"author":2,"featured_media":12749,"comment_status":"open","ping_status":"closed","sticky":false,"template":"","format":"standard","meta":{"footnotes":""},"categories":[7],"tags":[4877,196],"class_list":["post-113948","post","type-post","status-publish","format-standard","has-post-thumbnail","hentry","category-news","tag-adsp","tag-porto"],"_links":{"self":[{"href":"https:\/\/www.brundisium.net\/index.php\/wp-json\/wp\/v2\/posts\/113948","targetHints":{"allow":["GET"]}}],"collection":[{"href":"https:\/\/www.brundisium.net\/index.php\/wp-json\/wp\/v2\/posts"}],"about":[{"href":"https:\/\/www.brundisium.net\/index.php\/wp-json\/wp\/v2\/types\/post"}],"author":[{"embeddable":true,"href":"https:\/\/www.brundisium.net\/index.php\/wp-json\/wp\/v2\/users\/2"}],"replies":[{"embeddable":true,"href":"https:\/\/www.brundisium.net\/index.php\/wp-json\/wp\/v2\/comments?post=113948"}],"version-history":[{"count":1,"href":"https:\/\/www.brundisium.net\/index.php\/wp-json\/wp\/v2\/posts\/113948\/revisions"}],"predecessor-version":[{"id":113951,"href":"https:\/\/www.brundisium.net\/index.php\/wp-json\/wp\/v2\/posts\/113948\/revisions\/113951"}],"wp:featuredmedia":[{"embeddable":true,"href":"https:\/\/www.brundisium.net\/index.php\/wp-json\/wp\/v2\/media\/12749"}],"wp:attachment":[{"href":"https:\/\/www.brundisium.net\/index.php\/wp-json\/wp\/v2\/media?parent=113948"}],"wp:term":[{"taxonomy":"category","embeddable":true,"href":"https:\/\/www.brundisium.net\/index.php\/wp-json\/wp\/v2\/categories?post=113948"},{"taxonomy":"post_tag","embeddable":true,"href":"https:\/\/www.brundisium.net\/index.php\/wp-json\/wp\/v2\/tags?post=113948"}],"curies":[{"name":"wp","href":"https:\/\/api.w.org\/{rel}","templated":true}]}}