{"id":113954,"date":"2017-09-25T14:35:15","date_gmt":"2017-09-25T12:35:15","guid":{"rendered":"http:\/\/www.brundisium.net\/?p=113954"},"modified":"2017-09-25T14:35:15","modified_gmt":"2017-09-25T12:35:15","slug":"lora-di-tutti-ripartono-gli-incontri-di-formazione-politica-di-officina-72021","status":"publish","type":"post","link":"https:\/\/www.brundisium.net\/index.php\/lora-di-tutti-ripartono-gli-incontri-di-formazione-politica-di-officina-72021\/","title":{"rendered":"L&#8217;Ora di Tutti: ripartono gli incontri di formazione politica di Officina 72021"},"content":{"rendered":"<p>Officina 72021 riprende i suoi cicli di incontri di formazione e approfondimento politico a Francavilla Fontana. Si comincia il 28 settembre con \u201cL\u2019ora di tutti\u201d, appuntamento dedicato alla partecipazione e alla riconnessione tra cittadini e istituzioni, aperto alle riflessioni del pubblico. Sar\u00e0 anche l\u2019occasione per fare il punto della situazione sulle vicende amministrative locali.<\/p>\n<p>&nbsp;<\/p>\n<p>Partire dalla riconnessione tra cittadini e istituzioni per ripensare la politica locale: questo il tema de \u201cL\u2019ora di tutti \u2013 Riconnessione e partecipazione\u201d, primo di un nuovo ciclo di appuntamenti programmati da Officina 72021. L\u2019incontro si terr\u00e0il prossimo 28 settembre alle ore 19 presso l\u2019ex Sala Consiliare di Francavilla Fontana (Brindisi).<\/p>\n<p>&nbsp;<\/p>\n<p>Nelle intenzioni di Officina 72021, progetto ideato nel 2014 dai Giovani Comunisti del circolo di Rifondazione Comunista di Francavilla, la riconnessione tra cittadini e istituzioni deve necessariamente sostanziarsi in percorsi di partecipazione reale: solo attraverso la corretta informazione e la trasparenza \u00e8 possibile l\u2019attivazione di processi dal basso in grado di restituire nuova soggettivit\u00e0 e consapevolezza alla cittadinanza. Cos\u00ec come per gli incontri tenuti tra il 2014 e il 2016, anche con \u201cL\u2019ora di tutti\u201d l\u2019obiettivo \u00e8 fornire strumenti per riappropriarsi di temi e questioni pubbliche.<\/p>\n<p>&nbsp;<\/p>\n<p>\u00c8 opinione di Officina 72021, del resto, che nonostante lo scoramento e la disillusione diffusa, da parte di cittadini e elettori ci sia una grande domanda di buona politica, aperta e trasparente. Non \u00e8 pi\u00f9 tempo, dunque, di eludere questioni di vitale importanza per la vita di una comunit\u00e0 come quella di Francavilla. Come gestire i beni pubblici, ad esempio? Quale indirizzo scegliere per lo sviluppo locale, anche in relazione alle scelte intraprese a livello regionale? Come influire sui processi decisionali locali e nazionali?<\/p>\n<p>&nbsp;<\/p>\n<p>Naturalmente sono solo alcune delle questioni che verranno affrontate nel corso dell\u2019incontro, che vedr\u00e0 tra i relatori Madia Semeraro (Possibile), Maria Passaro(Sinistra Italiana), Emanuele Modugno (Rifondazione Comunista) e Mario Filomeno (avvocato e gi\u00e0 sindaco di Francavilla). Personalit\u00e0 che conoscono da vicino il contesto politico locale e non mancheranno di approfondirlo in questo primo appuntamento moderato da Mario Paiano (segretario PRC), il quale coordiner\u00e0 gli interventi del pubblico, fortemente invitato a partecipare con riflessione e domande.<\/p>\n<p>&nbsp;<\/p>\n<p>Dopo &#8220;L&#8217;ora di tutti&#8221;, il programma di Officina 72021 \u2013 destinato a riempire tutto l\u2019autunno francavillese \u2013 proporr\u00e0 incontri pi\u00f9 tecnici, restringendo il campo su questioni specifiche.<\/p>\n<p>&#8211;<\/p>\n<p>L\u2019ORA DI TUTTI. RICONNESSIONE E PARTECIPAZIONE<\/p>\n<p>A cura di Officina 72021<\/p>\n<p>Intervengono Madia Semeraro, Maria Passaro, Emanuele Modugno e Mario Filomeno<\/p>\n<p>28 settembre 2017 ore 19<\/p>\n<p>Ex sala consiliare, via Barbaro Forleo 1<\/p>\n<p>Francavilla Fontana (BR)<\/p>\n","protected":false},"excerpt":{"rendered":"<p>Officina 72021 riprende i suoi cicli di incontri di formazione e approfondimento politico a Francavilla Fontana. Si comincia il 28 settembre con \u201cL\u2019ora di tutti\u201d, appuntamento dedicato alla partecipazione e alla riconnessione tra cittadini e istituzioni, aperto alle riflessioni del pubblico. Sar\u00e0 anche l\u2019occasione per fare il punto della situazione sulle vicende amministrative locali. &nbsp; Partire dalla riconnessione tra cittadini e istituzioni per ripensare la politica locale: questo il tema de \u201cL\u2019ora di tutti \u2013 Riconnessione e partecipazione\u201d, primo di un nuovo ciclo di appuntamenti programmati da Officina 72021. L\u2019incontro si terr\u00e0il prossimo 28 settembre alle ore 19 presso l\u2019ex Sala Consiliare di Francavilla Fontana (Brindisi). &nbsp; Nelle intenzioni di Officina 72021, progetto ideato nel 2014 dai Giovani Comunisti del circolo di Rifondazione Comunista di Francavilla, la riconnessione tra cittadini e istituzioni deve necessariamente sostanziarsi in percorsi di partecipazione reale: solo attraverso la corretta informazione e la trasparenza \u00e8 possibile l\u2019attivazione di processi dal basso in grado di restituire nuova soggettivit\u00e0 e consapevolezza alla cittadinanza. Cos\u00ec come per gli incontri&#8230;<\/p>\n","protected":false},"author":2,"featured_media":20703,"comment_status":"open","ping_status":"closed","sticky":false,"template":"","format":"standard","meta":{"footnotes":""},"categories":[7],"tags":[27,2589],"class_list":["post-113954","post","type-post","status-publish","format-standard","has-post-thumbnail","hentry","category-news","tag-francavilla","tag-officina-72021"],"_links":{"self":[{"href":"https:\/\/www.brundisium.net\/index.php\/wp-json\/wp\/v2\/posts\/113954","targetHints":{"allow":["GET"]}}],"collection":[{"href":"https:\/\/www.brundisium.net\/index.php\/wp-json\/wp\/v2\/posts"}],"about":[{"href":"https:\/\/www.brundisium.net\/index.php\/wp-json\/wp\/v2\/types\/post"}],"author":[{"embeddable":true,"href":"https:\/\/www.brundisium.net\/index.php\/wp-json\/wp\/v2\/users\/2"}],"replies":[{"embeddable":true,"href":"https:\/\/www.brundisium.net\/index.php\/wp-json\/wp\/v2\/comments?post=113954"}],"version-history":[{"count":1,"href":"https:\/\/www.brundisium.net\/index.php\/wp-json\/wp\/v2\/posts\/113954\/revisions"}],"predecessor-version":[{"id":113956,"href":"https:\/\/www.brundisium.net\/index.php\/wp-json\/wp\/v2\/posts\/113954\/revisions\/113956"}],"wp:featuredmedia":[{"embeddable":true,"href":"https:\/\/www.brundisium.net\/index.php\/wp-json\/wp\/v2\/media\/20703"}],"wp:attachment":[{"href":"https:\/\/www.brundisium.net\/index.php\/wp-json\/wp\/v2\/media?parent=113954"}],"wp:term":[{"taxonomy":"category","embeddable":true,"href":"https:\/\/www.brundisium.net\/index.php\/wp-json\/wp\/v2\/categories?post=113954"},{"taxonomy":"post_tag","embeddable":true,"href":"https:\/\/www.brundisium.net\/index.php\/wp-json\/wp\/v2\/tags?post=113954"}],"curies":[{"name":"wp","href":"https:\/\/api.w.org\/{rel}","templated":true}]}}