{"id":113993,"date":"2017-09-25T19:10:47","date_gmt":"2017-09-25T17:10:47","guid":{"rendered":"http:\/\/www.brundisium.net\/?p=113993"},"modified":"2017-09-25T23:12:38","modified_gmt":"2017-09-25T21:12:38","slug":"festa-dei-lettori-cinque-giornate-diniziative-dedicate-alla-promozione-della-lettura","status":"publish","type":"post","link":"https:\/\/www.brundisium.net\/index.php\/festa-dei-lettori-cinque-giornate-diniziative-dedicate-alla-promozione-della-lettura\/","title":{"rendered":"\u201cFesta dei lettori\u201d, cinque giornate d\u2019iniziative dedicate alla promozione della lettura"},"content":{"rendered":"<p>Da mercoled\u00ec 27 settembre a luned\u00ec 2 ottobre si svolger\u00e0 a Fasano la \u201cFesta dei lettori 2017\u201d giunta alla sua 13^ edizione, destinata alla promozione della lettura e che quest\u2019anno \u00e8 intitolata \u201cSconfinaMenti\u201d.<\/p>\n<p>&nbsp;<\/p>\n<p>Organizzata dalla locale associazione \u201cPresidi del libro\u201d, col patrocinio della Regione Puglia e del Comune di Fasano, l\u2019iniziativa (che si tiene con altre associazioni in diverse regioni italiane) vedr\u00e0 la collaborazione dei sodalizi locali Rotary club, Inner Wheel, \u201cU\u2019mbracchie\u201d e \u201cPhotografiAmo\u201d.<\/p>\n<p>&nbsp;<\/p>\n<p>Tutti introdotti da Annamaria Toma, responsabile dei \u201cPresidi del libro\u201d di Fasano, il primo appuntamento si terr\u00e0 mercoled\u00ec 27 alle ore 18 nella \u201cCasa-Museo alla Fasanese\u201d dove s\u2019inaugurer\u00e0 una mostra fotografica di Chiara Samugheo (storica fotografa italiana) e di Daniela Ciriello (fotografa barese). La mostra potr\u00e0 essere visitata fino al 2 ottobre dalle ore 18.30 alle 20.30. Al vernissage seguir\u00e0 la presentazione del libro della stessa Ciriello e di Antonella Caprio \u201cUn granello di colpa\u201d (Edizioni Radici Future) e con Daniela Ciriello dialogher\u00e0 la giornalista Annamaria Minunno.<\/p>\n<p>&nbsp;<\/p>\n<p>&nbsp;<\/p>\n<p>Gioved\u00ec 28 settembre alle ore 18 nel Chiostro dei Minori Osservanti (in corso Vittorio Emanuele) sar\u00e0 presentato il libro di Francesca Borri \u201cMa quale paradiso? Tra i Jihadisti delle Maldive\u201d (edito da Einaudi). Con la giornalista-inviata di guerra, e scrittrice barese, converser\u00e0 il giornalista Donato Mancini, attuale presidente del Rotary club di Fasano.<\/p>\n<p>&nbsp;<\/p>\n<p>&nbsp;<\/p>\n<p>Luned\u00ec 2 ottobre alle ore 18 nella \u201cCasa-Museo alla Fasanese\u201d verr\u00e0 presentato il libro monografico \u201cChiara Samugheo, un\u2019amazzone della fotografia\u201d (Les Flaneurs Edizioni) curato da Piero Fabris, Renato Longo, Daniela e Germana Ciriello. Interverranno ad illustrare la monografia proprio le Ciriello e lo stesso Fabris.<\/p>\n<p>&nbsp;<\/p>\n<p>&nbsp;<\/p>\n<p>Venerd\u00ec e sabato mattina 29 e 30 settembre, invece, si terranno alcune iniziative riservate agli studenti (reading, performance, laboratori sul tema \u201cSguardi sull\u2019esistenza oltre i confini\u201d) dell\u2019istituto d\u2019istruzione secondaria superiore \u201cLeonardo da Vinci\u201d, della scuola secondaria di 1\u00b0 grado \u201cBianco-Pascoli\u201d e dei plessi del 2\u00b0 Circolo didattico, ossia di quegli istituti scolastici che hanno aderito all\u2019iniziativa.<\/p>\n<p>&nbsp;<\/p>\n<p><strong> Comune di Fasano<\/strong><br \/>\n<strong> Ufficio Stampa<\/strong><\/p>\n","protected":false},"excerpt":{"rendered":"<p>Da mercoled\u00ec 27 settembre a luned\u00ec 2 ottobre si svolger\u00e0 a Fasano la \u201cFesta dei lettori 2017\u201d giunta alla sua 13^ edizione, destinata alla promozione della lettura e che quest\u2019anno \u00e8 intitolata \u201cSconfinaMenti\u201d. &nbsp; Organizzata dalla locale associazione \u201cPresidi del libro\u201d, col patrocinio della Regione Puglia e del Comune di Fasano, l\u2019iniziativa (che si tiene con altre associazioni in diverse regioni italiane) vedr\u00e0 la collaborazione dei sodalizi locali Rotary club, Inner Wheel, \u201cU\u2019mbracchie\u201d e \u201cPhotografiAmo\u201d. &nbsp; Tutti introdotti da Annamaria Toma, responsabile dei \u201cPresidi del libro\u201d di Fasano, il primo appuntamento si terr\u00e0 mercoled\u00ec 27 alle ore 18 nella \u201cCasa-Museo alla Fasanese\u201d dove s\u2019inaugurer\u00e0 una mostra fotografica di Chiara Samugheo (storica fotografa italiana) e di Daniela Ciriello (fotografa barese). La mostra potr\u00e0 essere visitata fino al 2 ottobre dalle ore 18.30 alle 20.30. Al vernissage seguir\u00e0 la presentazione del libro della stessa Ciriello e di Antonella Caprio \u201cUn granello di colpa\u201d (Edizioni Radici Future) e con Daniela Ciriello dialogher\u00e0 la giornalista Annamaria Minunno. &nbsp; &nbsp; Gioved\u00ec 28 settembre alle ore&#8230;<\/p>\n","protected":false},"author":2,"featured_media":113994,"comment_status":"open","ping_status":"closed","sticky":false,"template":"","format":"standard","meta":{"footnotes":""},"categories":[7],"tags":[244,2651],"class_list":["post-113993","post","type-post","status-publish","format-standard","has-post-thumbnail","hentry","category-news","tag-fasano","tag-festa-dei-lettori"],"_links":{"self":[{"href":"https:\/\/www.brundisium.net\/index.php\/wp-json\/wp\/v2\/posts\/113993","targetHints":{"allow":["GET"]}}],"collection":[{"href":"https:\/\/www.brundisium.net\/index.php\/wp-json\/wp\/v2\/posts"}],"about":[{"href":"https:\/\/www.brundisium.net\/index.php\/wp-json\/wp\/v2\/types\/post"}],"author":[{"embeddable":true,"href":"https:\/\/www.brundisium.net\/index.php\/wp-json\/wp\/v2\/users\/2"}],"replies":[{"embeddable":true,"href":"https:\/\/www.brundisium.net\/index.php\/wp-json\/wp\/v2\/comments?post=113993"}],"version-history":[{"count":1,"href":"https:\/\/www.brundisium.net\/index.php\/wp-json\/wp\/v2\/posts\/113993\/revisions"}],"predecessor-version":[{"id":113995,"href":"https:\/\/www.brundisium.net\/index.php\/wp-json\/wp\/v2\/posts\/113993\/revisions\/113995"}],"wp:featuredmedia":[{"embeddable":true,"href":"https:\/\/www.brundisium.net\/index.php\/wp-json\/wp\/v2\/media\/113994"}],"wp:attachment":[{"href":"https:\/\/www.brundisium.net\/index.php\/wp-json\/wp\/v2\/media?parent=113993"}],"wp:term":[{"taxonomy":"category","embeddable":true,"href":"https:\/\/www.brundisium.net\/index.php\/wp-json\/wp\/v2\/categories?post=113993"},{"taxonomy":"post_tag","embeddable":true,"href":"https:\/\/www.brundisium.net\/index.php\/wp-json\/wp\/v2\/tags?post=113993"}],"curies":[{"name":"wp","href":"https:\/\/api.w.org\/{rel}","templated":true}]}}