{"id":114044,"date":"2017-10-02T17:00:56","date_gmt":"2017-10-02T15:00:56","guid":{"rendered":"http:\/\/www.brundisium.net\/?p=114044"},"modified":"2017-10-02T17:18:53","modified_gmt":"2017-10-02T15:18:53","slug":"martedi-3-sinaugura-la-nuova-stagione-di-attivita-del-centro-di-aggregazione-giovanile-di-brindisi","status":"publish","type":"post","link":"https:\/\/www.brundisium.net\/index.php\/martedi-3-sinaugura-la-nuova-stagione-di-attivita-del-centro-di-aggregazione-giovanile-di-brindisi\/","title":{"rendered":"Marted\u00ec 3 s\u2019inaugura la nuova stagione di attivit\u00e0 del Centro di Aggregazione Giovanile di Brindisi"},"content":{"rendered":"<p><a href=\"http:\/\/www.brundisium.net\/brun\/wp-content\/uploads\/2017\/09\/INAUGURAZIONE_3_OTTOBRE_2017_web.jpg\"><img loading=\"lazy\" decoding=\"async\" class=\"alignleft wp-image-114520 size-medium\" src=\"http:\/\/www.brundisium.net\/brun\/wp-content\/uploads\/2017\/09\/INAUGURAZIONE_3_OTTOBRE_2017_web-212x300.jpg\" alt=\"\" width=\"212\" height=\"300\" srcset=\"https:\/\/www.brundisium.net\/brun\/wp-content\/uploads\/2017\/09\/INAUGURAZIONE_3_OTTOBRE_2017_web-212x300.jpg 212w, https:\/\/www.brundisium.net\/brun\/wp-content\/uploads\/2017\/09\/INAUGURAZIONE_3_OTTOBRE_2017_web-768x1086.jpg 768w, https:\/\/www.brundisium.net\/brun\/wp-content\/uploads\/2017\/09\/INAUGURAZIONE_3_OTTOBRE_2017_web-724x1024.jpg 724w, https:\/\/www.brundisium.net\/brun\/wp-content\/uploads\/2017\/09\/INAUGURAZIONE_3_OTTOBRE_2017_web.jpg 1500w\" sizes=\"auto, (max-width: 212px) 100vw, 212px\" \/><\/a>Marted\u00ec 3 ottobre s\u2019inaugura la nuova stagione di attivit\u00e0 del Centro di Aggregazione Giovanile di Brindisi. Sono invitati i cittadini e le famiglie del Quartiere Paradiso e dell&#8217;intera citt\u00e0.<\/p>\n<p>Sono invitati i cittadini e le famiglie del Quartiere Paradiso e dell&#8217;intera citt\u00e0.<\/p>\n<p>&nbsp;<\/p>\n<p>Per l&#8217;occasione i partecipanti, con l&#8217;aiuto degli operatori del Centro, arricchiranno l\u2019area relax del parco, realizzata in autocostruzione la scorsa stagione durante il laboratorio di Riciclo Creativo, e le fioriere intorno alla struttura attraverso la piantumazione di nuovi alberi e piante ornamentali.<\/p>\n<p>E&#8217; \u00a0previsto un intervento volto all\u2019abbellimento di un muro esterno del Centro che prosegue il lavoro iniziato dai bambini e dai ragazzi che hanno preso parte al laboratorio di Arti urbane nella stagione 2016 \u2013 2017. Atti simbolici di cura e bellezza, che ispireranno le attivit\u00e0 durante l\u2019anno per promuovere l\u2019impegno a contribuire tutti al miglioramento del Quartiere e della citt\u00e0.<\/p>\n<p>&nbsp;<\/p>\n<p>Gli operatori presenteranno le linee guida della programmazione di questa nuova stagione con le attivit\u00e0 previste per i prossimi mesi.<\/p>\n<p>&nbsp;<\/p>\n<p>L\u2019intrattenimento musicale dal vivo \u00e8 affidato ai Rinoplastici, band brindisina che ripercorre la carriera musicale di Rino Gaetano e propone brani da cantare e ballare insieme ai partecipanti.<\/p>\n<p>&nbsp;<\/p>\n<p>Ogni famiglia porter\u00e0 a casa un bulbo al quale sar\u00e0 abbinata una citazione sul tema della legalit\u00e0 da far crescere e curare come simbolica assunzione di responsabilit\u00e0.<\/p>\n<p>&nbsp;<\/p>\n<p>&nbsp;<\/p>\n<p>La gestione della programmazione e delle attivit\u00e0 del Centro di Aggregazione Giovanile del Comune di Brindisi &#8211; Assessorato alle Politiche Sociali, \u00e8 stata affidata per un ulteriore anno di mandato all&#8217;ATI composta dalle Cooperative Sociali \u201cAmani\u201d e \u201cSolidariet\u00e0 e Rinnovamento\u201d di Brindisi.<br \/>\nIl Centro rappresenta ormai un importante riferimento nel quartiere Paradiso e nell&#8217;intera citt\u00e0 per tanti bambini, ragazzi, giovani, genitori e famiglie che trovano in questo luogo gli spazi per la crescita educativa personale e collettiva e la socializzazione. Quest&#8217;anno la programmazione \u00e8 incentrata sulle tematiche della legalit\u00e0 e dell\u2019 intercultura, e promuover\u00e0 la riqualificazione, il rispetto e la valorizzazione dei beni comuni e l\u2019adozione di sani stili di vita.<\/p>\n<p>&nbsp;<\/p>\n<p>&nbsp;<\/p>\n<p>Nel loro lavoro quotidiano gli operatori saranno al servizio dei cittadini offrendo un\u2019ampia scelta tra laboratori e progetti rivolti ai giovani dai 6 anni in su, ma anche ai loro genitori: il Sostegno Scolastico, concordato in forma di accompagnamento e di orientamento con dirigenti e docenti delle scuole del quartiere, rimane una delle principali offerte. Il laboratorio di Cucina, sempre rivolto ad adulti e bambini, prevede, in collaborazione con l\u2019Asl di Brindisi, un percorso che renda pi\u00f9 consapevoli gli utenti rispetto ai corretti stili di vita, in particolare la sana alimentazione e il movimento, arricchendosi di itinerari culturali e ambientali guidati da percorrere insieme. Ascolto e condivisione sono sempre al centro degli appuntamenti dedicati alla Zumba per mamme e bambini e volti alla riscoperta della propria corporeit\u00e0 e di quella dell\u2019altro attraverso la realizzazione di alcune coreografie. La creativit\u00e0 e l\u2019arte continueranno a essere importanti strumenti per l&#8217;azione educativa dei valori, delle regole di convivenza e delle buone pratiche all\u2019interno dei laboratori di Arte Urbana, Computer Music e Lab Audio nell\u2019ambito dei quali partiranno dei progetti di alternanza scuola lavoro in convenzione con il Liceo Artistico e Musicale Simone \u2013 Durano di Brindisi. Il laboratorio di Riciclo creativo continuer\u00e0 a vedere impegnati alcuni abitanti del quartiere di tutte le et\u00e0 nella realizzazione di nuove aree attrezzate del parco. Il laboratorio audio aperto gratuitamente ai musicisti di Brindisi e provincia, ma non solo, continuer\u00e0 ad ospitare progetti speciali come quelli realizzati in collaborazione con Associazioni di Brindisi che operano nel sociale, e promuover\u00e0 frequenti iniziative con spazi per esibizioni dal vivo e dibattiti sui temi di attualit\u00e0 legati alla diffusione, alla distribuzione e alla promozione della musica.<\/p>\n<p>&nbsp;<\/p>\n<p>Grande importanza continuer\u00e0 a essere attribuita alla costruzione di una solida e costruttiva rete di collaborazione con tutte le realt\u00e0, associazioni, scuole, parrocchie, che a vario titolo sono attive sul nostro territorio, e si dar\u00e0 voce e spazio a tutti i ragazzi che avranno voglia di esprimersi e di progettare iniziative e processi di crescita condivisi per la nostra Comunit\u00e0.<\/p>\n<p>&nbsp;<\/p>\n<p>&nbsp;<\/p>\n","protected":false},"excerpt":{"rendered":"<p>Marted\u00ec 3 ottobre s\u2019inaugura la nuova stagione di attivit\u00e0 del Centro di Aggregazione Giovanile di Brindisi. Sono invitati i cittadini e le famiglie del Quartiere Paradiso e dell&#8217;intera citt\u00e0. Sono invitati i cittadini e le famiglie del Quartiere Paradiso e dell&#8217;intera citt\u00e0. &nbsp; Per l&#8217;occasione i partecipanti, con l&#8217;aiuto degli operatori del Centro, arricchiranno l\u2019area relax del parco, realizzata in autocostruzione la scorsa stagione durante il laboratorio di Riciclo Creativo, e le fioriere intorno alla struttura attraverso la piantumazione di nuovi alberi e piante ornamentali. E&#8217; \u00a0previsto un intervento volto all\u2019abbellimento di un muro esterno del Centro che prosegue il lavoro iniziato dai bambini e dai ragazzi che hanno preso parte al laboratorio di Arti urbane nella stagione 2016 \u2013 2017. Atti simbolici di cura e bellezza, che ispireranno le attivit\u00e0 durante l\u2019anno per promuovere l\u2019impegno a contribuire tutti al miglioramento del Quartiere e della citt\u00e0. &nbsp; Gli operatori presenteranno le linee guida della programmazione di questa nuova stagione con le attivit\u00e0 previste per i prossimi mesi. &nbsp; L\u2019intrattenimento musicale&#8230;<\/p>\n","protected":false},"author":2,"featured_media":114045,"comment_status":"open","ping_status":"closed","sticky":false,"template":"","format":"standard","meta":{"footnotes":""},"categories":[7],"tags":[2098],"class_list":["post-114044","post","type-post","status-publish","format-standard","has-post-thumbnail","hentry","category-news","tag-cag-brindisi"],"_links":{"self":[{"href":"https:\/\/www.brundisium.net\/index.php\/wp-json\/wp\/v2\/posts\/114044","targetHints":{"allow":["GET"]}}],"collection":[{"href":"https:\/\/www.brundisium.net\/index.php\/wp-json\/wp\/v2\/posts"}],"about":[{"href":"https:\/\/www.brundisium.net\/index.php\/wp-json\/wp\/v2\/types\/post"}],"author":[{"embeddable":true,"href":"https:\/\/www.brundisium.net\/index.php\/wp-json\/wp\/v2\/users\/2"}],"replies":[{"embeddable":true,"href":"https:\/\/www.brundisium.net\/index.php\/wp-json\/wp\/v2\/comments?post=114044"}],"version-history":[{"count":3,"href":"https:\/\/www.brundisium.net\/index.php\/wp-json\/wp\/v2\/posts\/114044\/revisions"}],"predecessor-version":[{"id":114521,"href":"https:\/\/www.brundisium.net\/index.php\/wp-json\/wp\/v2\/posts\/114044\/revisions\/114521"}],"wp:featuredmedia":[{"embeddable":true,"href":"https:\/\/www.brundisium.net\/index.php\/wp-json\/wp\/v2\/media\/114045"}],"wp:attachment":[{"href":"https:\/\/www.brundisium.net\/index.php\/wp-json\/wp\/v2\/media?parent=114044"}],"wp:term":[{"taxonomy":"category","embeddable":true,"href":"https:\/\/www.brundisium.net\/index.php\/wp-json\/wp\/v2\/categories?post=114044"},{"taxonomy":"post_tag","embeddable":true,"href":"https:\/\/www.brundisium.net\/index.php\/wp-json\/wp\/v2\/tags?post=114044"}],"curies":[{"name":"wp","href":"https:\/\/api.w.org\/{rel}","templated":true}]}}