{"id":114110,"date":"2017-09-27T17:40:27","date_gmt":"2017-09-27T15:40:27","guid":{"rendered":"http:\/\/www.brundisium.net\/?p=114110"},"modified":"2017-09-27T17:40:27","modified_gmt":"2017-09-27T15:40:27","slug":"vincenzo-epifani-lascia-la-presidenza-di-torre-guaceto-ottenuti-importanti-risultati","status":"publish","type":"post","link":"https:\/\/www.brundisium.net\/index.php\/vincenzo-epifani-lascia-la-presidenza-di-torre-guaceto-ottenuti-importanti-risultati\/","title":{"rendered":"Vincenzo Epifani lascia la presidenza di Torre Guaceto: &#8220;ottenuti importanti risultati&#8221;"},"content":{"rendered":"<p>A due anni, dall\u2019inizio del mio ultimo mandato di presidente del Consorzio di Gestione di Torre Guaceto, annuncio le mie dimissioni.<\/p>\n<p>&nbsp;<\/p>\n<p>Sono stati due anni intensi nei quali sono riuscito a raggiungere gli obiettivi che mi ero prefissato all\u2019inizio di questa nuova esperienza e per questo voglio ringraziare tutti coloro che hanno creduto in me, la squadra che mi ha sostenuto e chi, operando all\u2019interno del Consorzio, ogni giorno da l\u2019anima per la Riserva.<\/p>\n<p>&nbsp;<\/p>\n<p>Al mio insediamento, mi ero ripromesso che sarei riuscito a fare di un elemento detrattore, quale lo scarico delle acque depurate nel canale Reale, una virt\u00f9.<\/p>\n<p>&nbsp;<\/p>\n<p>E bene, il sogno si realizzer\u00e0, quella che permetter\u00e0 di concretizzare questo mio desiderio, sar\u00e0 l\u2019opera pi\u00f9 importante della storia della Riserva. Abbiamo lavorato tanto al progetto per l\u2019uso irriguo dei reflui, innanzitutto per porre uno stop alla loro immissione nell\u2019area marina protetta, in seconda istanza per tendere una mano al nostro territorio e ai suoi agricoltori.<\/p>\n<p>&nbsp;<\/p>\n<p>Con il riuso in agricoltura, infatti, i proprietari dei terreni interni alla Riserva potranno approvvigionarsi di acqua e saranno messi nelle condizioni di non utilizzare pi\u00f9 i propri pozzi artesiani rei dell\u2019aumento del cuneo salino della falda. L\u2019attuazione di questo progetto avr\u00e0 ricadute positive su tutto il territorio e permetter\u00e0 la chiusura del ciclo dei reflui.<\/p>\n<p>&nbsp;<\/p>\n<p>E abbiamo anche dato un grande contributo al progetto, gi\u00e0 ammesso al finanziamento, per una nuova ed efficace condotta sottomarina che entrer\u00e0 in funzione e spinger\u00e0 le acque depurate fuori dalla Riserva solo in casi eccezionali.<\/p>\n<p>&nbsp;<\/p>\n<p>Inoltre, solo nell\u2019ultimo periodo abbiamo vinto bandi per la realizzazione di due importanti progetti. Il primo permetter\u00e0 di raggiungere a tre risultati: la realizzazione di un importante ripristino ambientale, la riproduzione in cattivit\u00e0 di un nucleo di morette tabaccate finalizzata al rilascio annuale in natura dei nati, il ripristino dunale. Il secondo permetter\u00e0 di creare un coordinamento dei centri recupero delle tartarughe marine in Puglia, e cos\u00ec mi ricollego ad un\u2019altra delle grandi soddisfazioni ottenute negli ultimi due anni: l\u2019apertura del Centro Recupero \u201cLuigi Cantoro\u201d con il quale il Consorzio ha gi\u00e0 salvato e rimesso in libert\u00e0 decine di Caretta caretta.<\/p>\n<p>&nbsp;<\/p>\n<p>Sono soddisfatto di tutte le piccole e grandi azioni svolte durante la mia presidenza, di tutti i progetti che ci hanno permesso di proteggere e promuovere Torre Guaceto, ma anche tutto il territorio partendo dal mio comune, Carovigno che con noi ha ottenuto importanti certificazioni come l\u2019assegnazione della Bandiera Blu per il secondo anno consecutivo e la Spiga Verde.<\/p>\n<p>&nbsp;<\/p>\n<p>La Riserva di Torre Guaceto ora \u00e8 pi\u00f9 forte che mai, primeggia a livello internazionale ed \u00e8 modello e simbolo di sostenibilit\u00e0 e governance intelligente delle risorse naturali che, con la giusta guida possono essere fruite.<\/p>\n<p>&nbsp;<\/p>\n<p>Neanche un anno addietro, infatti, abbiamo ricevuto l\u2019ennesimo riconoscimento che mi ha reso particolarmente orgoglioso: la definizione dell\u2019area protetta quale meta per il turismo sostenibile nell\u2019ambito della Carta europea.<\/p>\n<p>&nbsp;<\/p>\n<p>Forte del lavoro fatto e senza rimpianti, perci\u00f2, ora ritengo opportuno rimettere nelle mani del sindaco la mia carica. Sono certo che chi mi seguir\u00e0 far\u00e0 del suo meglio e dedicher\u00e0 tutto se stesso alla Riserva, cos\u00ec come ho fatto io.<\/p>\n<p>&nbsp;<\/p>\n<p>Oggi mi preparo a lasciare la presidenza del Consorzio di Torre Guaceto, ma non dico addio al mio territorio. Continuer\u00f2 a dare il mio contributo per il suo sviluppo, semplicemente, lo far\u00f2 in modo diverso.<\/p>\n<p>&nbsp;<\/p>\n<p>&nbsp;<\/p>\n<p><strong>COMUNICAZIONE CONSORZIO DI GESTIONE DI TORRE GUACETO<\/strong><\/p>\n","protected":false},"excerpt":{"rendered":"<p>A due anni, dall\u2019inizio del mio ultimo mandato di presidente del Consorzio di Gestione di Torre Guaceto, annuncio le mie dimissioni. &nbsp; Sono stati due anni intensi nei quali sono riuscito a raggiungere gli obiettivi che mi ero prefissato all\u2019inizio di questa nuova esperienza e per questo voglio ringraziare tutti coloro che hanno creduto in me, la squadra che mi ha sostenuto e chi, operando all\u2019interno del Consorzio, ogni giorno da l\u2019anima per la Riserva. &nbsp; Al mio insediamento, mi ero ripromesso che sarei riuscito a fare di un elemento detrattore, quale lo scarico delle acque depurate nel canale Reale, una virt\u00f9. &nbsp; E bene, il sogno si realizzer\u00e0, quella che permetter\u00e0 di concretizzare questo mio desiderio, sar\u00e0 l\u2019opera pi\u00f9 importante della storia della Riserva. Abbiamo lavorato tanto al progetto per l\u2019uso irriguo dei reflui, innanzitutto per porre uno stop alla loro immissione nell\u2019area marina protetta, in seconda istanza per tendere una mano al nostro territorio e ai suoi agricoltori. &nbsp; Con il riuso in agricoltura, infatti, i proprietari dei&#8230;<\/p>\n","protected":false},"author":2,"featured_media":114111,"comment_status":"open","ping_status":"closed","sticky":false,"template":"","format":"standard","meta":{"footnotes":""},"categories":[7],"tags":[1126],"class_list":["post-114110","post","type-post","status-publish","format-standard","has-post-thumbnail","hentry","category-news","tag-torre-guaceto"],"_links":{"self":[{"href":"https:\/\/www.brundisium.net\/index.php\/wp-json\/wp\/v2\/posts\/114110","targetHints":{"allow":["GET"]}}],"collection":[{"href":"https:\/\/www.brundisium.net\/index.php\/wp-json\/wp\/v2\/posts"}],"about":[{"href":"https:\/\/www.brundisium.net\/index.php\/wp-json\/wp\/v2\/types\/post"}],"author":[{"embeddable":true,"href":"https:\/\/www.brundisium.net\/index.php\/wp-json\/wp\/v2\/users\/2"}],"replies":[{"embeddable":true,"href":"https:\/\/www.brundisium.net\/index.php\/wp-json\/wp\/v2\/comments?post=114110"}],"version-history":[{"count":1,"href":"https:\/\/www.brundisium.net\/index.php\/wp-json\/wp\/v2\/posts\/114110\/revisions"}],"predecessor-version":[{"id":114112,"href":"https:\/\/www.brundisium.net\/index.php\/wp-json\/wp\/v2\/posts\/114110\/revisions\/114112"}],"wp:featuredmedia":[{"embeddable":true,"href":"https:\/\/www.brundisium.net\/index.php\/wp-json\/wp\/v2\/media\/114111"}],"wp:attachment":[{"href":"https:\/\/www.brundisium.net\/index.php\/wp-json\/wp\/v2\/media?parent=114110"}],"wp:term":[{"taxonomy":"category","embeddable":true,"href":"https:\/\/www.brundisium.net\/index.php\/wp-json\/wp\/v2\/categories?post=114110"},{"taxonomy":"post_tag","embeddable":true,"href":"https:\/\/www.brundisium.net\/index.php\/wp-json\/wp\/v2\/tags?post=114110"}],"curies":[{"name":"wp","href":"https:\/\/api.w.org\/{rel}","templated":true}]}}