{"id":114142,"date":"2017-09-28T09:44:25","date_gmt":"2017-09-28T07:44:25","guid":{"rendered":"http:\/\/www.brundisium.net\/?p=114142"},"modified":"2017-09-28T09:44:25","modified_gmt":"2017-09-28T07:44:25","slug":"semafori-non-funzionanti-a-fasano-m5s-e-una-priorita","status":"publish","type":"post","link":"https:\/\/www.brundisium.net\/index.php\/semafori-non-funzionanti-a-fasano-m5s-e-una-priorita\/","title":{"rendered":"Semafori non funzionanti a Fasano, M5S: &#8220;\u00e8 una priorit\u00e0&#8221;"},"content":{"rendered":"<p>CAOS SEMAFORI!<\/p>\n<p>Avremmo potuto esordire cos\u00ec, ma comprendiamo le difficolt\u00e0 che incombono su un&#8217; amministrazione comunale.<\/p>\n<p>&nbsp;<\/p>\n<p>D&#8217;altra parte, riteniamo che la vicenda dei semafori non funzionanti, avesse la priorit\u00e0. D&#8217;altronde dopo la dichiarazione del Sindaco Zaccaria del 17 agosto &#8216;La questione semafori in cima ai miei pensieri&#8217;, ritenevamo fosse una priorit\u00e0 anche per lui.<\/p>\n<p>&nbsp;<\/p>\n<p>Quando si tratta della sicurezza dei cittadini, c&#8217;\u00e8 poco da scherzare, ecco perch\u00e9 chiediamo un intervento urgente, che riporti la circolazione del traffico cittadino alla normalit\u00e0, e magari, dato ormai il totale abbandono degli impianti, una rigenerazione all&#8217;altezza dei tempi che viviamo.<\/p>\n<p>&nbsp;<\/p>\n<p>Non sono pochi i disagi e gli incidenti che hanno come concausa i semafori fuori uso. Soprattutto in una citt\u00e0, non famosa per il rispetto delle precedenze, vediamone alcuni:<\/p>\n<p>&nbsp;<\/p>\n<p>Era il 29\/09\/2016 quando, al semaforo all&#8217;altezza della villa comunale, ci fu un incidente rovinoso, fra l&#8217;auto di un ex vigile, ed uno scooter con a bordo due studenti. Si sfior\u00f2 la tragedia! Pi\u00f9 di un mese d&#8217;ospedale per gli studenti, e un&#8217;operazione al femore per entrambi. IL SEMAFORO ERA SPENTO.<\/p>\n<p>&nbsp;<\/p>\n<p>Era il 27\/01\/2014, quando, all&#8217;incrocio tra via Roma e via Nazionale dei Trulli, due auto si schiantarono, gli occupanti delle auto, se la cavarono con lievi lesioni. IL SEMAFORO ERA SPENTO.<\/p>\n<p>&nbsp;<\/p>\n<p>Era il 25\/09\/2012, quando, una donna fu investita, attraversando via Nazionale dei Trulli, all&#8217;altezza di via Roma. IL SEMAFORO ERA MAL FUNZIONANTE.<\/p>\n<p>&nbsp;<\/p>\n<p>Ed ancora&#8230;<\/p>\n<p>&nbsp;<\/p>\n<p>Ovviamente la colpa non \u00e8 attribuibile alla nuova giunta, e fortunatamente, pare che dall&#8217;elezione del nuovo primo cittadino, si sia verificato, solo uno di questi incidenti, forse il pi\u00f9 grave, ma noi cittadini, ci aspettiamo, che si faccia il possibile per evitare altri episodi, come quelli sopra citati.<\/p>\n<p>&nbsp;<\/p>\n<p>Confidiamo in un intervento immediato del nostro Sindaco, ricordandogli che \u00e8 gi\u00e0 passato un mese dal 17 Agosto e gli auguriamo un buon lavoro.<\/p>\n<p>&nbsp;<\/p>\n<p>&nbsp;<\/p>\n<p><strong>FASANO CINQUE STELLE<\/strong><\/p>\n","protected":false},"excerpt":{"rendered":"<p>CAOS SEMAFORI! Avremmo potuto esordire cos\u00ec, ma comprendiamo le difficolt\u00e0 che incombono su un&#8217; amministrazione comunale. &nbsp; D&#8217;altra parte, riteniamo che la vicenda dei semafori non funzionanti, avesse la priorit\u00e0. D&#8217;altronde dopo la dichiarazione del Sindaco Zaccaria del 17 agosto &#8216;La questione semafori in cima ai miei pensieri&#8217;, ritenevamo fosse una priorit\u00e0 anche per lui. &nbsp; Quando si tratta della sicurezza dei cittadini, c&#8217;\u00e8 poco da scherzare, ecco perch\u00e9 chiediamo un intervento urgente, che riporti la circolazione del traffico cittadino alla normalit\u00e0, e magari, dato ormai il totale abbandono degli impianti, una rigenerazione all&#8217;altezza dei tempi che viviamo. &nbsp; Non sono pochi i disagi e gli incidenti che hanno come concausa i semafori fuori uso. Soprattutto in una citt\u00e0, non famosa per il rispetto delle precedenze, vediamone alcuni: &nbsp; Era il 29\/09\/2016 quando, al semaforo all&#8217;altezza della villa comunale, ci fu un incidente rovinoso, fra l&#8217;auto di un ex vigile, ed uno scooter con a bordo due studenti. Si sfior\u00f2 la tragedia! Pi\u00f9 di un mese d&#8217;ospedale per gli studenti,&#8230;<\/p>\n","protected":false},"author":2,"featured_media":114143,"comment_status":"open","ping_status":"closed","sticky":false,"template":"","format":"standard","meta":{"footnotes":""},"categories":[7],"tags":[244,435],"class_list":["post-114142","post","type-post","status-publish","format-standard","has-post-thumbnail","hentry","category-news","tag-fasano","tag-m5s"],"_links":{"self":[{"href":"https:\/\/www.brundisium.net\/index.php\/wp-json\/wp\/v2\/posts\/114142","targetHints":{"allow":["GET"]}}],"collection":[{"href":"https:\/\/www.brundisium.net\/index.php\/wp-json\/wp\/v2\/posts"}],"about":[{"href":"https:\/\/www.brundisium.net\/index.php\/wp-json\/wp\/v2\/types\/post"}],"author":[{"embeddable":true,"href":"https:\/\/www.brundisium.net\/index.php\/wp-json\/wp\/v2\/users\/2"}],"replies":[{"embeddable":true,"href":"https:\/\/www.brundisium.net\/index.php\/wp-json\/wp\/v2\/comments?post=114142"}],"version-history":[{"count":1,"href":"https:\/\/www.brundisium.net\/index.php\/wp-json\/wp\/v2\/posts\/114142\/revisions"}],"predecessor-version":[{"id":114144,"href":"https:\/\/www.brundisium.net\/index.php\/wp-json\/wp\/v2\/posts\/114142\/revisions\/114144"}],"wp:featuredmedia":[{"embeddable":true,"href":"https:\/\/www.brundisium.net\/index.php\/wp-json\/wp\/v2\/media\/114143"}],"wp:attachment":[{"href":"https:\/\/www.brundisium.net\/index.php\/wp-json\/wp\/v2\/media?parent=114142"}],"wp:term":[{"taxonomy":"category","embeddable":true,"href":"https:\/\/www.brundisium.net\/index.php\/wp-json\/wp\/v2\/categories?post=114142"},{"taxonomy":"post_tag","embeddable":true,"href":"https:\/\/www.brundisium.net\/index.php\/wp-json\/wp\/v2\/tags?post=114142"}],"curies":[{"name":"wp","href":"https:\/\/api.w.org\/{rel}","templated":true}]}}