{"id":114189,"date":"2017-09-28T16:19:17","date_gmt":"2017-09-28T14:19:17","guid":{"rendered":"http:\/\/www.brundisium.net\/?p=114189"},"modified":"2017-09-29T18:56:25","modified_gmt":"2017-09-29T16:56:25","slug":"sequestro-centrale-enel-bozzetti-m5s-magistratura-conferma-anni-di-denunce-ora-subito-al-lavoro-per-la-riconversione-dellarea","status":"publish","type":"post","link":"https:\/\/www.brundisium.net\/index.php\/sequestro-centrale-enel-bozzetti-m5s-magistratura-conferma-anni-di-denunce-ora-subito-al-lavoro-per-la-riconversione-dellarea\/","title":{"rendered":"Sequestro Centrale Enel, Bozzetti (M5S): \u201cMagistratura conferma anni di denunce. Ora subito al lavoro per la riconversione dell\u2019area\u201d"},"content":{"rendered":"<p>Puntuale come un orologio svizzero arrivano i sequestri da parte della magistratura nell\u2019ambito dell\u2019operazione definita \u201cAraba Fenice bis\u201d, anche per la Centrale Enel \u201cFederico II\u201d di Cerano e per lo stabilimento Cementir di Taranto.<\/p>\n<p>&nbsp;<\/p>\n<p>In merito si esprime il consigliere regionale del Movimento 5 Stelle Gianluca Bozzetti: \u201cAncora una volta, nonostante le denunce portate avanti nel corso degli anni sia dalle associazioni ambientaliste e dai liberi cittadini che dal Movimento 5 Stelle nelle istituzioni, si \u00e8 dovuto attendere, cos\u00ec come per l\u2019Ilva, l\u2019intervento della magistratura che conferma il rischio di un possibile ricorso a gravi pratiche illecite nella gestione dei rifiuti da parte di queste aziende. Alcuni dei capi di accusa sono gravissimi: si parla di traffico illecito di rifiuti e gestione dei rifiuti non autorizzata. Ipotesi che se confermate spiegherebbero ampiamente anche i catastrofici dati epidemiologici dell\u2019area resi noti solo qualche mese fa. Vorremmo anche capire chi avrebbe dovuto controllare e perch\u00e9 tali controlli non sono stati fatti. Come sempre attendiamo fiduciosi che gli inquirenti facciano le loro indagini e gli auguriamo buon lavoro. L\u2019auspicio \u00e8 che, qualora tali ipotesi dovessero essere confermate, i responsabili possano pagare per i gravissimi crimini commessi nei confronti di tutti i cittadini pugliesi\u201d.<\/p>\n<p>&nbsp;<\/p>\n<p>\u201cSperiamo inoltre &#8211; continua il consigliere brindisino &#8211; che tutta questa vicenda possa servire ad evidenziare ancora una volta la necessit\u00e0 di programmare immediatamente la chiusura, la dismissione e la bonifica di questa Centrale, avviando un processo di riconversione economica e culturale dell\u2019intera area di Cerano; un processo che, naturalmente, non pu\u00f2 e non deve prescindere da una tutela dei livelli occupazionali e di tutti i lavoratori. Alla luce di tali avvenimenti chiediamo a Mauro Vizzino, Presidente della Commissione Ambiente della Regione Puglia, di farsi promotore di un tavolo di concertazione che coinvolga la societ\u00e0 Enel s.p.a., la Regione e il Ministero competente, affinch\u00e9 si possa, una volta per tutte, pianificare insieme un programma di riconversione che tuteli gli attuali livelli occupazionali; un programma teso ad abbandonare definitivamente le fonti fossili per promuovere una politica energetica basata sulle rinnovabili\u201d.<\/p>\n<p>&nbsp;<\/p>\n<p>\u201cD\u2019altronde &#8211; conclude Bozzetti &#8211; \u00e8 stato dimostrato ampiamente che il ricorso a fonti rinnovabili, di cui la nostra Regione \u00e8 ricca, produce molta pi\u00f9 ricchezza e posti di lavoro rispetto all\u2019attuale politica basata ancora sulle fonti fossili e che, tra l\u2019altro, non contribuisce a rendere il nostro Paese energeticamente indipendente dall\u2019estero. Il momento \u00e8 propizio e le istituzioni a tutti i livelli devo assumersi ognuno la propria fetta di responsabilit\u00e0, accompagnando il territorio in questo necessario e non pi\u00f9 prorogabile cambiamento\u201d.<\/p>\n<p>&nbsp;<\/p>\n<p>&nbsp;<\/p>\n<p><em>\/comunicato<\/em><\/p>\n","protected":false},"excerpt":{"rendered":"<p>Puntuale come un orologio svizzero arrivano i sequestri da parte della magistratura nell\u2019ambito dell\u2019operazione definita \u201cAraba Fenice bis\u201d, anche per la Centrale Enel \u201cFederico II\u201d di Cerano e per lo stabilimento Cementir di Taranto. &nbsp; In merito si esprime il consigliere regionale del Movimento 5 Stelle Gianluca Bozzetti: \u201cAncora una volta, nonostante le denunce portate avanti nel corso degli anni sia dalle associazioni ambientaliste e dai liberi cittadini che dal Movimento 5 Stelle nelle istituzioni, si \u00e8 dovuto attendere, cos\u00ec come per l\u2019Ilva, l\u2019intervento della magistratura che conferma il rischio di un possibile ricorso a gravi pratiche illecite nella gestione dei rifiuti da parte di queste aziende. Alcuni dei capi di accusa sono gravissimi: si parla di traffico illecito di rifiuti e gestione dei rifiuti non autorizzata. Ipotesi che se confermate spiegherebbero ampiamente anche i catastrofici dati epidemiologici dell\u2019area resi noti solo qualche mese fa. Vorremmo anche capire chi avrebbe dovuto controllare e perch\u00e9 tali controlli non sono stati fatti. Come sempre attendiamo fiduciosi che gli inquirenti facciano le loro&#8230;<\/p>\n","protected":false},"author":2,"featured_media":60955,"comment_status":"open","ping_status":"closed","sticky":false,"template":"","format":"standard","meta":{"footnotes":""},"categories":[7],"tags":[4950],"class_list":["post-114189","post","type-post","status-publish","format-standard","has-post-thumbnail","hentry","category-news","tag-sequestro-centrale-enel"],"_links":{"self":[{"href":"https:\/\/www.brundisium.net\/index.php\/wp-json\/wp\/v2\/posts\/114189","targetHints":{"allow":["GET"]}}],"collection":[{"href":"https:\/\/www.brundisium.net\/index.php\/wp-json\/wp\/v2\/posts"}],"about":[{"href":"https:\/\/www.brundisium.net\/index.php\/wp-json\/wp\/v2\/types\/post"}],"author":[{"embeddable":true,"href":"https:\/\/www.brundisium.net\/index.php\/wp-json\/wp\/v2\/users\/2"}],"replies":[{"embeddable":true,"href":"https:\/\/www.brundisium.net\/index.php\/wp-json\/wp\/v2\/comments?post=114189"}],"version-history":[{"count":1,"href":"https:\/\/www.brundisium.net\/index.php\/wp-json\/wp\/v2\/posts\/114189\/revisions"}],"predecessor-version":[{"id":114190,"href":"https:\/\/www.brundisium.net\/index.php\/wp-json\/wp\/v2\/posts\/114189\/revisions\/114190"}],"wp:featuredmedia":[{"embeddable":true,"href":"https:\/\/www.brundisium.net\/index.php\/wp-json\/wp\/v2\/media\/60955"}],"wp:attachment":[{"href":"https:\/\/www.brundisium.net\/index.php\/wp-json\/wp\/v2\/media?parent=114189"}],"wp:term":[{"taxonomy":"category","embeddable":true,"href":"https:\/\/www.brundisium.net\/index.php\/wp-json\/wp\/v2\/categories?post=114189"},{"taxonomy":"post_tag","embeddable":true,"href":"https:\/\/www.brundisium.net\/index.php\/wp-json\/wp\/v2\/tags?post=114189"}],"curies":[{"name":"wp","href":"https:\/\/api.w.org\/{rel}","templated":true}]}}