{"id":114208,"date":"2017-09-28T18:06:12","date_gmt":"2017-09-28T16:06:12","guid":{"rendered":"http:\/\/www.brundisium.net\/?p=114208"},"modified":"2017-09-29T18:56:08","modified_gmt":"2017-09-29T16:56:08","slug":"sequestro-centrale-enel-legambiente-circostanza-che-denunciamo-da-oltre-30-anni","status":"publish","type":"post","link":"https:\/\/www.brundisium.net\/index.php\/sequestro-centrale-enel-legambiente-circostanza-che-denunciamo-da-oltre-30-anni\/","title":{"rendered":"Sequestro Centrale Enel, Legambiente: &#8220;circostanza che denunciamo da oltre 30 anni&#8221;"},"content":{"rendered":"<p>\u201c\u00c8 sconcertante apprendere che tre poli industriali pugliesi riconducibili a Enel, Cementir e Ilva siano al centro di un traffico illecito di rifiuti. Oltre 30 anni fa le nostre denunce portarono al blocco dello smaltimento delle ceneri della centrale Brindisi Nord in una discarica della Contrada Brindisina &#8220;Formica&#8221; e, quindi, del trasporto verso discariche venete e campane.<\/p>\n<p>&nbsp;<\/p>\n<p>In seguito, pur approfittando delle \u201cmaglie larghe\u201d offerte dalla nuova classificazione delle ceneri quale rifiuto speciale, malgrado le concentrazioni di metalli pesanti e cancerogeni come nichel e vanadio, Enel pi\u00f9 volte \u00e8 stata \u201cattenzionata\u201d dalle autorit\u00e0 giudiziarie e la stessa Cementir ha ricevuto \u201ceguali attenzioni\u201d per la miscelazione di cemento e ceneri, fino al provvedimento giudiziario del 2011.<\/p>\n<p>&nbsp;<\/p>\n<p>Per quanto Enel sostenga che ad essere interessato sia solo un processo produttivo secondario, siamo di fronte, invece, alla sistematica ripetizione di comportamenti sulla cui gravit\u00e0 l\u2019autorit\u00e0 giudiziaria \u00e8 gi\u00e0 intervenuta, giungendo oggi anche al sequestro cautelare di beni mobili e immobili, a fronte dei gravissimi danni connessi\u201d.<\/p>\n<p>&nbsp;<\/p>\n<p>Commentano cos\u00ec Francesco Tarantini e Nicola Anelli, rispettivamente presidente di Legambiente Puglia e del circolo Legambiente di Brindisi, l\u2019operazione \u201cAraba Fenice\u201d della Guardia di Finanza di Taranto che ha portato al sequestro giudiziario della centrale Enel Federico II di Cerano a Tuturano, della Cementir Italia spa di Taranto, e dei parchi loppa d\u2019altoforno dell\u2019Ilva di Taranto.<\/p>\n<p>&nbsp;<\/p>\n<p>Legambiente, nell&#8217;esprimere pieno apprezzamento per l&#8217;operazione, chiede di verificare se vi siano le condizioni per l\u2019applicazione della nuova legge sugli Ecoreati e annuncia che, in caso di procedimento penale formalizzato, si costituir\u00e0 parte civile.<\/p>\n<p>&nbsp;<\/p>\n<p>Ufficio stampa Legambiente Puglia<\/p>\n","protected":false},"excerpt":{"rendered":"<p>\u201c\u00c8 sconcertante apprendere che tre poli industriali pugliesi riconducibili a Enel, Cementir e Ilva siano al centro di un traffico illecito di rifiuti. Oltre 30 anni fa le nostre denunce portarono al blocco dello smaltimento delle ceneri della centrale Brindisi Nord in una discarica della Contrada Brindisina &#8220;Formica&#8221; e, quindi, del trasporto verso discariche venete e campane. &nbsp; In seguito, pur approfittando delle \u201cmaglie larghe\u201d offerte dalla nuova classificazione delle ceneri quale rifiuto speciale, malgrado le concentrazioni di metalli pesanti e cancerogeni come nichel e vanadio, Enel pi\u00f9 volte \u00e8 stata \u201cattenzionata\u201d dalle autorit\u00e0 giudiziarie e la stessa Cementir ha ricevuto \u201ceguali attenzioni\u201d per la miscelazione di cemento e ceneri, fino al provvedimento giudiziario del 2011. &nbsp; Per quanto Enel sostenga che ad essere interessato sia solo un processo produttivo secondario, siamo di fronte, invece, alla sistematica ripetizione di comportamenti sulla cui gravit\u00e0 l\u2019autorit\u00e0 giudiziaria \u00e8 gi\u00e0 intervenuta, giungendo oggi anche al sequestro cautelare di beni mobili e immobili, a fronte dei gravissimi danni connessi\u201d. &nbsp; Commentano cos\u00ec Francesco Tarantini&#8230;<\/p>\n","protected":false},"author":2,"featured_media":1250,"comment_status":"open","ping_status":"closed","sticky":false,"template":"","format":"standard","meta":{"footnotes":""},"categories":[7],"tags":[4950],"class_list":["post-114208","post","type-post","status-publish","format-standard","has-post-thumbnail","hentry","category-news","tag-sequestro-centrale-enel"],"_links":{"self":[{"href":"https:\/\/www.brundisium.net\/index.php\/wp-json\/wp\/v2\/posts\/114208","targetHints":{"allow":["GET"]}}],"collection":[{"href":"https:\/\/www.brundisium.net\/index.php\/wp-json\/wp\/v2\/posts"}],"about":[{"href":"https:\/\/www.brundisium.net\/index.php\/wp-json\/wp\/v2\/types\/post"}],"author":[{"embeddable":true,"href":"https:\/\/www.brundisium.net\/index.php\/wp-json\/wp\/v2\/users\/2"}],"replies":[{"embeddable":true,"href":"https:\/\/www.brundisium.net\/index.php\/wp-json\/wp\/v2\/comments?post=114208"}],"version-history":[{"count":1,"href":"https:\/\/www.brundisium.net\/index.php\/wp-json\/wp\/v2\/posts\/114208\/revisions"}],"predecessor-version":[{"id":114209,"href":"https:\/\/www.brundisium.net\/index.php\/wp-json\/wp\/v2\/posts\/114208\/revisions\/114209"}],"wp:featuredmedia":[{"embeddable":true,"href":"https:\/\/www.brundisium.net\/index.php\/wp-json\/wp\/v2\/media\/1250"}],"wp:attachment":[{"href":"https:\/\/www.brundisium.net\/index.php\/wp-json\/wp\/v2\/media?parent=114208"}],"wp:term":[{"taxonomy":"category","embeddable":true,"href":"https:\/\/www.brundisium.net\/index.php\/wp-json\/wp\/v2\/categories?post=114208"},{"taxonomy":"post_tag","embeddable":true,"href":"https:\/\/www.brundisium.net\/index.php\/wp-json\/wp\/v2\/tags?post=114208"}],"curies":[{"name":"wp","href":"https:\/\/api.w.org\/{rel}","templated":true}]}}