{"id":114210,"date":"2017-09-28T20:11:28","date_gmt":"2017-09-28T18:11:28","guid":{"rendered":"http:\/\/www.brundisium.net\/?p=114210"},"modified":"2017-09-29T18:55:50","modified_gmt":"2017-09-29T16:55:50","slug":"noi-con-salvini-pancrazio-buccolieri-nominato-vicesegretario-provinciale","status":"publish","type":"post","link":"https:\/\/www.brundisium.net\/index.php\/noi-con-salvini-pancrazio-buccolieri-nominato-vicesegretario-provinciale\/","title":{"rendered":"Noi Con Salvini: Pancrazio Buccolieri nominato vicesegretario provinciale"},"content":{"rendered":"<p>Il segretario provinciale Paolo Taurino del Movimento Noi con Salvini ha nominato Pancrazio Buccolieri vice segretario provinciale del Movimento. A lui il compito di organizzare le segreterie cittadine della fascia a sud di Brindisi<\/p>\n<p>&nbsp;<\/p>\n<p>Buccolieri \u00e8 esponente politico di lungo corso del resto il suo curriculum politico parla da s\u00e8 esponente politico dal 1993 con Alleanza Nazionale ha ricoperto varie funzioni cittadine fino al 2015. Dal 2005 al 2010 ha ricoperto il ruolo di coordinatore cittadino della &#8220;vecchia&#8221; Alleanza Nazionale.<\/p>\n<p>&nbsp;<\/p>\n<p>&#8220;Sono onorato dell&#8217;incarico affidatomi che sento di condividere con entusiasmo&#8221; queste le prime parole del neo vice segretario provinciale Buccolieri. &#8220;Il Movimento Noi con Salvini ha decisamente dato vita ad un nuovo corso fatto di idee di valori e programmi ambiziosi che identificano a mio avviso gli ideali e gli interessi di tutti gli italiani perch\u00e9 bene comune. Consapevole del delicato compito affidatomi lavorer\u00f2 con umilt\u00e0 e responsabilit\u00e0. Cercher\u00f2 sempre collaborazione in coloro che mi sono vicini per la crescita del movimento e per il bene della collettivit\u00e0.&#8221;<\/p>\n<p>&nbsp;<\/p>\n<p>Soddisfatto il segretario provinciale Taurino ha cos\u00ec commentato &#8221; si \u00e8 aggiunto un importante tassello nella fase organizzativa del movimento che punta ad essere interlocutore privilegiato grazie alla sua pluriennale esperienza politica e partitica che sar\u00e0 molto preziosa in un territorio che sta rispondendo sempre pi\u00f9 alle esigenze di legalit\u00e0 e fare una scossa definitiva a quella parte di elettorato moderato ancora oggi disorientato e confuso&#8221;<\/p>\n<p>&nbsp;<\/p>\n<p>&nbsp;<\/p>\n<p><strong>NOI CON SALVINI<\/strong><\/p>\n","protected":false},"excerpt":{"rendered":"<p>Il segretario provinciale Paolo Taurino del Movimento Noi con Salvini ha nominato Pancrazio Buccolieri vice segretario provinciale del Movimento. A lui il compito di organizzare le segreterie cittadine della fascia a sud di Brindisi &nbsp; Buccolieri \u00e8 esponente politico di lungo corso del resto il suo curriculum politico parla da s\u00e8 esponente politico dal 1993 con Alleanza Nazionale ha ricoperto varie funzioni cittadine fino al 2015. Dal 2005 al 2010 ha ricoperto il ruolo di coordinatore cittadino della &#8220;vecchia&#8221; Alleanza Nazionale. &nbsp; &#8220;Sono onorato dell&#8217;incarico affidatomi che sento di condividere con entusiasmo&#8221; queste le prime parole del neo vice segretario provinciale Buccolieri. &#8220;Il Movimento Noi con Salvini ha decisamente dato vita ad un nuovo corso fatto di idee di valori e programmi ambiziosi che identificano a mio avviso gli ideali e gli interessi di tutti gli italiani perch\u00e9 bene comune. Consapevole del delicato compito affidatomi lavorer\u00f2 con umilt\u00e0 e responsabilit\u00e0. Cercher\u00f2 sempre collaborazione in coloro che mi sono vicini per la crescita del movimento e per il bene della collettivit\u00e0.&#8221;&#8230;<\/p>\n","protected":false},"author":2,"featured_media":114213,"comment_status":"open","ping_status":"closed","sticky":false,"template":"","format":"standard","meta":{"footnotes":""},"categories":[7],"tags":[3265],"class_list":["post-114210","post","type-post","status-publish","format-standard","has-post-thumbnail","hentry","category-news","tag-noi-con-salvini"],"_links":{"self":[{"href":"https:\/\/www.brundisium.net\/index.php\/wp-json\/wp\/v2\/posts\/114210","targetHints":{"allow":["GET"]}}],"collection":[{"href":"https:\/\/www.brundisium.net\/index.php\/wp-json\/wp\/v2\/posts"}],"about":[{"href":"https:\/\/www.brundisium.net\/index.php\/wp-json\/wp\/v2\/types\/post"}],"author":[{"embeddable":true,"href":"https:\/\/www.brundisium.net\/index.php\/wp-json\/wp\/v2\/users\/2"}],"replies":[{"embeddable":true,"href":"https:\/\/www.brundisium.net\/index.php\/wp-json\/wp\/v2\/comments?post=114210"}],"version-history":[{"count":1,"href":"https:\/\/www.brundisium.net\/index.php\/wp-json\/wp\/v2\/posts\/114210\/revisions"}],"predecessor-version":[{"id":114214,"href":"https:\/\/www.brundisium.net\/index.php\/wp-json\/wp\/v2\/posts\/114210\/revisions\/114214"}],"wp:featuredmedia":[{"embeddable":true,"href":"https:\/\/www.brundisium.net\/index.php\/wp-json\/wp\/v2\/media\/114213"}],"wp:attachment":[{"href":"https:\/\/www.brundisium.net\/index.php\/wp-json\/wp\/v2\/media?parent=114210"}],"wp:term":[{"taxonomy":"category","embeddable":true,"href":"https:\/\/www.brundisium.net\/index.php\/wp-json\/wp\/v2\/categories?post=114210"},{"taxonomy":"post_tag","embeddable":true,"href":"https:\/\/www.brundisium.net\/index.php\/wp-json\/wp\/v2\/tags?post=114210"}],"curies":[{"name":"wp","href":"https:\/\/api.w.org\/{rel}","templated":true}]}}