{"id":114263,"date":"2017-09-29T13:23:03","date_gmt":"2017-09-29T11:23:03","guid":{"rendered":"http:\/\/www.brundisium.net\/?p=114263"},"modified":"2017-09-29T13:23:03","modified_gmt":"2017-09-29T11:23:03","slug":"sequestro-centrale-enel-ap-controlli-deboli-e-classe-politica-poco-attenta-allambiente","status":"publish","type":"post","link":"https:\/\/www.brundisium.net\/index.php\/sequestro-centrale-enel-ap-controlli-deboli-e-classe-politica-poco-attenta-allambiente\/","title":{"rendered":"Sequestro Centrale Enel, AP: &#8220;controlli deboli e classe politica poco attenta all&#8217;ambiente&#8221;"},"content":{"rendered":"<p>Scevri da speculazioni o strumentalizzazioni politiche, e aspettando di conoscere nel merito il materiale accusatorio d\u2019indagine, come AP riteniamo che l&#8217;inchiesta della Dda di Lecce su un presunto traffico illecito di rifiuti, che ha portato al sequestro preventivo da parte della Guardia di Finanza della centrale Enel Federico II di Cerano, a Brindisi, dello stabilimento di Taranto \u201cCementir Italia spa\u201d e i parchi \u201cloppa d&#8217;altoforno, nastri trasportatori e tramogge\u201d di quest&#8217;ultima fabbrica e del siderurgico Ilva di Taranto, sia fatto grave e socialmente preoccupante.<\/p>\n<p>&nbsp;<\/p>\n<p>Difatti, qualora l\u2019ipotesi accusatoria della magistratura dovesse essere confermata, sancirebbe la debolezza non solo delle istituzioni preposte al controllo, ma anche di quelle pubbliche e di una intera classe dirigente politica, poco attenta verso la tutela giuridico-normativa dell\u2019atmosfera, del suolo e delle falde acquifere.<\/p>\n<p>&nbsp;<\/p>\n<p>Questa vicenda, in tutta la sua drammaticit\u00e0, e circostanza ancor pi\u00f9 grave, \u00e8 il segno chiaro e tangibile di quanto sia indifferente e silente il rapporto fra industria e popolazione, anche e soprattutto a causa di una poca lealt\u00e0 comunicativa delle industrie nei confronti del territorio. Pur ribadendo, in conclusione, la nostra piena e incondizionata fiducia nella magistratura, riteniamo imprescindibile il trinomio lavoro-sicurezza-salute: un trinomio ciceroniano a fondamento delle nostre politiche industriali.<\/p>\n<p>&nbsp;<\/p>\n<p><strong>Avv. Cosimo DE MICHELE<\/strong><br \/>\n<strong> Vice coordinatore Provinciale e membro Direzione Nazionale Alternativa Popolare<\/strong><\/p>\n","protected":false},"excerpt":{"rendered":"<p>Scevri da speculazioni o strumentalizzazioni politiche, e aspettando di conoscere nel merito il materiale accusatorio d\u2019indagine, come AP riteniamo che l&#8217;inchiesta della Dda di Lecce su un presunto traffico illecito di rifiuti, che ha portato al sequestro preventivo da parte della Guardia di Finanza della centrale Enel Federico II di Cerano, a Brindisi, dello stabilimento di Taranto \u201cCementir Italia spa\u201d e i parchi \u201cloppa d&#8217;altoforno, nastri trasportatori e tramogge\u201d di quest&#8217;ultima fabbrica e del siderurgico Ilva di Taranto, sia fatto grave e socialmente preoccupante. &nbsp; Difatti, qualora l\u2019ipotesi accusatoria della magistratura dovesse essere confermata, sancirebbe la debolezza non solo delle istituzioni preposte al controllo, ma anche di quelle pubbliche e di una intera classe dirigente politica, poco attenta verso la tutela giuridico-normativa dell\u2019atmosfera, del suolo e delle falde acquifere. &nbsp; Questa vicenda, in tutta la sua drammaticit\u00e0, e circostanza ancor pi\u00f9 grave, \u00e8 il segno chiaro e tangibile di quanto sia indifferente e silente il rapporto fra industria e popolazione, anche e soprattutto a causa di una poca lealt\u00e0 comunicativa&#8230;<\/p>\n","protected":false},"author":2,"featured_media":98478,"comment_status":"open","ping_status":"closed","sticky":false,"template":"","format":"standard","meta":{"footnotes":""},"categories":[7],"tags":[3193,4950],"class_list":["post-114263","post","type-post","status-publish","format-standard","has-post-thumbnail","hentry","category-news","tag-ap","tag-sequestro-centrale-enel"],"_links":{"self":[{"href":"https:\/\/www.brundisium.net\/index.php\/wp-json\/wp\/v2\/posts\/114263","targetHints":{"allow":["GET"]}}],"collection":[{"href":"https:\/\/www.brundisium.net\/index.php\/wp-json\/wp\/v2\/posts"}],"about":[{"href":"https:\/\/www.brundisium.net\/index.php\/wp-json\/wp\/v2\/types\/post"}],"author":[{"embeddable":true,"href":"https:\/\/www.brundisium.net\/index.php\/wp-json\/wp\/v2\/users\/2"}],"replies":[{"embeddable":true,"href":"https:\/\/www.brundisium.net\/index.php\/wp-json\/wp\/v2\/comments?post=114263"}],"version-history":[{"count":1,"href":"https:\/\/www.brundisium.net\/index.php\/wp-json\/wp\/v2\/posts\/114263\/revisions"}],"predecessor-version":[{"id":114265,"href":"https:\/\/www.brundisium.net\/index.php\/wp-json\/wp\/v2\/posts\/114263\/revisions\/114265"}],"wp:featuredmedia":[{"embeddable":true,"href":"https:\/\/www.brundisium.net\/index.php\/wp-json\/wp\/v2\/media\/98478"}],"wp:attachment":[{"href":"https:\/\/www.brundisium.net\/index.php\/wp-json\/wp\/v2\/media?parent=114263"}],"wp:term":[{"taxonomy":"category","embeddable":true,"href":"https:\/\/www.brundisium.net\/index.php\/wp-json\/wp\/v2\/categories?post=114263"},{"taxonomy":"post_tag","embeddable":true,"href":"https:\/\/www.brundisium.net\/index.php\/wp-json\/wp\/v2\/tags?post=114263"}],"curies":[{"name":"wp","href":"https:\/\/api.w.org\/{rel}","templated":true}]}}