{"id":114264,"date":"2017-09-29T16:21:37","date_gmt":"2017-09-29T14:21:37","guid":{"rendered":"http:\/\/www.brundisium.net\/?p=114264"},"modified":"2017-09-29T13:33:58","modified_gmt":"2017-09-29T11:33:58","slug":"junior-fasano-andrea-licitra-ragusa-al-pala-san-giacomo-di-conversano","status":"publish","type":"post","link":"https:\/\/www.brundisium.net\/index.php\/junior-fasano-andrea-licitra-ragusa-al-pala-san-giacomo-di-conversano\/","title":{"rendered":"Junior Fasano \u2013 Andrea Licitra Ragusa al Pala San Giacomo di Conversano"},"content":{"rendered":"<p>Sar\u00e0 ancora una volta il Pala San Giacomo ad ospitare la Junior Fasano, che vista la perdurante indisponibilit\u00e0 della palestra Zizzi, affronter\u00e0 sabato, nuovamente a Conversano, l\u2019Andrea Licitra Ragusa. La gara contro la neo promossa compagine siciliana, sconfitta nelle prime due uscite stagionali da Gaeta e Siracusa, sar\u00e0 arbitrata dai sig.ri Cimini-Ciotola ed avr\u00e0 inizio alle 19. Completano il quadro della terza giornata del girone C di serie A le partite Siracusa \u2013 Fondi, Gaeta-Conversano e Noci-Valentino Ferrara. Riposa il Benevento.<br \/>\nLa Junior Fasano comunica inoltre che sar\u00e0 presente domenica in piazza XX Settembre a Pezze di Greco nell\u2019ambito della seconda giornata della manifestazione \u201cCrescere con lo Sport\u201d, finalizzata alla sensibilizzazione all\u2019attivit\u00e0 fisica in et\u00e0 evolutiva.<\/p>\n<p><strong><br \/>\nUFFICIO STAMPA JUNIOR FASANO<\/strong><\/p>\n","protected":false},"excerpt":{"rendered":"<p>Sar\u00e0 ancora una volta il Pala San Giacomo ad ospitare la Junior Fasano, che vista la perdurante indisponibilit\u00e0 della palestra Zizzi, affronter\u00e0 sabato, nuovamente a Conversano, l\u2019Andrea Licitra Ragusa. La gara contro la neo promossa compagine siciliana, sconfitta nelle prime due uscite stagionali da Gaeta e Siracusa, sar\u00e0 arbitrata dai sig.ri Cimini-Ciotola ed avr\u00e0 inizio alle 19. Completano il quadro della terza giornata del girone C di serie A le partite Siracusa \u2013 Fondi, Gaeta-Conversano e Noci-Valentino Ferrara. Riposa il Benevento. La Junior Fasano comunica inoltre che sar\u00e0 presente domenica in piazza XX Settembre a Pezze di Greco nell\u2019ambito della seconda giornata della manifestazione \u201cCrescere con lo Sport\u201d, finalizzata alla sensibilizzazione all\u2019attivit\u00e0 fisica in et\u00e0 evolutiva. UFFICIO STAMPA JUNIOR FASANO<\/p>\n","protected":false},"author":2,"featured_media":110142,"comment_status":"open","ping_status":"closed","sticky":false,"template":"","format":"standard","meta":{"footnotes":""},"categories":[263],"tags":[264],"class_list":["post-114264","post","type-post","status-publish","format-standard","has-post-thumbnail","hentry","category-pallamano","tag-junior-fasano"],"_links":{"self":[{"href":"https:\/\/www.brundisium.net\/index.php\/wp-json\/wp\/v2\/posts\/114264","targetHints":{"allow":["GET"]}}],"collection":[{"href":"https:\/\/www.brundisium.net\/index.php\/wp-json\/wp\/v2\/posts"}],"about":[{"href":"https:\/\/www.brundisium.net\/index.php\/wp-json\/wp\/v2\/types\/post"}],"author":[{"embeddable":true,"href":"https:\/\/www.brundisium.net\/index.php\/wp-json\/wp\/v2\/users\/2"}],"replies":[{"embeddable":true,"href":"https:\/\/www.brundisium.net\/index.php\/wp-json\/wp\/v2\/comments?post=114264"}],"version-history":[{"count":1,"href":"https:\/\/www.brundisium.net\/index.php\/wp-json\/wp\/v2\/posts\/114264\/revisions"}],"predecessor-version":[{"id":114266,"href":"https:\/\/www.brundisium.net\/index.php\/wp-json\/wp\/v2\/posts\/114264\/revisions\/114266"}],"wp:featuredmedia":[{"embeddable":true,"href":"https:\/\/www.brundisium.net\/index.php\/wp-json\/wp\/v2\/media\/110142"}],"wp:attachment":[{"href":"https:\/\/www.brundisium.net\/index.php\/wp-json\/wp\/v2\/media?parent=114264"}],"wp:term":[{"taxonomy":"category","embeddable":true,"href":"https:\/\/www.brundisium.net\/index.php\/wp-json\/wp\/v2\/categories?post=114264"},{"taxonomy":"post_tag","embeddable":true,"href":"https:\/\/www.brundisium.net\/index.php\/wp-json\/wp\/v2\/tags?post=114264"}],"curies":[{"name":"wp","href":"https:\/\/api.w.org\/{rel}","templated":true}]}}