{"id":114311,"date":"2017-09-29T19:25:19","date_gmt":"2017-09-29T17:25:19","guid":{"rendered":"http:\/\/www.brundisium.net\/?p=114311"},"modified":"2017-09-29T19:10:49","modified_gmt":"2017-09-29T17:10:49","slug":"maaistarezitte-il-corpo-delle-donne-continua-ad-essere-terra-di-conquista","status":"publish","type":"post","link":"https:\/\/www.brundisium.net\/index.php\/maaistarezitte-il-corpo-delle-donne-continua-ad-essere-terra-di-conquista\/","title":{"rendered":"Maaistarezitte: &#8220;il corpo delle donne continua ad essere terra di conquista&#8221;"},"content":{"rendered":"<p>La violenza contro le donne \u00e8 sempre esistita, lo dicono le statistiche, non c\u2019\u00e8 un emergenza reale, \u00e8 un fatto costante e persistente. Ben vengano tutte le giornate di mobilitazione contro la violenza sulle donne, il 28 settembre \u00e8 stata la giornata internazionale proclamata dal movimento NON UNA DI MENO per l\u2019autodeterminazione della donna e l\u2019applicazione della legge 194 sull\u2019aborto. Il 30 settembre \u00e8 la giornata di mobilitazione della CGIL il cui comunicato apre con il titolo \u201cavete tolto senso alle parole\u201d perch\u00e9 trasformate la violenza contro le donne in un conflitto etnico religioso razziale.<\/p>\n<p>&nbsp;<\/p>\n<p>Il nostro corpo continua ad essere terra di conquista, oggi pi\u00f9 che mai per razzisti e sessisti, per chi \u00e8 alla ricerca di un disperato consenso sociale, per chi specula sulla paura, per chi ci vuole mettere sotto tutela e giustificare misure repressive, per chi ancora pensa che \u00e8 giusto toglierci la libert\u00e0, per chi fa profitti grazie all\u2019obiezione di coscienza, per l\u2019informazione che ha trasformato la violenza in \u201cpornografia\u201d da dare in pasto all\u2019opinione pubblica.<\/p>\n<p>&nbsp;<\/p>\n<p>L&#8217;avevamo detto e ridetto e non \u00e8 si \u00e8 fatto un passo avanti, che il Decreto legge 93 -2013 per contrastare la violenza di genere era totalmente inefficace e strumentale. Il governo Letta cercava consenso e aveva ridotto il problema della violenza sulle donne solo ad un problema di sicurezza e di tutela. Lo avevamo detto nel 2013, in un incontro con l&#8217;On Elisa Mariano (PD) a Brindisi, in cui presentammo un documento politico circostanziato, in quell&#8217;occasione denunciammo anche che nell&#8217;ospedale Perrino di Brindisi la legge 194 non era assolutamente applicata perch\u00e9 i medici erano tutti obiettori di coscienza.<\/p>\n<p>&nbsp;<\/p>\n<p>Possiamo affermare con assoluta certezza che oggi non \u00e8 cambiato nulla.<\/p>\n<p>&nbsp;<\/p>\n<p>La cultura patriarcale resiste ed \u00e8 una cultura maschilista, parlare di emancipazione della donna non ha senso quando \u00e8 la societ\u00e0 che deve emanciparsi, gli uomini soprattutto. Resta costante, da parte degli uomini, la tentazione di darci buoni consigli, di normare i nostri comportamenti, di avere un approccio moralista sulle nostre scelte, di discutere sulla legge 194 con il classico atteggiamento \u201cpedagogico-paternalista\u201d. Tutto questo purtroppo esiste ancora e resiste ovunque.<\/p>\n<p>&nbsp;<\/p>\n<p><strong> Collettivo femminista \u201cmaistarezitte\u201d Brindisi<\/strong><\/p>\n","protected":false},"excerpt":{"rendered":"<p>La violenza contro le donne \u00e8 sempre esistita, lo dicono le statistiche, non c\u2019\u00e8 un emergenza reale, \u00e8 un fatto costante e persistente. Ben vengano tutte le giornate di mobilitazione contro la violenza sulle donne, il 28 settembre \u00e8 stata la giornata internazionale proclamata dal movimento NON UNA DI MENO per l\u2019autodeterminazione della donna e l\u2019applicazione della legge 194 sull\u2019aborto. Il 30 settembre \u00e8 la giornata di mobilitazione della CGIL il cui comunicato apre con il titolo \u201cavete tolto senso alle parole\u201d perch\u00e9 trasformate la violenza contro le donne in un conflitto etnico religioso razziale. &nbsp; Il nostro corpo continua ad essere terra di conquista, oggi pi\u00f9 che mai per razzisti e sessisti, per chi \u00e8 alla ricerca di un disperato consenso sociale, per chi specula sulla paura, per chi ci vuole mettere sotto tutela e giustificare misure repressive, per chi ancora pensa che \u00e8 giusto toglierci la libert\u00e0, per chi fa profitti grazie all\u2019obiezione di coscienza, per l\u2019informazione che ha trasformato la violenza in \u201cpornografia\u201d da dare in pasto&#8230;<\/p>\n","protected":false},"author":2,"featured_media":114313,"comment_status":"open","ping_status":"closed","sticky":false,"template":"","format":"standard","meta":{"footnotes":""},"categories":[7],"tags":[157],"class_list":["post-114311","post","type-post","status-publish","format-standard","has-post-thumbnail","hentry","category-news","tag-maistarezitte"],"_links":{"self":[{"href":"https:\/\/www.brundisium.net\/index.php\/wp-json\/wp\/v2\/posts\/114311","targetHints":{"allow":["GET"]}}],"collection":[{"href":"https:\/\/www.brundisium.net\/index.php\/wp-json\/wp\/v2\/posts"}],"about":[{"href":"https:\/\/www.brundisium.net\/index.php\/wp-json\/wp\/v2\/types\/post"}],"author":[{"embeddable":true,"href":"https:\/\/www.brundisium.net\/index.php\/wp-json\/wp\/v2\/users\/2"}],"replies":[{"embeddable":true,"href":"https:\/\/www.brundisium.net\/index.php\/wp-json\/wp\/v2\/comments?post=114311"}],"version-history":[{"count":1,"href":"https:\/\/www.brundisium.net\/index.php\/wp-json\/wp\/v2\/posts\/114311\/revisions"}],"predecessor-version":[{"id":114314,"href":"https:\/\/www.brundisium.net\/index.php\/wp-json\/wp\/v2\/posts\/114311\/revisions\/114314"}],"wp:featuredmedia":[{"embeddable":true,"href":"https:\/\/www.brundisium.net\/index.php\/wp-json\/wp\/v2\/media\/114313"}],"wp:attachment":[{"href":"https:\/\/www.brundisium.net\/index.php\/wp-json\/wp\/v2\/media?parent=114311"}],"wp:term":[{"taxonomy":"category","embeddable":true,"href":"https:\/\/www.brundisium.net\/index.php\/wp-json\/wp\/v2\/categories?post=114311"},{"taxonomy":"post_tag","embeddable":true,"href":"https:\/\/www.brundisium.net\/index.php\/wp-json\/wp\/v2\/tags?post=114311"}],"curies":[{"name":"wp","href":"https:\/\/api.w.org\/{rel}","templated":true}]}}