{"id":114349,"date":"2017-09-30T16:03:13","date_gmt":"2017-09-30T14:03:13","guid":{"rendered":"http:\/\/www.brundisium.net\/?p=114349"},"modified":"2017-10-03T10:38:31","modified_gmt":"2017-10-03T08:38:31","slug":"rimpasto-carovigno-opposizioni-sindaco-brandi-schiena-curva-e-testa-bassa","status":"publish","type":"post","link":"https:\/\/www.brundisium.net\/index.php\/rimpasto-carovigno-opposizioni-sindaco-brandi-schiena-curva-e-testa-bassa\/","title":{"rendered":"Rimpasto Carovigno, Opposizioni: &#8220;Sindaco Brandi, schiena curva e testa bassa&#8221;"},"content":{"rendered":"<p>La dimissioni dei tre assessori Brandi, Laghezza e Sbano, le successive dimissioni del presidente del Consorzio di Torre Guaceto e il ritiro delle deleghe alla partecipata Carbinia e addirittura allo Sport all\u2019unico consigliere di maggioranza che oggi fa riferimento al Sindaco, costituiscono l\u2019ammissione del totale fallimento della linea politico-amministrativa del Sindaco Brandi.<\/p>\n<p>&nbsp;<\/p>\n<p>La nomina dei nuovi assessori dimostra che la autonomia del Sindaco nello svolgimento della sua attivit\u00e0 amministrativa \u00e8 pari a ZERO. Brandi continua ad seguire la linea che viene dettata da altri. Il sindaco \u00e8 rimasto solo con la sua fascia: non ha pi\u00f9 assessori di riferimento, l\u2019unico consigliere che lo segue \u00e8 stato privato delle deleghe.<\/p>\n<p>&nbsp;<\/p>\n<p>Quali sono i motivi che hanno portato alla sostituzione dei tre assessori? Si \u00e8 rotto il rapporto di fiducia con il Sindaco? Ci sono stati cambi nella maggioranza? Oppure il Sindaco si \u00e8 reso conto del fallimento della gestione di determinati settori amministrativi ed \u00e8 alla ricerca di nuovi progetti?<\/p>\n<p>&nbsp;<\/p>\n<p>Trasparenza e rispetto per i cittadini tutti vuole che il Sindaco Brandi spieghi in consiglio comunale le ragioni che hanno portato a questa scelta. In realt\u00e0 ci aspettavamo che il sindaco respingesse le dimissioni: ha sempre difeso l\u2019attivit\u00e0 dei suoi assessori, nonostante le criticit\u00e0 che pi\u00f9 volte in consiglio comunale abbiamo evidenziato. Dall\u2019organizzazione dell\u2019Estate Carovignese con una spesa spropositata al limite della legittimit\u00e0, alla questione \u201cCarbinia\u201d con un piano industriale che non giustifica nel modo pi\u00f9 assoluto l\u2019onere economico che l\u2019Ente si \u00e8 caricato: altra spesa gravosissima senza alcuna prospettiva di crescita e di ritorno in bonis per la partecipata. Il PUG che continua a rimanere fermo! Dobbiamo, quindi, pensare che il Sindaco abbia preso atto del fatto che avevamo ragione quando dicevamo che la gestione amministrativa degli ultimi due anni \u00e8 stata fallimentare.<\/p>\n<p>&nbsp;<\/p>\n<p>Bizzarra \u00e8 poi la vicenda Enzo Epifani: eletto consigliere comunale nel 2015, si dimette per diventare presidente del consorzio di Torre Guaceto, partecipando ad un bando-farsa, che il Sindaco ha ipocritamente utilizzato solo per prendere in giro i cittadini e salvarsi la faccia, perch\u00e9 in realt\u00e0 la decisione era gi\u00e0 stata presa! Oggi si dimette dalla carica di Presidente di Torre Guaceto e il Sindaco dichiara di aver chiesto un parere legale (sempre a spese dei carovignesi!!!) per sapere se pu\u00f2 nominarlo assessore!<\/p>\n<p>&nbsp;<\/p>\n<p>Alla Presidenza di Torre Guaceto chi dovrebbe andare? Il consigliere Pagliara. Ma se \u00e8 stato fatto un avviso pubblico per nominare Epifani, non dovrebbe essere utilizzato lo stesso sistema per nominare il nuovo presidente? Oppure: non si dovrebbe scegliere tra coloro che hanno presentato la loro candidatura con il vecchio bando? Se cos\u00ec non fosse, Pagliara lascer\u00e0 la poltrona di consigliere comunale perch\u00e9 incompatibile con la carica di Presidente del Consorzio?<\/p>\n<p>&nbsp;<\/p>\n<p>&#8220;Come mai adesso il Sindaco sente il dovere di andare a spiegare al Prefetto che il Presidente di Torre Guaceto \u00e8 una nomina politica ? Come mai ha cambiato idea ? Cosa \u00e8 successo rispetto a un anno fa?&#8221;<\/p>\n<p>&nbsp;<\/p>\n<p>Inoltre non dimentichiamo, per completare il quadro, che lo scorso agosto il sindaco ha nominato , quale componente del Nucleo di Valutazione dell\u2019Ente la cognata del capogruppo di maggioranza!!!<\/p>\n<p>&nbsp;<\/p>\n<p>Il sindaco non si rende conto del fatto che con queste manovre sta calpestando la dignit\u00e0 e l\u2019intelligenza dei carovignesi. \u00c8 possibile che una poltrona valga il sacrificio di tre giovani assessori che hanno creduto, nonostante tutto, in quello che facevano? E che per quella poltrona si debba accettare di subire la linea dettata da altri? Quella poltrona vale il sacrificio della propria dignit\u00e0, visto che quanto accaduto, cos\u00ec come con il documento firmato a maggio scorso dagli otto consiglieri, non \u00e8 altro che un modo per dire al sindaco Brandi che non conta nulla?<\/p>\n<p>&nbsp;<\/p>\n<p>La cosa pi\u00f9 grave di questa vicenda \u00e8 che con questa manovra matura un accordo di potere politico ed economico di notevole peso! Tutte le deleghe relative ai diversi settori amministrativi sono ormai concentrate nelle mani di un unico gruppo.<br \/>\nBrandi ormai non pu\u00f2 pi\u00f9 ingannare nessuno, si \u00e8 rivelato per quello che: uomo disposto a tutto pur di non lasciare quella poltrona! Non possiamo aspettarci nessuno scatto di orgoglio, nessuno slancio morale. E la peggio continua ad averla la nostra Carovigno dove i soliti noti continuano a gestire interessi pubblici e\u2026 privati!<\/p>\n<p>&nbsp;<\/p>\n<p>&nbsp;<\/p>\n<p><strong>I consiglieri comunali di opposizione<\/strong><br \/>\n<strong> Marzia Bagnulo (PD) \u2013 Lanzilotti Massimo (Ripartiamo dal Futuro) \u2013 Vincenzo Radisi (Gruppo Misto)<\/strong><\/p>\n","protected":false},"excerpt":{"rendered":"<p>La dimissioni dei tre assessori Brandi, Laghezza e Sbano, le successive dimissioni del presidente del Consorzio di Torre Guaceto e il ritiro delle deleghe alla partecipata Carbinia e addirittura allo Sport all\u2019unico consigliere di maggioranza che oggi fa riferimento al Sindaco, costituiscono l\u2019ammissione del totale fallimento della linea politico-amministrativa del Sindaco Brandi. &nbsp; La nomina dei nuovi assessori dimostra che la autonomia del Sindaco nello svolgimento della sua attivit\u00e0 amministrativa \u00e8 pari a ZERO. Brandi continua ad seguire la linea che viene dettata da altri. Il sindaco \u00e8 rimasto solo con la sua fascia: non ha pi\u00f9 assessori di riferimento, l\u2019unico consigliere che lo segue \u00e8 stato privato delle deleghe. &nbsp; Quali sono i motivi che hanno portato alla sostituzione dei tre assessori? Si \u00e8 rotto il rapporto di fiducia con il Sindaco? Ci sono stati cambi nella maggioranza? Oppure il Sindaco si \u00e8 reso conto del fallimento della gestione di determinati settori amministrativi ed \u00e8 alla ricerca di nuovi progetti? &nbsp; Trasparenza e rispetto per i cittadini tutti vuole&#8230;<\/p>\n","protected":false},"author":2,"featured_media":114354,"comment_status":"open","ping_status":"closed","sticky":false,"template":"","format":"standard","meta":{"footnotes":""},"categories":[7],"tags":[299,4970],"class_list":["post-114349","post","type-post","status-publish","format-standard","has-post-thumbnail","hentry","category-news","tag-carovigno","tag-rimpasto-carovigno"],"_links":{"self":[{"href":"https:\/\/www.brundisium.net\/index.php\/wp-json\/wp\/v2\/posts\/114349","targetHints":{"allow":["GET"]}}],"collection":[{"href":"https:\/\/www.brundisium.net\/index.php\/wp-json\/wp\/v2\/posts"}],"about":[{"href":"https:\/\/www.brundisium.net\/index.php\/wp-json\/wp\/v2\/types\/post"}],"author":[{"embeddable":true,"href":"https:\/\/www.brundisium.net\/index.php\/wp-json\/wp\/v2\/users\/2"}],"replies":[{"embeddable":true,"href":"https:\/\/www.brundisium.net\/index.php\/wp-json\/wp\/v2\/comments?post=114349"}],"version-history":[{"count":1,"href":"https:\/\/www.brundisium.net\/index.php\/wp-json\/wp\/v2\/posts\/114349\/revisions"}],"predecessor-version":[{"id":114355,"href":"https:\/\/www.brundisium.net\/index.php\/wp-json\/wp\/v2\/posts\/114349\/revisions\/114355"}],"wp:featuredmedia":[{"embeddable":true,"href":"https:\/\/www.brundisium.net\/index.php\/wp-json\/wp\/v2\/media\/114354"}],"wp:attachment":[{"href":"https:\/\/www.brundisium.net\/index.php\/wp-json\/wp\/v2\/media?parent=114349"}],"wp:term":[{"taxonomy":"category","embeddable":true,"href":"https:\/\/www.brundisium.net\/index.php\/wp-json\/wp\/v2\/categories?post=114349"},{"taxonomy":"post_tag","embeddable":true,"href":"https:\/\/www.brundisium.net\/index.php\/wp-json\/wp\/v2\/tags?post=114349"}],"curies":[{"name":"wp","href":"https:\/\/api.w.org\/{rel}","templated":true}]}}