{"id":114350,"date":"2017-09-30T22:03:25","date_gmt":"2017-09-30T20:03:25","guid":{"rendered":"http:\/\/www.brundisium.net\/?p=114350"},"modified":"2017-09-30T23:09:20","modified_gmt":"2017-09-30T21:09:20","slug":"birgitta-pri-brindisi-non-emergera-mai-se-non-saremo-in-grado-di-superare-diatribe-gelosie-invidie-pre-giudizi-ambizioni-personali","status":"publish","type":"post","link":"https:\/\/www.brundisium.net\/index.php\/birgitta-pri-brindisi-non-emergera-mai-se-non-saremo-in-grado-di-superare-diatribe-gelosie-invidie-pre-giudizi-ambizioni-personali\/","title":{"rendered":"Birgitta (PRI): &#8220;Brindisi non emerger\u00e0 mai se non saremo in grado di superare diatribe, gelosie, invidie, pre-giudizi, ambizioni personali&#8221;"},"content":{"rendered":"<p>Un comunicato stampa da noi inviato qualche giorno addietro ha suscitato equivoci e malintesi, dando luogo a ricostruzioni fantasiose per gli apprezzamenti che aveva ricevuto.<br \/>\nIn cosa non siamo stati chiari?<\/p>\n<p>&nbsp;<\/p>\n<p>Forse nella parte in cui abbiamo detto che riteniamo opportuno restituire alla politica il suo autentico (e necessario) ruolo di collante tra i bisogni delle persone e chi deve amministrare la cosa pubblica?<br \/>\nO forse nella parte in cui abbiamo affermato la convinzione che, auspichiamo un dialogo costruttivo con tutti i soggetti (politici e non solo) che intendono contribuire alla ricerca di soluzioni delle problematiche della nostra comunit\u00e0?<\/p>\n<p>&nbsp;<\/p>\n<p>Certamente si pu\u00f2 essere d&#8217;accordo o dissentire con questo.<br \/>\nMa costruire artificiosamente scenari stravolgendo la realt\u00e0 dei fatti, \u00e8 cosa ben diversa dell&#8217;essere in disaccordo.<br \/>\nEvidentemente \u00e8 necessario essere ancora pi\u00f9 chiari, ovvero, come dicevano alcuni \u201csaggi\u201d, proveremo a dirlo \u201ca stampatello\u201d.<br \/>\nA nostro avviso, nella nostra comunit\u00e0, se davvero si vuole contribuire al cambiamento, \u00e8 imprescindibile dialogare ed ascoltare tutti coloro che pensano e sostengono di volerlo.<br \/>\nRiteniamo ci\u00f2, perch\u00e8, prima ancora di essere persone appassionate, convinte di potere dare un contributo, spendendosi per la gente, esclusivamente per spirito di servizio, siamo cittadini della nostra amata citt\u00e0.<br \/>\nE lo vogliamo fare proponendo un principio base: Brindisi non emerger\u00e0 mai se non saremo tutti (o la maggior parte) in grado di superare diatribe, gelosie, invidie, pre-giudizi, ambizioni personali (pi\u00f9 o meno legittime), che caratterizzano lo scenario politico attualmente in atto e che continueranno a determinare una frammentazione sociale a discapito di tutti.<br \/>\nQuando la coesione e l&#8217;unit\u00e0 di intenti, che in altre realt\u00e0 vicine alla nostra hanno determinato benessere e condizioni di vantaggio per tutti, saranno veramente la base su cui si svilupper\u00e0 la sana dialettica, allora si che ci sar\u00e0 speranza.<br \/>\nCrediamo, inoltre, che chi si propone alla gente proclamandosi come unica \u201cguida\u201d possibile per il cambiamento della Citt\u00e0, debba anche essere convintamente consapevole di essere in grado di farlo, altrimenti il tempo (prima o poi) lo giudicher\u00e0 \u201cgiuda\u201d, perch\u00e8 avr\u00e0 anche lui mentito alla cittadinanza.<br \/>\nPerch\u00e9, senza giri parole, allo stato dell&#8217;arte, si potr\u00e0 essere l&#8217;amministratore pi\u00f9 diligente della storia; si potr\u00e0 essere portatore di chiss\u00e0 quale \u201cverit\u00e0\u201d, ma da soli non si far\u00e0 molta strada ed a perderci, come sempre, sar\u00e0 la gente, saremo tutti noi.<br \/>\nLa positiva esperienza Commissariale che stiamo vivendo, \u00e8 testimonianza proprio di questo, ovvero che solo una guida forte e competente, pu\u00f2 cimentarsi con i problemi della nostra realt\u00e0 e tentare di risolverli.<\/p>\n<p>&nbsp;<\/p>\n<p>Ed allora.<br \/>\nSi vuole davvero dare un segno di discontinuit\u00e0?<br \/>\nSi vuole davvero liberare la citt\u00e0 dai ricatti e dagli interessi di pochi?<br \/>\nSi vuole davvero parlare di progetti, idee, proposte, programmi per la gente?<br \/>\nNoi siamo convinti che per fare tutto ci\u00f2 sia necessario condividere nuove regole e per farlo \u00e8 doveroso quantomeno tentare di parlarsi, con franchezza e trasparenza.<br \/>\nIn una realt\u00e0 dove l&#8217;unica forma di confronto \u00e8 ormai il pettegolezzo, la dietrologia, lo sparlare gli uni degli altri, l&#8217;insulto e la calunnia, il sostenere di volere dialogare e confrontarci non significa avere siglato accordi con chi ha manifestato interesse alla nostra visione.<br \/>\nUna visione che aspira a promuovere soluzioni ed elaborare idee, con la convinzione che sia necessario coagulare energie e prospettive, partendo da tre presupposti: liste elettorali composte da teste pensanti e non da portatori di voti; consiglieri eletti che faranno solo i consiglieri; candidato alla carica di Sindaco che indichi prima delle elezioni gli assessori.<br \/>\nChi vorr\u00e0 condividere queste proposte sar\u00e0 il benvenuto.<\/p>\n<p>&nbsp;<\/p>\n<p><strong> Il Segretario Cittadino P.R.I.<\/strong><br \/>\n<strong> Vito Birgitta<\/strong><\/p>\n","protected":false},"excerpt":{"rendered":"<p>Un comunicato stampa da noi inviato qualche giorno addietro ha suscitato equivoci e malintesi, dando luogo a ricostruzioni fantasiose per gli apprezzamenti che aveva ricevuto. In cosa non siamo stati chiari? &nbsp; Forse nella parte in cui abbiamo detto che riteniamo opportuno restituire alla politica il suo autentico (e necessario) ruolo di collante tra i bisogni delle persone e chi deve amministrare la cosa pubblica? O forse nella parte in cui abbiamo affermato la convinzione che, auspichiamo un dialogo costruttivo con tutti i soggetti (politici e non solo) che intendono contribuire alla ricerca di soluzioni delle problematiche della nostra comunit\u00e0? &nbsp; Certamente si pu\u00f2 essere d&#8217;accordo o dissentire con questo. Ma costruire artificiosamente scenari stravolgendo la realt\u00e0 dei fatti, \u00e8 cosa ben diversa dell&#8217;essere in disaccordo. Evidentemente \u00e8 necessario essere ancora pi\u00f9 chiari, ovvero, come dicevano alcuni \u201csaggi\u201d, proveremo a dirlo \u201ca stampatello\u201d. A nostro avviso, nella nostra comunit\u00e0, se davvero si vuole contribuire al cambiamento, \u00e8 imprescindibile dialogare ed ascoltare tutti coloro che pensano e sostengono di volerlo. Riteniamo&#8230;<\/p>\n","protected":false},"author":2,"featured_media":113854,"comment_status":"open","ping_status":"closed","sticky":false,"template":"","format":"standard","meta":{"footnotes":""},"categories":[7],"tags":[4924,4865],"class_list":["post-114350","post","type-post","status-publish","format-standard","has-post-thumbnail","hentry","category-news","tag-birgitta","tag-pri"],"_links":{"self":[{"href":"https:\/\/www.brundisium.net\/index.php\/wp-json\/wp\/v2\/posts\/114350","targetHints":{"allow":["GET"]}}],"collection":[{"href":"https:\/\/www.brundisium.net\/index.php\/wp-json\/wp\/v2\/posts"}],"about":[{"href":"https:\/\/www.brundisium.net\/index.php\/wp-json\/wp\/v2\/types\/post"}],"author":[{"embeddable":true,"href":"https:\/\/www.brundisium.net\/index.php\/wp-json\/wp\/v2\/users\/2"}],"replies":[{"embeddable":true,"href":"https:\/\/www.brundisium.net\/index.php\/wp-json\/wp\/v2\/comments?post=114350"}],"version-history":[{"count":1,"href":"https:\/\/www.brundisium.net\/index.php\/wp-json\/wp\/v2\/posts\/114350\/revisions"}],"predecessor-version":[{"id":114356,"href":"https:\/\/www.brundisium.net\/index.php\/wp-json\/wp\/v2\/posts\/114350\/revisions\/114356"}],"wp:featuredmedia":[{"embeddable":true,"href":"https:\/\/www.brundisium.net\/index.php\/wp-json\/wp\/v2\/media\/113854"}],"wp:attachment":[{"href":"https:\/\/www.brundisium.net\/index.php\/wp-json\/wp\/v2\/media?parent=114350"}],"wp:term":[{"taxonomy":"category","embeddable":true,"href":"https:\/\/www.brundisium.net\/index.php\/wp-json\/wp\/v2\/categories?post=114350"},{"taxonomy":"post_tag","embeddable":true,"href":"https:\/\/www.brundisium.net\/index.php\/wp-json\/wp\/v2\/tags?post=114350"}],"curies":[{"name":"wp","href":"https:\/\/api.w.org\/{rel}","templated":true}]}}