{"id":114366,"date":"2017-09-30T19:28:31","date_gmt":"2017-09-30T17:28:31","guid":{"rendered":"http:\/\/www.brundisium.net\/?p=114366"},"modified":"2017-10-03T10:37:28","modified_gmt":"2017-10-03T08:37:28","slug":"rimpasto-carovigno-di-e-fi-attaccano-le-opposizioni","status":"publish","type":"post","link":"https:\/\/www.brundisium.net\/index.php\/rimpasto-carovigno-di-e-fi-attaccano-le-opposizioni\/","title":{"rendered":"Rimpasto Carovigno: DI e FI attaccano le opposizioni"},"content":{"rendered":"<p>\u201cCrediamo che sia arrivato il momento di dire basta a tutto questo mediatico sciacallaggio politico che di politico ha ben poco e che di certo non fa bene al nostro paese. La nostra maggioranza \u00e8 compatta nei rapporti e questo al di l\u00e0 dei ruoli\u201d a parlare cos\u00ec sono i consiglieri comunali Mara Petrosillo di Direzione Italia e Nicola Semeraro di Forza Italia rispondendo alle offese dei consiglieri di minoranza al Comune di Carovigno a seguito del cambio assessori.<\/p>\n<p>&nbsp;<\/p>\n<p>\u201cIl cambio delle deleghe Quello che \u00e8 successo non \u00e8 altro che normale amministrazione, qualcosa che accade in tutte le amministrazioni del mondo \u2013 dicono- normale avvicendamento, senza nulla togliere agli assessori uscenti, abbiamo ritenuto, con consenso unanime di tutta la compagine amministrativa di dare un segnale di rilancio\u201d.<\/p>\n<p>&nbsp;<\/p>\n<p>\u201cAll\u2019inizio del mandato fu stabilito insieme a tutte le forze politiche che a distanza di due anni avremmo fatto il punto della situazione per vedere i punti di forza e le criticit\u00e0. Arrivato il momento di comune accordo con il sindaco abbiamo pensato ad una fase di rilancio che riguarder\u00e0 il Pug, la riqualificazione del lungomare- proseguono- questo Comune \u00e8 stato il punto di riferimento degli altri paesi limitrofi\u201d.<\/p>\n<p>&nbsp;<\/p>\n<p>Ed in merito alla vicenda di Enzo Epifani i due consiglieri dicono: \u201cEpifani \u00e8 stata una pietra angolare per la vittoria di questa amministrazione, \u00e8 stato lui il pi\u00f9 suffragato. Oggi Epifani si \u00e8 dimesso dando mandato al sindaco di nominare un suo referente fidato, visto che si tratta di una nomina politica. Ora Epifani potr\u00e0 ricoprire il ruolo di assessore in quanto prima incompatibile\u201d.<br \/>\n\u201cIn questo momento non ci sono ne vincitori e ne vinti- concludono- il sindaco \u00e8 buon padre di questa comunit\u00e0 e pensa esclusivamente al bene dei suoi cittadini, senza deleghe e ruoli che tengano\u201d.<\/p>\n<p>&nbsp;<\/p>\n<p>&nbsp;<\/p>\n<p><strong>Mara Petrosillo, Direzione Italia<\/strong><br \/>\n<strong> Nicola Semeraro, Forza Italia<\/strong><\/p>\n","protected":false},"excerpt":{"rendered":"<p>\u201cCrediamo che sia arrivato il momento di dire basta a tutto questo mediatico sciacallaggio politico che di politico ha ben poco e che di certo non fa bene al nostro paese. La nostra maggioranza \u00e8 compatta nei rapporti e questo al di l\u00e0 dei ruoli\u201d a parlare cos\u00ec sono i consiglieri comunali Mara Petrosillo di Direzione Italia e Nicola Semeraro di Forza Italia rispondendo alle offese dei consiglieri di minoranza al Comune di Carovigno a seguito del cambio assessori. &nbsp; \u201cIl cambio delle deleghe Quello che \u00e8 successo non \u00e8 altro che normale amministrazione, qualcosa che accade in tutte le amministrazioni del mondo \u2013 dicono- normale avvicendamento, senza nulla togliere agli assessori uscenti, abbiamo ritenuto, con consenso unanime di tutta la compagine amministrativa di dare un segnale di rilancio\u201d. &nbsp; \u201cAll\u2019inizio del mandato fu stabilito insieme a tutte le forze politiche che a distanza di due anni avremmo fatto il punto della situazione per vedere i punti di forza e le criticit\u00e0. Arrivato il momento di comune accordo con il&#8230;<\/p>\n","protected":false},"author":2,"featured_media":114368,"comment_status":"open","ping_status":"closed","sticky":false,"template":"","format":"standard","meta":{"footnotes":""},"categories":[7],"tags":[299,4970],"class_list":["post-114366","post","type-post","status-publish","format-standard","has-post-thumbnail","hentry","category-news","tag-carovigno","tag-rimpasto-carovigno"],"_links":{"self":[{"href":"https:\/\/www.brundisium.net\/index.php\/wp-json\/wp\/v2\/posts\/114366","targetHints":{"allow":["GET"]}}],"collection":[{"href":"https:\/\/www.brundisium.net\/index.php\/wp-json\/wp\/v2\/posts"}],"about":[{"href":"https:\/\/www.brundisium.net\/index.php\/wp-json\/wp\/v2\/types\/post"}],"author":[{"embeddable":true,"href":"https:\/\/www.brundisium.net\/index.php\/wp-json\/wp\/v2\/users\/2"}],"replies":[{"embeddable":true,"href":"https:\/\/www.brundisium.net\/index.php\/wp-json\/wp\/v2\/comments?post=114366"}],"version-history":[{"count":1,"href":"https:\/\/www.brundisium.net\/index.php\/wp-json\/wp\/v2\/posts\/114366\/revisions"}],"predecessor-version":[{"id":114369,"href":"https:\/\/www.brundisium.net\/index.php\/wp-json\/wp\/v2\/posts\/114366\/revisions\/114369"}],"wp:featuredmedia":[{"embeddable":true,"href":"https:\/\/www.brundisium.net\/index.php\/wp-json\/wp\/v2\/media\/114368"}],"wp:attachment":[{"href":"https:\/\/www.brundisium.net\/index.php\/wp-json\/wp\/v2\/media?parent=114366"}],"wp:term":[{"taxonomy":"category","embeddable":true,"href":"https:\/\/www.brundisium.net\/index.php\/wp-json\/wp\/v2\/categories?post=114366"},{"taxonomy":"post_tag","embeddable":true,"href":"https:\/\/www.brundisium.net\/index.php\/wp-json\/wp\/v2\/tags?post=114366"}],"curies":[{"name":"wp","href":"https:\/\/api.w.org\/{rel}","templated":true}]}}