{"id":114442,"date":"2017-10-02T11:54:35","date_gmt":"2017-10-02T09:54:35","guid":{"rendered":"http:\/\/www.brundisium.net\/?p=114442"},"modified":"2017-10-03T10:32:42","modified_gmt":"2017-10-03T08:32:42","slug":"inaugurata-la-sede-di-noi-con-salvini-la-soddisfazione-di-signore","status":"publish","type":"post","link":"https:\/\/www.brundisium.net\/index.php\/inaugurata-la-sede-di-noi-con-salvini-la-soddisfazione-di-signore\/","title":{"rendered":"Inaugurata la sede di Noi Con Salvini. La soddisfazione di Signore"},"content":{"rendered":"<p>Inaugurata la sede provinciale e cittadina del Movimento Noi Con Salvini.<br \/>\nNel ruolo di Coordinatore cittadino ritengo doveroso ringraziare i circa 350 cittadini che, con entusiasmo, hanno partecipato all\u2019inaugurazione della nostra sede in via ponte ferroviario a Brindisi, ripagando l\u2019impegno e le energie spese dal Coordinatore provinciale Paolo Taurino, nella complessa organizzazione della visita di Matteo Salvini in provincia di Brindisi. Ringrazio le forze dell\u2019ordine per la grande professionalit\u00e0 dimostrata durante la manifestazione e l\u2019istituto di vigilanza Vigil Nova per la fattiva collaborazione. Concludo i ringraziamenti, facendo un plauso ai componenti del Coordinamento cittadino che in silenzio e con dedizione stanno lavorando per la crescita del Movimento a Brindisi.<br \/>\nNonostante la citt\u00e0 abbia subito in soli tre anni, due commissariamenti e la peggiore amministrazione comunale di sempre, ieri, si \u00e8 presentata al cospetto di Matteo Salvini e del Coordinatore regionale Rossano Sasso, una comunit\u00e0 orgogliosa e pronta a riconquistare la propria identit\u00e0: la propria \u201cbrindisinit\u00e0\u201d.  Brindisi, la citt\u00e0 capoluogo che vuole riappropriarsi del \u201cponte di comando\u201d , per troppo tempo affidato ai grandi paesi della provincia.<br \/>\nLa presenza di tanti esponenti del centro destra cittadino all\u2019evento, dimostra che Noi Con Salvini Brindisi \u00e8 oggi, l\u2019unico serio e autorevole riferimento  per tutti coloro che provengono da una certa area politica (in particolare ex Alleanza Nazionale) e, che intravedono in Matteo Salvini il futuro candidato Premier del centrodestra.<br \/>\nA riprova di ci\u00f2, i simpatici \u201cselfie\u201d postati sui social dagli esponenti dei partiti e movimenti del centrodestra cittadino, con accanto il nostro \u201ccapitano\u201d, Matteo Salvini e alle spalle i nostri loghi, sono un chiaro segnale che anche a livello locale si fa sempre pi\u00f9 concreta la possibilit\u00e0 di una nostra leadership nel centrodestra.<br \/>\nL\u2019attenzione  verso il Movimento, non ci coglie certo impreparati. Cresciamo giorno dopo giorno e siamo l\u2019unica forza politica in citt\u00e0, in grado di aggregare chi \u00e8 stanco delle solite logiche e delle vecchie dinamiche della politica locale. A breve, formalizzeremo le nomine del Coordinamento cittadino, che in ogni caso \u00e8 gi\u00e0 operativo in citt\u00e0.<br \/>\nConsapevoli dei valori che ci uniscono ai nostri amici del centrodestra ma fieri dei nostri elementi distintivi, continueremo a lavorare per il dialogo con le diverse sensibilit\u00e0 politiche presenti, nell\u2019esclusivo interesse della citt\u00e0 di Brindisi.<br \/>\nVi aspettiamo nella nostra sede.<\/p>\n<p>Gianni SIGNORE<br \/>\n(Coordinatore cittadino)  <\/p>\n","protected":false},"excerpt":{"rendered":"<p>Inaugurata la sede provinciale e cittadina del Movimento Noi Con Salvini. Nel ruolo di Coordinatore cittadino ritengo doveroso ringraziare i circa 350 cittadini che, con entusiasmo, hanno partecipato all\u2019inaugurazione della nostra sede in via ponte ferroviario a Brindisi, ripagando l\u2019impegno e le energie spese dal Coordinatore provinciale Paolo Taurino, nella complessa organizzazione della visita di Matteo Salvini in provincia di Brindisi. Ringrazio le forze dell\u2019ordine per la grande professionalit\u00e0 dimostrata durante la manifestazione e l\u2019istituto di vigilanza Vigil Nova per la fattiva collaborazione. Concludo i ringraziamenti, facendo un plauso ai componenti del Coordinamento cittadino che in silenzio e con dedizione stanno lavorando per la crescita del Movimento a Brindisi. Nonostante la citt\u00e0 abbia subito in soli tre anni, due commissariamenti e la peggiore amministrazione comunale di sempre, ieri, si \u00e8 presentata al cospetto di Matteo Salvini e del Coordinatore regionale Rossano Sasso, una comunit\u00e0 orgogliosa e pronta a riconquistare la propria identit\u00e0: la propria \u201cbrindisinit\u00e0\u201d. Brindisi, la citt\u00e0 capoluogo che vuole riappropriarsi del \u201cponte di comando\u201d , per troppo tempo&#8230;<\/p>\n","protected":false},"author":2,"featured_media":112620,"comment_status":"open","ping_status":"closed","sticky":false,"template":"","format":"standard","meta":{"footnotes":""},"categories":[7],"tags":[3265],"class_list":["post-114442","post","type-post","status-publish","format-standard","has-post-thumbnail","hentry","category-news","tag-noi-con-salvini"],"_links":{"self":[{"href":"https:\/\/www.brundisium.net\/index.php\/wp-json\/wp\/v2\/posts\/114442","targetHints":{"allow":["GET"]}}],"collection":[{"href":"https:\/\/www.brundisium.net\/index.php\/wp-json\/wp\/v2\/posts"}],"about":[{"href":"https:\/\/www.brundisium.net\/index.php\/wp-json\/wp\/v2\/types\/post"}],"author":[{"embeddable":true,"href":"https:\/\/www.brundisium.net\/index.php\/wp-json\/wp\/v2\/users\/2"}],"replies":[{"embeddable":true,"href":"https:\/\/www.brundisium.net\/index.php\/wp-json\/wp\/v2\/comments?post=114442"}],"version-history":[{"count":1,"href":"https:\/\/www.brundisium.net\/index.php\/wp-json\/wp\/v2\/posts\/114442\/revisions"}],"predecessor-version":[{"id":114443,"href":"https:\/\/www.brundisium.net\/index.php\/wp-json\/wp\/v2\/posts\/114442\/revisions\/114443"}],"wp:featuredmedia":[{"embeddable":true,"href":"https:\/\/www.brundisium.net\/index.php\/wp-json\/wp\/v2\/media\/112620"}],"wp:attachment":[{"href":"https:\/\/www.brundisium.net\/index.php\/wp-json\/wp\/v2\/media?parent=114442"}],"wp:term":[{"taxonomy":"category","embeddable":true,"href":"https:\/\/www.brundisium.net\/index.php\/wp-json\/wp\/v2\/categories?post=114442"},{"taxonomy":"post_tag","embeddable":true,"href":"https:\/\/www.brundisium.net\/index.php\/wp-json\/wp\/v2\/tags?post=114442"}],"curies":[{"name":"wp","href":"https:\/\/api.w.org\/{rel}","templated":true}]}}