{"id":114483,"date":"2017-10-02T14:08:29","date_gmt":"2017-10-02T12:08:29","guid":{"rendered":"http:\/\/www.brundisium.net\/?p=114483"},"modified":"2017-10-02T16:11:31","modified_gmt":"2017-10-02T14:11:31","slug":"desiderio-di-citta-la-citta-la-mia-casa-un-concorso-fotografico-con-al-centro-la-famiglia-e-il-territorio-del-fasanese","status":"publish","type":"post","link":"https:\/\/www.brundisium.net\/index.php\/desiderio-di-citta-la-citta-la-mia-casa-un-concorso-fotografico-con-al-centro-la-famiglia-e-il-territorio-del-fasanese\/","title":{"rendered":"Desiderio di Citt\u00e0, la Citt\u00e0 la mia Casa: un concorso fotografico con al centro la famiglia e il territorio del Fasanese"},"content":{"rendered":"<p>Parte da oggi, e dura fino al 9 ottobre, il concorso fotografico \u201cDesiderio di Citt\u00e0, la Citt\u00e0 la mia Casa\u201d promosso dalla \u201cSaid\u201d (associazione internazionale docenti) di Bari che ha coinvolto il Comune di Fasano, considerata la vicinanza storico-territoriale della citt\u00e0 con il capoluogo regionale pugliese, quando Fasano faceva parte della storica \u201cTerra di Bari\u201d che, fino al 1927, ha incluso proprio anche Fasano (passata, poi, nel \u201927, alla Provincia di Brindisi, come da Regio decreto legge del 2 gennaio di quell\u2019anno). A rinnovare quella collocazione culturale ed istituzionale ha pensato proprio \u201cSaid\u201d che oggi ha presentato l\u2019iniziativa nella Sala-giunta del Comune di Bari alla presenza dell\u2019assessora Luana Amati in rappresentanza dell\u2019Amministrazione comunale-Zaccaria. Nel progetto sono infatti stati coinvolti gli assessorati alle Attivit\u00e0 produttive ed alla Cultura con l\u2019assessora Annarita Angelini.<\/p>\n<p>&nbsp;<\/p>\n<p>Ebbene, chiunque fosse interessato a partecipare al concorso, che \u00e8 in forma gratuita, potr\u00e0 scattare delle foto attinenti il tema dei momenti familiari particolari o di scorci di Fasano e frazioni altrettanto particolari (la strada di casa, l\u2019edicola votiva, chiostri e cortili, ma anche altro) e che trasmettono la passione, l\u2019amore per il proprio territorio o per la propria famiglia. Pu\u00f2 trattarsi di foto attuali, scattate in questa settimana (fino al 9 ottobre) o immagini del passato che si custodiscono in qualche baule dei ricordi ed alle quali si \u00e8 particolarmente affezionati. Le migliori foto (secondo la giuria dei redattori della pubblicazione) verranno pubblicate sul calendario 2018 \u201cBari\u2026..Tutta un\u2019altra storia\u201d.<\/p>\n<p>&nbsp;<\/p>\n<p>Le foto potranno essere inviate fino al 9 ottobre all\u2019indirizzo di posta elettronica concorsi@mondosaid.com o, se trattasi di foto gi\u00e0 stampate e che ritraggono momenti del passato, possono essere consegnate all\u2019Ufficio stampa del Comune di Fasano (al primo piano del Palazzo municipale) marted\u00ec e mercoled\u00ec dalle ore 9 alle 13, gioved\u00ec dalle ore 9 alle 12 e dalle ore 17 alle 19, venerd\u00ec e luned\u00ec dalle ore 9 alle 13.<\/p>\n<p>Gioved\u00ec 5 ottobre l&#8217;Ufficio stampa del Comune di Fasano rimarr\u00e0 aperto per ricevere eventuali fotografie dalle ore 9 alle ore 16.30.<\/p>\n<p>&nbsp;<\/p>\n<p><strong>Comune di Fasano<\/strong><\/p>\n","protected":false},"excerpt":{"rendered":"<p>Parte da oggi, e dura fino al 9 ottobre, il concorso fotografico \u201cDesiderio di Citt\u00e0, la Citt\u00e0 la mia Casa\u201d promosso dalla \u201cSaid\u201d (associazione internazionale docenti) di Bari che ha coinvolto il Comune di Fasano, considerata la vicinanza storico-territoriale della citt\u00e0 con il capoluogo regionale pugliese, quando Fasano faceva parte della storica \u201cTerra di Bari\u201d che, fino al 1927, ha incluso proprio anche Fasano (passata, poi, nel \u201927, alla Provincia di Brindisi, come da Regio decreto legge del 2 gennaio di quell\u2019anno). A rinnovare quella collocazione culturale ed istituzionale ha pensato proprio \u201cSaid\u201d che oggi ha presentato l\u2019iniziativa nella Sala-giunta del Comune di Bari alla presenza dell\u2019assessora Luana Amati in rappresentanza dell\u2019Amministrazione comunale-Zaccaria. Nel progetto sono infatti stati coinvolti gli assessorati alle Attivit\u00e0 produttive ed alla Cultura con l\u2019assessora Annarita Angelini. &nbsp; Ebbene, chiunque fosse interessato a partecipare al concorso, che \u00e8 in forma gratuita, potr\u00e0 scattare delle foto attinenti il tema dei momenti familiari particolari o di scorci di Fasano e frazioni altrettanto particolari (la strada di casa, l\u2019edicola&#8230;<\/p>\n","protected":false},"author":2,"featured_media":52385,"comment_status":"open","ping_status":"closed","sticky":false,"template":"","format":"standard","meta":{"footnotes":""},"categories":[7],"tags":[244],"class_list":["post-114483","post","type-post","status-publish","format-standard","has-post-thumbnail","hentry","category-news","tag-fasano"],"_links":{"self":[{"href":"https:\/\/www.brundisium.net\/index.php\/wp-json\/wp\/v2\/posts\/114483","targetHints":{"allow":["GET"]}}],"collection":[{"href":"https:\/\/www.brundisium.net\/index.php\/wp-json\/wp\/v2\/posts"}],"about":[{"href":"https:\/\/www.brundisium.net\/index.php\/wp-json\/wp\/v2\/types\/post"}],"author":[{"embeddable":true,"href":"https:\/\/www.brundisium.net\/index.php\/wp-json\/wp\/v2\/users\/2"}],"replies":[{"embeddable":true,"href":"https:\/\/www.brundisium.net\/index.php\/wp-json\/wp\/v2\/comments?post=114483"}],"version-history":[{"count":1,"href":"https:\/\/www.brundisium.net\/index.php\/wp-json\/wp\/v2\/posts\/114483\/revisions"}],"predecessor-version":[{"id":114484,"href":"https:\/\/www.brundisium.net\/index.php\/wp-json\/wp\/v2\/posts\/114483\/revisions\/114484"}],"wp:featuredmedia":[{"embeddable":true,"href":"https:\/\/www.brundisium.net\/index.php\/wp-json\/wp\/v2\/media\/52385"}],"wp:attachment":[{"href":"https:\/\/www.brundisium.net\/index.php\/wp-json\/wp\/v2\/media?parent=114483"}],"wp:term":[{"taxonomy":"category","embeddable":true,"href":"https:\/\/www.brundisium.net\/index.php\/wp-json\/wp\/v2\/categories?post=114483"},{"taxonomy":"post_tag","embeddable":true,"href":"https:\/\/www.brundisium.net\/index.php\/wp-json\/wp\/v2\/tags?post=114483"}],"curies":[{"name":"wp","href":"https:\/\/api.w.org\/{rel}","templated":true}]}}