{"id":114642,"date":"2017-10-04T09:34:21","date_gmt":"2017-10-04T07:34:21","guid":{"rendered":"http:\/\/www.brundisium.net\/?p=114642"},"modified":"2017-10-03T23:37:49","modified_gmt":"2017-10-03T21:37:49","slug":"domani-il-festivalabile-al-teatro-sociale-di-fasano","status":"publish","type":"post","link":"https:\/\/www.brundisium.net\/index.php\/domani-il-festivalabile-al-teatro-sociale-di-fasano\/","title":{"rendered":"Domani il FestivalAbile al Teatro Sociale di Fasano"},"content":{"rendered":"<p><a href=\"http:\/\/www.brundisium.net\/brun\/wp-content\/uploads\/2017\/10\/FestivAbile.jpg\"><img loading=\"lazy\" decoding=\"async\" class=\"alignleft size-medium wp-image-114643\" src=\"http:\/\/www.brundisium.net\/brun\/wp-content\/uploads\/2017\/10\/FestivAbile-210x300.jpg\" alt=\"\" width=\"210\" height=\"300\" srcset=\"https:\/\/www.brundisium.net\/brun\/wp-content\/uploads\/2017\/10\/FestivAbile-210x300.jpg 210w, https:\/\/www.brundisium.net\/brun\/wp-content\/uploads\/2017\/10\/FestivAbile.jpg 672w\" sizes=\"auto, (max-width: 210px) 100vw, 210px\" \/><\/a>\u201cAccordiAbili\u201d \u00e8 l\u2019Associazione di Promozione Sociale presieduta dal maestro Vincenzo Deluci, musicista jazz reso tetraplegico da un incidente d\u2019auto e che grazie alla ricerca, tra l\u2019informatica e la robotica, della soluzione tecnica, \u00e8 riuscito a riprendere a suonare la tromba con il supporto di ausili tecnologici. Il sodalizio, sin dalla sua nascita, si pone l\u2019obiettivo di avvicinare un disabile, con facolt\u00e0 cognitive integre, all\u2019utilizzo di uno strumento musicale realizzando strumenti su misura o adattamenti di strumenti preparati sul tipo di specifica disabilit\u00e0 del musicista o aspirante musicista.<\/p>\n<p>&nbsp;<\/p>\n<p>L\u2019esperienza fatta finora ha consentito di concretizzare il sogno di suonare a diversi disabili. Alcuni si esibiranno gioved\u00ec 5 ottobre, alle ore 20:30, sul palco del Teatro Sociale, in una serata a loro dedicata: il \u201cFestivAbile\u201d, un evento che sar\u00e0 coordinato da Davide Saccomanno. Saranno in scena anche ragazzi e ragazze che hanno partecipato al corso \u201cLa musica per tutti\u201d, organizzato in collaborazione con il Laboratorio Urbano di Fasano. Per l\u2019occasione suoner\u00e0 anche Vincenzo Deluci.<\/p>\n<p>&nbsp;<\/p>\n<p>L&#8217;iniziativa rientra nel progetto, approvato dal Dipartimento della Giovent\u00f9 della Presidenza del Consiglio dei Ministri, \u201cGiovane bene collettivo &#8211; spazio per la creativit\u00e0 giovanile\u201d, di cui l&#8217;associazione \u201cLe Nove Muse\u201d \u00e8 capofila e l\u2019associazione \u201cAccordiAbili\u201d \u00e8 partner della rete. Ingresso gratuito. Sicuramente il \u201cFestivAbile\u201d sar\u00e0 occasione di socializzazione e confronto non solo sulle problematiche legate alla disabilit\u00e0 ma soprattutto sulla musica che \u00e8 uno straordinario motore riabilitativo e terapeutico nonch\u00e9 un modo, probabilmente il migliore, per condividere le emozioni.<\/p>\n<p>&nbsp;<\/p>\n","protected":false},"excerpt":{"rendered":"<p>\u201cAccordiAbili\u201d \u00e8 l\u2019Associazione di Promozione Sociale presieduta dal maestro Vincenzo Deluci, musicista jazz reso tetraplegico da un incidente d\u2019auto e che grazie alla ricerca, tra l\u2019informatica e la robotica, della soluzione tecnica, \u00e8 riuscito a riprendere a suonare la tromba con il supporto di ausili tecnologici. Il sodalizio, sin dalla sua nascita, si pone l\u2019obiettivo di avvicinare un disabile, con facolt\u00e0 cognitive integre, all\u2019utilizzo di uno strumento musicale realizzando strumenti su misura o adattamenti di strumenti preparati sul tipo di specifica disabilit\u00e0 del musicista o aspirante musicista. &nbsp; L\u2019esperienza fatta finora ha consentito di concretizzare il sogno di suonare a diversi disabili. Alcuni si esibiranno gioved\u00ec 5 ottobre, alle ore 20:30, sul palco del Teatro Sociale, in una serata a loro dedicata: il \u201cFestivAbile\u201d, un evento che sar\u00e0 coordinato da Davide Saccomanno. Saranno in scena anche ragazzi e ragazze che hanno partecipato al corso \u201cLa musica per tutti\u201d, organizzato in collaborazione con il Laboratorio Urbano di Fasano. Per l\u2019occasione suoner\u00e0 anche Vincenzo Deluci. &nbsp; L&#8217;iniziativa rientra nel progetto, approvato dal&#8230;<\/p>\n","protected":false},"author":2,"featured_media":114643,"comment_status":"open","ping_status":"closed","sticky":false,"template":"","format":"standard","meta":{"footnotes":""},"categories":[7],"tags":[1114,2856],"class_list":["post-114642","post","type-post","status-publish","format-standard","has-post-thumbnail","hentry","category-news","tag-accordiabili","tag-teatro-sociale"],"_links":{"self":[{"href":"https:\/\/www.brundisium.net\/index.php\/wp-json\/wp\/v2\/posts\/114642","targetHints":{"allow":["GET"]}}],"collection":[{"href":"https:\/\/www.brundisium.net\/index.php\/wp-json\/wp\/v2\/posts"}],"about":[{"href":"https:\/\/www.brundisium.net\/index.php\/wp-json\/wp\/v2\/types\/post"}],"author":[{"embeddable":true,"href":"https:\/\/www.brundisium.net\/index.php\/wp-json\/wp\/v2\/users\/2"}],"replies":[{"embeddable":true,"href":"https:\/\/www.brundisium.net\/index.php\/wp-json\/wp\/v2\/comments?post=114642"}],"version-history":[{"count":1,"href":"https:\/\/www.brundisium.net\/index.php\/wp-json\/wp\/v2\/posts\/114642\/revisions"}],"predecessor-version":[{"id":114644,"href":"https:\/\/www.brundisium.net\/index.php\/wp-json\/wp\/v2\/posts\/114642\/revisions\/114644"}],"wp:featuredmedia":[{"embeddable":true,"href":"https:\/\/www.brundisium.net\/index.php\/wp-json\/wp\/v2\/media\/114643"}],"wp:attachment":[{"href":"https:\/\/www.brundisium.net\/index.php\/wp-json\/wp\/v2\/media?parent=114642"}],"wp:term":[{"taxonomy":"category","embeddable":true,"href":"https:\/\/www.brundisium.net\/index.php\/wp-json\/wp\/v2\/categories?post=114642"},{"taxonomy":"post_tag","embeddable":true,"href":"https:\/\/www.brundisium.net\/index.php\/wp-json\/wp\/v2\/tags?post=114642"}],"curies":[{"name":"wp","href":"https:\/\/api.w.org\/{rel}","templated":true}]}}