{"id":114792,"date":"2017-10-05T12:02:06","date_gmt":"2017-10-05T10:02:06","guid":{"rendered":"http:\/\/www.brundisium.net\/?p=114792"},"modified":"2017-10-05T16:44:37","modified_gmt":"2017-10-05T14:44:37","slug":"fasano-raccolta-differenziata-a-picco-49-dal-10-ottobre-controlli-serrati-della-polizia-locale","status":"publish","type":"post","link":"https:\/\/www.brundisium.net\/index.php\/fasano-raccolta-differenziata-a-picco-49-dal-10-ottobre-controlli-serrati-della-polizia-locale\/","title":{"rendered":"Fasano, raccolta differenziata a picco (49%): dal 10 ottobre controlli serrati della Polizia locale"},"content":{"rendered":"<p>La raccolta differenziata nel territorio comunale di Fasano \u00e8 colata a picco; per questo, il comando di Polizia locale sta attivando misure severe di controllo che partiranno da marted\u00ec 10 ottobre con una squadra congiunta di vigili urbani e addetti della \u201cTradeco\u201d (la societ\u00e0 gestrice del servizio di raccolta e smaltimento dei rifiuti solidi urbani). I controlli, severi (anche attraverso l\u2019apertura delle buste conferite per verificarne il contenuto) saranno mirati ad individuare e punire i cittadini ed i commercianti che non effettuano correttamente il conferimento dei rifiuti secondo il calendario e le modalit\u00e0 prescritte. No ci sar\u00e0 \u201csconto\u201d per alcuno, considerato l\u2019ultimo dato aggiornato censito dall\u2019ufficio comunale Ecologia che registra un 49 per cento di raccolta differenziata: una soglia molto bassa, rispetto alle percentuali superiori al 70 per cento del primo anno d\u2019attivazione del servizio che, peraltro, ha permesso al Comune di essere classificato tra i pi\u00f9 \u201cvirtuosi\u201d e \u201cricicloni\u201d di Puglia, ed alla soglia dell\u2019oltre 60 per cento degli anni successivi, fino a quest\u2019anno, da gennaio, quando l\u2019indifferenziata ha cominciato a calare vertiginosamente, dal 58 per cento sino alla soglia del 49 per cento dell\u2019ultimo rilevamento.<\/p>\n<p>&nbsp;<\/p>\n<p>&nbsp;<\/p>\n<p>L\u2019importanza dell\u2019effettuazione della raccolta differenziata nel territorio, tanto da parte dei privati cittadini, quanto da quella di commercianti ed esercenti di attivit\u00e0 di ristorazione e di ricezione turistica, \u00e8 fondamentale, poich\u00e9 col maggiore conferimento alle discariche convenzionate col Comune sia di indifferenziata che di organico, i costi del servizio, ovviamente aumentano per il Comune e, conseguentemente, diventa difficile pensare ad una riduzione conseguente della Tari. Peraltro, successivamente, verranno messe a punto anche iniziative volte a verificare eventuali situazioni di evasione e di coloro che non hanno neanche attivato la propria posizione-Tari, soprattutto tra quelle fasce di cittadini che sono proprietarie di doppie case (abitate d\u2019inverno come residenza e d\u2019estate come abitazione di villeggiatura).<\/p>\n<p>&nbsp;<\/p>\n<p>&nbsp;<\/p>\n<p><strong>Comune di Fasano<\/strong><br \/>\n<strong> Ufficio Stampa<\/strong><br \/>\n<strong>\u00a0<\/strong><\/p>\n","protected":false},"excerpt":{"rendered":"<p>La raccolta differenziata nel territorio comunale di Fasano \u00e8 colata a picco; per questo, il comando di Polizia locale sta attivando misure severe di controllo che partiranno da marted\u00ec 10 ottobre con una squadra congiunta di vigili urbani e addetti della \u201cTradeco\u201d (la societ\u00e0 gestrice del servizio di raccolta e smaltimento dei rifiuti solidi urbani). I controlli, severi (anche attraverso l\u2019apertura delle buste conferite per verificarne il contenuto) saranno mirati ad individuare e punire i cittadini ed i commercianti che non effettuano correttamente il conferimento dei rifiuti secondo il calendario e le modalit\u00e0 prescritte. No ci sar\u00e0 \u201csconto\u201d per alcuno, considerato l\u2019ultimo dato aggiornato censito dall\u2019ufficio comunale Ecologia che registra un 49 per cento di raccolta differenziata: una soglia molto bassa, rispetto alle percentuali superiori al 70 per cento del primo anno d\u2019attivazione del servizio che, peraltro, ha permesso al Comune di essere classificato tra i pi\u00f9 \u201cvirtuosi\u201d e \u201cricicloni\u201d di Puglia, ed alla soglia dell\u2019oltre 60 per cento degli anni successivi, fino a quest\u2019anno, da gennaio, quando l\u2019indifferenziata ha&#8230;<\/p>\n","protected":false},"author":2,"featured_media":27198,"comment_status":"open","ping_status":"closed","sticky":false,"template":"","format":"standard","meta":{"footnotes":""},"categories":[7],"tags":[244,245],"class_list":["post-114792","post","type-post","status-publish","format-standard","has-post-thumbnail","hentry","category-news","tag-fasano","tag-raccolta-differenziata"],"_links":{"self":[{"href":"https:\/\/www.brundisium.net\/index.php\/wp-json\/wp\/v2\/posts\/114792","targetHints":{"allow":["GET"]}}],"collection":[{"href":"https:\/\/www.brundisium.net\/index.php\/wp-json\/wp\/v2\/posts"}],"about":[{"href":"https:\/\/www.brundisium.net\/index.php\/wp-json\/wp\/v2\/types\/post"}],"author":[{"embeddable":true,"href":"https:\/\/www.brundisium.net\/index.php\/wp-json\/wp\/v2\/users\/2"}],"replies":[{"embeddable":true,"href":"https:\/\/www.brundisium.net\/index.php\/wp-json\/wp\/v2\/comments?post=114792"}],"version-history":[{"count":1,"href":"https:\/\/www.brundisium.net\/index.php\/wp-json\/wp\/v2\/posts\/114792\/revisions"}],"predecessor-version":[{"id":114794,"href":"https:\/\/www.brundisium.net\/index.php\/wp-json\/wp\/v2\/posts\/114792\/revisions\/114794"}],"wp:featuredmedia":[{"embeddable":true,"href":"https:\/\/www.brundisium.net\/index.php\/wp-json\/wp\/v2\/media\/27198"}],"wp:attachment":[{"href":"https:\/\/www.brundisium.net\/index.php\/wp-json\/wp\/v2\/media?parent=114792"}],"wp:term":[{"taxonomy":"category","embeddable":true,"href":"https:\/\/www.brundisium.net\/index.php\/wp-json\/wp\/v2\/categories?post=114792"},{"taxonomy":"post_tag","embeddable":true,"href":"https:\/\/www.brundisium.net\/index.php\/wp-json\/wp\/v2\/tags?post=114792"}],"curies":[{"name":"wp","href":"https:\/\/api.w.org\/{rel}","templated":true}]}}