{"id":11486,"date":"2014-04-19T00:10:27","date_gmt":"2014-04-18T22:10:27","guid":{"rendered":"http:\/\/www.brundisium.net\/brun\/?p=11486"},"modified":"2016-07-04T18:03:34","modified_gmt":"2016-07-04T16:03:34","slug":"come-siamo-messi-a-razzismo-di-guido-giampietro","status":"publish","type":"post","link":"https:\/\/www.brundisium.net\/index.php\/come-siamo-messi-a-razzismo-di-guido-giampietro\/","title":{"rendered":"Come siamo messi a razzismo? Di Guido Giampietro"},"content":{"rendered":"<p><a href=\"http:\/\/www.brundisium.net\/brun\/wp-content\/uploads\/2014\/04\/offese_kyenge.jpg\"><img loading=\"lazy\" decoding=\"async\" class=\"alignright size-medium wp-image-11488\" src=\"http:\/\/www.brundisium.net\/brun\/wp-content\/uploads\/2014\/04\/offese_kyenge-300x187.jpg\" alt=\"offese_kyenge\" width=\"300\" height=\"187\" data-id=\"11488\" srcset=\"https:\/\/www.brundisium.net\/brun\/wp-content\/uploads\/2014\/04\/offese_kyenge-300x187.jpg 300w, https:\/\/www.brundisium.net\/brun\/wp-content\/uploads\/2014\/04\/offese_kyenge-112x70.jpg 112w, https:\/\/www.brundisium.net\/brun\/wp-content\/uploads\/2014\/04\/offese_kyenge.jpg 738w\" sizes=\"auto, (max-width: 300px) 100vw, 300px\" \/><\/a>Dopo i recenti insulti alla ministra dell\u2019Integrazione C\u00e9cile Kyenge viene spontaneo (ri)porsi la domanda: ma noi siamo razzisti? Dove quel \u201cnoi\u201d non \u00e8 un plurale maiestatis, ma un pronome plurale riferito alla gens italica in genere e, in subordine, anche a quella brindisina.<\/p>\n<p>&nbsp;<\/p>\n<p>Gli insulti, le banane e i gestacci rivolti alla Kyenge non sono da sottovalutare e, oltretutto, ci pongono in una delicata situazione nei confronti dei turisti di colore che hanno intenzione di venire nel nostro Paese.<\/p>\n<p>Con quale entusiasmo potrebbero mai prendere una tale decisione una volta resisi conto dell\u2019astio con cui, in Italia, vengono considerati quelli con la pelle del loro colore?<\/p>\n<p>Non \u00e8 che si voglia sempre pensare all\u2019utile, ma in tempi di vacche magre \u02d7 libera traduzione di spending review \u02d7 questo mancato introito di valuta non pu\u00f2 che nuocere ad una economia asfittica come la nostra.<\/p>\n<p>&nbsp;<\/p>\n<p>Esasperazione, rancore, rabbia verso gli stranieri, specie extracomunitari, non sono sentimenti e atteggiamenti sconosciuti. Tutt\u2019altro.<\/p>\n<p>Per\u00f2 \u02d7 e non vuole essere questa una giustificazione \u02d7 c\u2019\u00e8 da dire che sono generati soprattutto dall\u2019assenza di controlli, dal lassismo di marchio prettamente nazionale, dall\u2019incertezza della pena.<br \/>\n<a href=\"http:\/\/www.brundisium.net\/brun\/wp-content\/uploads\/2014\/04\/1799706-ladro_casa1.jpg\"><img loading=\"lazy\" decoding=\"async\" class=\"alignleft size-medium wp-image-11489\" src=\"http:\/\/www.brundisium.net\/brun\/wp-content\/uploads\/2014\/04\/1799706-ladro_casa1-300x167.jpg\" alt=\"1799706-ladro_casa[1]\" width=\"300\" height=\"167\" data-id=\"11489\" srcset=\"https:\/\/www.brundisium.net\/brun\/wp-content\/uploads\/2014\/04\/1799706-ladro_casa1-300x167.jpg 300w, https:\/\/www.brundisium.net\/brun\/wp-content\/uploads\/2014\/04\/1799706-ladro_casa1.jpg 680w\" sizes=\"auto, (max-width: 300px) 100vw, 300px\" \/><\/a>Quando viene messo semplicemente ai domiciliari il magrebino che ha investito sulle strisce una mamma, un bambino o entrambi e poi \u00e8 scappato; quando viene rilasciato a piede libero il rumeno che, per rubare qualche centinaio di euro in una casa un po\u2019 fuori mano, non ha esitato ad ammazzare una coppia di vecchietti; quando i protettori slavi e albanesi continuano indisturbati a gestire il loro commercio di disgraziate senza che nessuno glielo impedisca; ed intere comunit\u00e0 rom, alla faccia di tutte le norme e regolamenti, dopo aver trasformato una zona di verde pubblico in una fetida discarica, vengono ignorati dalle autorit\u00e0 locali\u2026 ecco, questo \u00e8 il momento buono perch\u00e9 il germe del razzismo prenda piede.<br \/>\nIl rischio di una deriva intollerante esiste, dunque, nutrita dal lassismo, dalla scarsit\u00e0 delle forze dell\u2019ordine (impegnate, in compenso, a fare da body guard ai signori politici!) e da leggi poco condivisibili.<\/p>\n<p>&nbsp;<\/p>\n<p>Per non parlare della vergognosa assenza di un\u2019Europa che sta a guardare dall\u2019alto dei suoi palazzi vetrati e dei suoi consessi lontani mille miglia dai veri problemi della gente.<\/p>\n<p>&nbsp;<\/p>\n<p>Indubbiamente \u00e8 pi\u00f9 facile pretendere i rimborsi delle quote latte anzich\u00e9 dare soldi ai Paesi condannati a gestire, da soli, l\u2019arrivo delle carrette del mare. Cos\u00ec come manca del tutto un responsabile impegno a regolamentare, con accordi internazionali, la tragedia dei flussi migratori.<br \/>\nFinora non mi pare d\u2019avere sentito nessuno \u02d7 dico: nessuno! \u02d7 tra coloro che le Segreterie dei partiti stanno candidando alle Europee, che accenni ad uno straccio di programma su questo delicato argomento di una trasmigrazione che tra non molto rischia di diventare biblica.<br \/>\nCon quali intenzioni questi candidati si prefiggono di andare a Bruxelles?<\/p>\n<p>Che cosa offrono ai cittadini in cambio di un voto richiesto a gran voce attraverso i megafoni delle radio, delle televisioni, dei maxi manifesti?<\/p>\n<p>Gli italiani, in primis, dovrebbero prendersela contro la pochezza di idee di costoro. E, solo dopo, contro l\u2019esercito di stranieri che, senza lavoro, non hanno altra scelta che ingrossare le file della delinquenza. N\u00e9 pi\u00f9 n\u00e9 meno degli italiani che si trovano nelle medesime condizioni!<\/p>\n<p>&nbsp;<\/p>\n<p>E a Brindisi alligna il razzismo? <a href=\"http:\/\/www.brundisium.net\/brun\/wp-content\/uploads\/2014\/04\/ALBANESI-PORTO.jpg\"><img loading=\"lazy\" decoding=\"async\" class=\"alignright wp-image-11491 size-medium\" src=\"http:\/\/www.brundisium.net\/brun\/wp-content\/uploads\/2014\/04\/ALBANESI-PORTO-300x195.jpg\" alt=\"\" width=\"300\" height=\"195\" data-id=\"11487\" srcset=\"https:\/\/www.brundisium.net\/brun\/wp-content\/uploads\/2014\/04\/ALBANESI-PORTO-300x195.jpg 300w, https:\/\/www.brundisium.net\/brun\/wp-content\/uploads\/2014\/04\/ALBANESI-PORTO.jpg 478w\" sizes=\"auto, (max-width: 300px) 100vw, 300px\" \/><\/a><\/p>\n<p>\u00c8 probabile che sia presente in fondo agli animi e che, talvolta, getti una luce inquietante sui pensieri quotidiani. Senza per\u00f2 venire fuori in maniera eclatante, come succede nel resto del Paese.<\/p>\n<p>Certo, ogni tanto si sente qualche commento sugli extracomunitari che assorbono risorse proprio nel momento in cui tanti ragazzi brindisini passeggiano per il Corso. Ma da questo a passare alla violenza gratuita ce ne vuole.<\/p>\n<p>&nbsp;<\/p>\n<p>Del resto il popolo brindisino, in pi\u00f9 di duemila anni di storia, ne ha visto di stranieri! E solo in casi eccezionali si \u00e8 ribellato.<\/p>\n<p>Viceversa ha accolto tutti (meno i turchi dell\u2019impero Ottomano\u2026) senza porsi il problema della provenienza o del colore della pelle.<\/p>\n<p>&nbsp;<\/p>\n<p>Diciamo che se l\u2019accoglienza si potesse rappresentare graficamente sarebbe il simbolo pi\u00f9 idoneo a sostituire le colonne romane sul gonfalone della citt\u00e0.<br \/>\nUna citt\u00e0 che avrebbe avuto titolo, pi\u00f9 di tante altre, ad una medaglia al valor civile per l\u2019accoglienza, nel 1991, degli oltre ventimila albanesi.<\/p>\n<p>Ma non l\u2019ha mai reclamata quella medaglia, consapevole che quello spontaneo atto umanitario costituisse la pi\u00f9 gratificante delle onorificenze.<\/p>\n<p>&nbsp;<\/p>\n<p>Noi brindisini conviviamo bene con questi ragazzi africani che girano per la citt\u00e0 sulle biciclette donate loro perch\u00e9 noi, nel frattempo, siamo diventati ricchi. N\u00e9 consideriamo una concorrenza sleale le umili attivit\u00e0 da loro svolte come raccoglitori di pomodori e olive o pulitori di vetrine o garzoni tuttofare, perch\u00e9 si tratta di lavori che noi, europei-di-prima-generazione, non ci sentiamo pi\u00f9 di fare.<\/p>\n<p>&nbsp;<\/p>\n<p><a href=\"http:\/\/www.brundisium.net\/brun\/wp-content\/uploads\/2014\/04\/dormitorio-in-strada.jpg\"><img loading=\"lazy\" decoding=\"async\" class=\"alignleft size-medium wp-image-10127\" src=\"http:\/\/www.brundisium.net\/brun\/wp-content\/uploads\/2014\/04\/dormitorio-in-strada-300x197.jpg\" alt=\"dormitorio-in-strada\" width=\"300\" height=\"197\" data-id=\"10127\" srcset=\"https:\/\/www.brundisium.net\/brun\/wp-content\/uploads\/2014\/04\/dormitorio-in-strada-300x197.jpg 300w, https:\/\/www.brundisium.net\/brun\/wp-content\/uploads\/2014\/04\/dormitorio-in-strada.jpg 716w\" sizes=\"auto, (max-width: 300px) 100vw, 300px\" \/><\/a>\u00a0Allora, se le cose stanno cos\u00ec, come si spiega la gazzarra che qualche giorno fa ha bloccato, grazie anche ad alcuni cassonetti dell\u2019immondizia, la circolazione delle auto in via Provinciale per S. Vito?<\/p>\n<p>Cosa ha spinto gli ottanta giovani africani, ospiti del dormitorio comunale, a scendere in strada per gridare la loro rabbia e, ancor pi\u00f9, la loro impotenza di non-cittadini?<br \/>\nSemplice: li ha indotti ad agire cos\u00ec il silenzio di chi doveva ripristinare, da ben tre giorni, l\u2019energia elettrica nel fabbricato del dormitorio.<\/p>\n<p>&nbsp;<\/p>\n<p>Vale la pena di precisare che il dormitorio, dal luglio 2013, \u00e8 gestito dalla Cooperativa \u201cLa citt\u00e0 dei servizi\u201d, subentrata alla Caritas.<\/p>\n<p>La struttura apre i battenti alle ore 19.00 e chiude alle ore 9.00.<\/p>\n<p>Durante il giorno, quindi, \u00e8 vietata la permanenza nel fabbricato, ma chi transita per via Provinciale S. Vito assiste quotidianamente alla scenetta dei continui scavalcamenti della recinzione da parte degli aventi diritto e non\u2026<br \/>\nE d\u2019altro canto dove dovrebbero sostare questi ragazzi una volta terminato il lavoro giornaliero (per quelli che ce l\u2019hanno)?<\/p>\n<p>Dove dovrebbero ripararsi dalla poggia e dalla tramontana e, tra non molto, dalle temperature torride dell\u2019estate?<br \/>\nCome d\u2019incanto, ad opera della Energeko, l\u2019emergenza, gi\u00e0 nella serata, \u00e8 stata parzialmente risolta e sono stati resi noti anche i motivi che hanno portato al blackout: un sovraccarico di energia causato dal numero eccessivo di utenze collegate alla rete.<br \/>\nLa successiva nota del Sindaco ha fatto presente che gli ospiti \u201csanno bene che non \u00e8 possibile usare fornellini, n\u00e9 tantomeno prolunghe elettriche in quanto si violano le pi\u00f9 elementari norme di sicurezza. Il permissivismo del passato non si ripeter\u00e0, anche in riferimento agli atti vandalici degli stessi occupanti\u2026 che hanno praticamente reso inservibili i bagni realizzati poco tempo fa con il denaro dei contribuenti brindisini\u201d.<br \/>\nGiustissimo! Solo che, nelle stanze dove si prendono le decisioni, non si \u00e8 tenuto conto che un dormitorio non pu\u00f2 certo risolvere il problema di questi ragazzi.<\/p>\n<p>A parte il pasto presso la Caritas, come e dove possono vivere per il resto della giornata?<br \/>\nCome se non bastasse la criticit\u00e0 di questa situazione, cos\u00ec conclude la nota del Sindaco: \u201c\u2026 Non escludo che si possa giungere alla chiusura del dormitorio, pur consapevole delle conseguenze che tale scelta determinerebbe\u201d.<br \/>\nCaro Sindaco, prima di passare agli ukase di stampo sovietico, sar\u00e0 bene accertare le responsabilit\u00e0 di chi \u00e8 tenuto a controllare l\u2019applicazione delle norme.<br \/>\nE poi \u00e8 veramente eufemistico pensare che un gruppo di giovani extracomunitari possa autogovernarsi.<\/p>\n<p>Tra i doveri che abbiamo in quanto \u201ceuropei-di-prima-generazione\u201d c\u2019\u00e8 anche quello di educare gli immigrati al rispetto del bene pubblico.<br \/>\nOnestamente come si pu\u00f2 pretendere da loro un comportamento da \u201cbuon cittadino\u201d visto che non hanno ancora questo status (e forse mai l\u2019avranno) e visto che i brindisini della loro stessa et\u00e0 si abbandonano ad atti di vandalismo ben pi\u00f9 vergognosi (come lo scempio compiuto nei parchi urbani)?<br \/>\nNon si tratta di essere buonisti, ma logica vuole che, prima di giungere a soluzioni estreme, si debbano porre in essere tutti i controlli (continui e non di facciata o temporanei!) atti ad evitare il dispendio di pubblico denaro e, nel contempo, ad assicurare una decente permanenza a queste persone.<\/p>\n<p>&nbsp;<\/p>\n<p>E se la Pasqua \u00e8 l\u2019atto di amore per eccellenza, allora buona Pasqua a tutti.<\/p>\n<p>Anche agli ottanta extracomunitari del dormitorio comunale.<\/p>\n<p>&nbsp;<\/p>\n<p><strong>Guido Giampietro<\/strong><\/p>\n","protected":false},"excerpt":{"rendered":"<p>Dopo i recenti insulti alla ministra dell\u2019Integrazione C\u00e9cile Kyenge viene spontaneo (ri)porsi la domanda: ma noi siamo razzisti? Dove quel \u201cnoi\u201d non \u00e8 un plurale maiestatis, ma un pronome plurale riferito alla gens italica in genere e, in subordine, anche a quella brindisina. &nbsp; Gli insulti, le banane e i gestacci rivolti alla Kyenge non sono da sottovalutare e, oltretutto, ci pongono in una delicata situazione nei confronti dei turisti di colore che hanno intenzione di venire nel nostro Paese. Con quale entusiasmo potrebbero mai prendere una tale decisione una volta resisi conto dell\u2019astio con cui, in Italia, vengono considerati quelli con la pelle del loro colore? Non \u00e8 che si voglia sempre pensare all\u2019utile, ma in tempi di vacche magre \u02d7 libera traduzione di spending review \u02d7 questo mancato introito di valuta non pu\u00f2 che nuocere ad una economia asfittica come la nostra. &nbsp; Esasperazione, rancore, rabbia verso gli stranieri, specie extracomunitari, non sono sentimenti e atteggiamenti sconosciuti. Tutt\u2019altro. Per\u00f2 \u02d7 e non vuole essere questa una giustificazione \u02d7&#8230;<\/p>\n","protected":false},"author":2,"featured_media":11490,"comment_status":"open","ping_status":"open","sticky":false,"template":"","format":"standard","meta":{"footnotes":""},"categories":[3129,9],"tags":[18,522],"class_list":["post-11486","post","type-post","status-publish","format-standard","has-post-thumbnail","hentry","category-guido-giampietro","category-interventi","tag-guido-giampietro","tag-razzismo"],"_links":{"self":[{"href":"https:\/\/www.brundisium.net\/index.php\/wp-json\/wp\/v2\/posts\/11486","targetHints":{"allow":["GET"]}}],"collection":[{"href":"https:\/\/www.brundisium.net\/index.php\/wp-json\/wp\/v2\/posts"}],"about":[{"href":"https:\/\/www.brundisium.net\/index.php\/wp-json\/wp\/v2\/types\/post"}],"author":[{"embeddable":true,"href":"https:\/\/www.brundisium.net\/index.php\/wp-json\/wp\/v2\/users\/2"}],"replies":[{"embeddable":true,"href":"https:\/\/www.brundisium.net\/index.php\/wp-json\/wp\/v2\/comments?post=11486"}],"version-history":[{"count":2,"href":"https:\/\/www.brundisium.net\/index.php\/wp-json\/wp\/v2\/posts\/11486\/revisions"}],"predecessor-version":[{"id":11506,"href":"https:\/\/www.brundisium.net\/index.php\/wp-json\/wp\/v2\/posts\/11486\/revisions\/11506"}],"wp:featuredmedia":[{"embeddable":true,"href":"https:\/\/www.brundisium.net\/index.php\/wp-json\/wp\/v2\/media\/11490"}],"wp:attachment":[{"href":"https:\/\/www.brundisium.net\/index.php\/wp-json\/wp\/v2\/media?parent=11486"}],"wp:term":[{"taxonomy":"category","embeddable":true,"href":"https:\/\/www.brundisium.net\/index.php\/wp-json\/wp\/v2\/categories?post=11486"},{"taxonomy":"post_tag","embeddable":true,"href":"https:\/\/www.brundisium.net\/index.php\/wp-json\/wp\/v2\/tags?post=11486"}],"curies":[{"name":"wp","href":"https:\/\/api.w.org\/{rel}","templated":true}]}}