{"id":114885,"date":"2017-10-06T11:41:21","date_gmt":"2017-10-06T09:41:21","guid":{"rendered":"http:\/\/www.brundisium.net\/?p=114885"},"modified":"2017-10-06T11:41:21","modified_gmt":"2017-10-06T09:41:21","slug":"forza-italia-a-brindisi-parte-una-nuova-fase-organizzativa","status":"publish","type":"post","link":"https:\/\/www.brundisium.net\/index.php\/forza-italia-a-brindisi-parte-una-nuova-fase-organizzativa\/","title":{"rendered":"Forza Italia: a Brindisi parte una nuova fase organizzativa"},"content":{"rendered":"<p>Si \u00e8 svolta ieri sera la riunione dei Dirigenti cittadini e provinciali di Forza Italia, convocata dal Coordinatore provinciale Antonio ANDRISANO e alla presenza del Coordinatore regionale Luigi VITALI, il quale ha illustrato le linee guida e gli obiettivi da perseguire, anche in previsione delle prossime tornate elettorali.<\/p>\n<p>&nbsp;<\/p>\n<p>All&#8217;avv. Ernestina SICILIA, coordinatore cittadino, il compito di proseguire nel cammino gi\u00e0 intrapreso di rimpolpamento delle fila del partito e di sensibilizzazione della comunit\u00e0 cittadina di Brindisi ai valori e ai programmi, cari a FORZA ITALIA.<\/p>\n<p>&nbsp;<\/p>\n<p>Sar\u00e0 inaugurata nella prima decade di novembre la nuova sede del Partito, sar\u00e0 presentato il nuovo coordinamento cittadino ed a seguire, con periodicit\u00e0 mensile, partendo dallo stesso prossimo mese, gli appuntamenti con la citt\u00e0, per la discussione dei vari temi.<\/p>\n<p>&nbsp;<\/p>\n<p>Obiettivo principale del Coordinatore e del coordinamento cittadino rappresentare con chiarezza e responsabilit\u00e0 l&#8217;impegno di Forza Italia a Brindisi, a far crescere la nostra Citt\u00e0.<\/p>\n<p>&nbsp;<\/p>\n<p>Nel frattempo riunione tattica la prossima settimana a livello cittadino, per la conferma dei Componenti l&#8217;Esecutivo.<\/p>\n<p>&nbsp;<\/p>\n<p>&nbsp;<\/p>\n<p><strong>COMUNICATO STAMPA DEL COORDINATORE CITTADINO DI FORZA ITALIA DI BRINDISI<\/strong><\/p>\n","protected":false},"excerpt":{"rendered":"<p>Si \u00e8 svolta ieri sera la riunione dei Dirigenti cittadini e provinciali di Forza Italia, convocata dal Coordinatore provinciale Antonio ANDRISANO e alla presenza del Coordinatore regionale Luigi VITALI, il quale ha illustrato le linee guida e gli obiettivi da perseguire, anche in previsione delle prossime tornate elettorali. &nbsp; All&#8217;avv. Ernestina SICILIA, coordinatore cittadino, il compito di proseguire nel cammino gi\u00e0 intrapreso di rimpolpamento delle fila del partito e di sensibilizzazione della comunit\u00e0 cittadina di Brindisi ai valori e ai programmi, cari a FORZA ITALIA. &nbsp; Sar\u00e0 inaugurata nella prima decade di novembre la nuova sede del Partito, sar\u00e0 presentato il nuovo coordinamento cittadino ed a seguire, con periodicit\u00e0 mensile, partendo dallo stesso prossimo mese, gli appuntamenti con la citt\u00e0, per la discussione dei vari temi. &nbsp; Obiettivo principale del Coordinatore e del coordinamento cittadino rappresentare con chiarezza e responsabilit\u00e0 l&#8217;impegno di Forza Italia a Brindisi, a far crescere la nostra Citt\u00e0. &nbsp; Nel frattempo riunione tattica la prossima settimana a livello cittadino, per la conferma dei Componenti l&#8217;Esecutivo. &nbsp;&#8230;<\/p>\n","protected":false},"author":2,"featured_media":1901,"comment_status":"open","ping_status":"closed","sticky":false,"template":"","format":"standard","meta":{"footnotes":""},"categories":[7],"tags":[250],"class_list":["post-114885","post","type-post","status-publish","format-standard","has-post-thumbnail","hentry","category-news","tag-forza-italia"],"_links":{"self":[{"href":"https:\/\/www.brundisium.net\/index.php\/wp-json\/wp\/v2\/posts\/114885","targetHints":{"allow":["GET"]}}],"collection":[{"href":"https:\/\/www.brundisium.net\/index.php\/wp-json\/wp\/v2\/posts"}],"about":[{"href":"https:\/\/www.brundisium.net\/index.php\/wp-json\/wp\/v2\/types\/post"}],"author":[{"embeddable":true,"href":"https:\/\/www.brundisium.net\/index.php\/wp-json\/wp\/v2\/users\/2"}],"replies":[{"embeddable":true,"href":"https:\/\/www.brundisium.net\/index.php\/wp-json\/wp\/v2\/comments?post=114885"}],"version-history":[{"count":1,"href":"https:\/\/www.brundisium.net\/index.php\/wp-json\/wp\/v2\/posts\/114885\/revisions"}],"predecessor-version":[{"id":114886,"href":"https:\/\/www.brundisium.net\/index.php\/wp-json\/wp\/v2\/posts\/114885\/revisions\/114886"}],"wp:featuredmedia":[{"embeddable":true,"href":"https:\/\/www.brundisium.net\/index.php\/wp-json\/wp\/v2\/media\/1901"}],"wp:attachment":[{"href":"https:\/\/www.brundisium.net\/index.php\/wp-json\/wp\/v2\/media?parent=114885"}],"wp:term":[{"taxonomy":"category","embeddable":true,"href":"https:\/\/www.brundisium.net\/index.php\/wp-json\/wp\/v2\/categories?post=114885"},{"taxonomy":"post_tag","embeddable":true,"href":"https:\/\/www.brundisium.net\/index.php\/wp-json\/wp\/v2\/tags?post=114885"}],"curies":[{"name":"wp","href":"https:\/\/api.w.org\/{rel}","templated":true}]}}