{"id":115008,"date":"2017-10-08T09:31:05","date_gmt":"2017-10-08T07:31:05","guid":{"rendered":"http:\/\/www.brundisium.net\/?p=115008"},"modified":"2017-10-11T17:47:48","modified_gmt":"2017-10-11T15:47:48","slug":"rassegna-darte-contemporanea-autunno-dautore-al-castello-di-mesagne","status":"publish","type":"post","link":"https:\/\/www.brundisium.net\/index.php\/rassegna-darte-contemporanea-autunno-dautore-al-castello-di-mesagne\/","title":{"rendered":"Rassegna d\u2019Arte Contemporanea \u201cAutunno d\u2019Autore\u201d al Castello di Mesagne"},"content":{"rendered":"<p><a href=\"http:\/\/www.brundisium.net\/brun\/wp-content\/uploads\/2017\/10\/Sale-espositive-Castello-Normanno-Svevo-Mesagne.jpg\"><img loading=\"lazy\" decoding=\"async\" src=\"http:\/\/www.brundisium.net\/brun\/wp-content\/uploads\/2017\/10\/Sale-espositive-Castello-Normanno-Svevo-Mesagne-300x203.jpg\" alt=\"\" width=\"300\" height=\"203\" class=\"alignleft size-medium wp-image-115010\" srcset=\"https:\/\/www.brundisium.net\/brun\/wp-content\/uploads\/2017\/10\/Sale-espositive-Castello-Normanno-Svevo-Mesagne-300x203.jpg 300w, https:\/\/www.brundisium.net\/brun\/wp-content\/uploads\/2017\/10\/Sale-espositive-Castello-Normanno-Svevo-Mesagne.jpg 720w\" sizes=\"auto, (max-width: 300px) 100vw, 300px\" \/><\/a><\/p>\n<p>Inizia la sezione \u201cAutunno d\u2019Autore\u201d del pi\u00f9 ampio progetto \u201cStagioni d\u2019Autore, Stagioni nel Cuore\u201d organizzato dall\u2019Associazione Culturale \u201cEterogenea\u201d di Mesagne nell\u2019ambito del progetto d\u2019Arte \u201cLe Ali di Mirna\u201d con il patrocinio e il sostegno dell\u2019Amministrazione Comunale di Mesagne \u2013 Assessorato alla Cultura.  Il primo evento che dar\u00e0 il benvenuto all\u2019autunno \u00e8 la IV Rassegna d\u2019Arte Contemporanea che sar\u00e0 inaugurata venerd\u00ec 13 ottobre 2017 alle ore 18.30 nelle sale espositive (piano nobile) del Castello Normanno-Svevo di Mesagne. Si potranno ammirare sino al 29 ottobre le opere di sei affermati artisti:<br \/>\nIgli ARAPI per l\u2019acquerello, nasce nel 1972 a Tirana (Albania), vive e opera  a Martina Franca (Ta); diplomato presso il Liceo artistico di Tirana nel 1992, nel marzo 2002 si laurea all&#8217; Accademia delle Belle Arti di Bari.  Nel giugno dello stesso anno la rivista \u201cArte\u201d, della Mondadori Editore, lo inserisce fra le 200 giovani promesse;<br \/>\nLetizia CAIAZZO per la computer art, vive e opera a Piano di Sorrento (NA). Dopo gli studi superiori compiuti presso l\u2019Istituto Santa Dorotea di Napoli e la facolt\u00e0 di Lettere e Filosofia dell\u2019Universit\u00e0 degli Studi di Napoli Federico II,  ha coltivato la passione per l\u2019arte che ha profuso in qualit\u00e0 di docente a generazioni di giovani;<br \/>\nPasquale NERO GALANTE per la pittura, nasce a Carovigno (BR) nel 1964. Dopo aver frequentato il Liceo Artistico e l\u2019Accademia di Belle Arti di Lecce, si trasferisce a Roma dove attualmente vive e lavora. Ha iniziato a esporre prestissimo sin dal 1986  con personali e collettive in Italia e all\u2019estero;<br \/>\n Raffaele PUCE, fotografo e artista visivo, nasce nel 1963 a Scorrano (Le). Si laurea all\u2019Accademia di Belle Arti di Lecce. Collabora con enti pubblici e aziende per la realizzazione di immagini per mostre e cataloghi. Svolge ricerca fotografica con particolare attenzione al rapporto tra beni culturali e territorio.<br \/>\nVito RUSSO per la scultura, nasce a Salve (LE) nel 1948, a dodici anni frequenta il corso di pittura presso l\u2019Istituto Statale d\u2019Arte di Lecce. Due anni dopo, sempre nella stessa scuola frequenta il corso di scultura, allievo e si diploma nel 1966. Dal 1968 frequenta l\u2019Accademia di BB.AA. di Lecce e si diploma in decorazione nel 1972. Si abilita in discipline plastiche nel 1974;<br \/>\nVincenzo VACCA per la ceramica, nasce a Ceglie Messapica (Br) nel 1956, vive e opera a Grottaglie (Ta). Compie i suoi studi giovanili presso l\u2019Istituto d\u2019Arte di Grottaglie, consegue la laurea in Architettura a Roma. Inizia la sua attivit\u00e0 espositiva nel 1972; ha al suo attivo numerose mostre personali e collettive.<br \/>\nLa Rassegna \u00e8 stata inserita fra gli eventi della XIII Giornata del Contemporaneo, la grande manifestazione organizzata da AMACI (Associazione dei Musei d\u2019Arte Contemporanea Italiani) che si svolger\u00e0 sabato 14 ottobre 2017, giornata nella quale apriranno gratuitamente le porte dei 24 musei AMACI e di un migliaio di realt\u00e0 in tutta Italia per presentare artisti e nuove idee attraverso mostre, laboratori, eventi e conferenze. Un programma multiforme che di anno in anno ha saputo regalare al grande pubblico un\u2019occasione per vivere da vicino il complesso e vivace mondo dell\u2019arte contemporanea, portando la manifestazione a essere considerata l\u2019appuntamento annuale che ufficialmente inaugura la stagione dell\u2019arte in Italia.<br \/>\nLa mostra ha il Patrocinio della Citt\u00e0 di Mesagne e dell\u2019Assessore all\u2019Industria Turistica e Culturale della Regione Puglia.<br \/>\nInterverranno all\u2019inaugurazione il Sindaco della Citt\u00e0 di Mesagne dott. Pompeo Molfetta e l\u2019Assessore alla Cultura della Citt\u00e0 di Mesagne avv. Marco Cal\u00f2; la presentazione critica sar\u00e0 a cura della prof.ssa Rita Fasano<br \/>\nLa mostra potr\u00e0 essere visitata dal 13 al 29 ottobre 2017, con ingresso libero, con i seguenti orari di apertura: dal marted\u00ec al sabato 9.30-12.30\/16.00-19.30; domenica e giorni festivi 10.00-12.30\/16.30-19.30; luned\u00ec giornata di chiusura al pubblico.<br \/>\nPer info: 347 0080778 \u2013 e-mail lealidimirna@libero.it \u2013 Assessorato alla Cultura Citt\u00e0 di Mesagne tel. 0831 776065.<\/p>\n","protected":false},"excerpt":{"rendered":"<p>Inizia la sezione \u201cAutunno d\u2019Autore\u201d del pi\u00f9 ampio progetto \u201cStagioni d\u2019Autore, Stagioni nel Cuore\u201d organizzato dall\u2019Associazione Culturale \u201cEterogenea\u201d di Mesagne nell\u2019ambito del progetto d\u2019Arte \u201cLe Ali di Mirna\u201d con il patrocinio e il sostegno dell\u2019Amministrazione Comunale di Mesagne \u2013 Assessorato alla Cultura. Il primo evento che dar\u00e0 il benvenuto all\u2019autunno \u00e8 la IV Rassegna d\u2019Arte Contemporanea che sar\u00e0 inaugurata venerd\u00ec 13 ottobre 2017 alle ore 18.30 nelle sale espositive (piano nobile) del Castello Normanno-Svevo di Mesagne. Si potranno ammirare sino al 29 ottobre le opere di sei affermati artisti: Igli ARAPI per l\u2019acquerello, nasce nel 1972 a Tirana (Albania), vive e opera a Martina Franca (Ta); diplomato presso il Liceo artistico di Tirana nel 1992, nel marzo 2002 si laurea all&#8217; Accademia delle Belle Arti di Bari. Nel giugno dello stesso anno la rivista \u201cArte\u201d, della Mondadori Editore, lo inserisce fra le 200 giovani promesse; Letizia CAIAZZO per la computer art, vive e opera a Piano di Sorrento (NA). Dopo gli studi superiori compiuti presso l\u2019Istituto Santa Dorotea di Napoli&#8230;<\/p>\n","protected":false},"author":2,"featured_media":115009,"comment_status":"open","ping_status":"closed","sticky":false,"template":"","format":"standard","meta":{"footnotes":""},"categories":[7],"tags":[311,210],"class_list":["post-115008","post","type-post","status-publish","format-standard","has-post-thumbnail","hentry","category-news","tag-le-ali-di-mirna","tag-mesagne"],"_links":{"self":[{"href":"https:\/\/www.brundisium.net\/index.php\/wp-json\/wp\/v2\/posts\/115008","targetHints":{"allow":["GET"]}}],"collection":[{"href":"https:\/\/www.brundisium.net\/index.php\/wp-json\/wp\/v2\/posts"}],"about":[{"href":"https:\/\/www.brundisium.net\/index.php\/wp-json\/wp\/v2\/types\/post"}],"author":[{"embeddable":true,"href":"https:\/\/www.brundisium.net\/index.php\/wp-json\/wp\/v2\/users\/2"}],"replies":[{"embeddable":true,"href":"https:\/\/www.brundisium.net\/index.php\/wp-json\/wp\/v2\/comments?post=115008"}],"version-history":[{"count":1,"href":"https:\/\/www.brundisium.net\/index.php\/wp-json\/wp\/v2\/posts\/115008\/revisions"}],"predecessor-version":[{"id":115011,"href":"https:\/\/www.brundisium.net\/index.php\/wp-json\/wp\/v2\/posts\/115008\/revisions\/115011"}],"wp:featuredmedia":[{"embeddable":true,"href":"https:\/\/www.brundisium.net\/index.php\/wp-json\/wp\/v2\/media\/115009"}],"wp:attachment":[{"href":"https:\/\/www.brundisium.net\/index.php\/wp-json\/wp\/v2\/media?parent=115008"}],"wp:term":[{"taxonomy":"category","embeddable":true,"href":"https:\/\/www.brundisium.net\/index.php\/wp-json\/wp\/v2\/categories?post=115008"},{"taxonomy":"post_tag","embeddable":true,"href":"https:\/\/www.brundisium.net\/index.php\/wp-json\/wp\/v2\/tags?post=115008"}],"curies":[{"name":"wp","href":"https:\/\/api.w.org\/{rel}","templated":true}]}}