{"id":115126,"date":"2017-10-09T15:11:13","date_gmt":"2017-10-09T13:11:13","guid":{"rendered":"http:\/\/www.brundisium.net\/?p=115126"},"modified":"2017-10-11T17:46:08","modified_gmt":"2017-10-11T15:46:08","slug":"fdi-san-vito-continuano-i-furti-negli-appartamenti-il-sindaco-conte-ha-informato-il-nuovo-comandante-de-magistris","status":"publish","type":"post","link":"https:\/\/www.brundisium.net\/index.php\/fdi-san-vito-continuano-i-furti-negli-appartamenti-il-sindaco-conte-ha-informato-il-nuovo-comandante-de-magistris\/","title":{"rendered":"FdI San Vito: continuano i furti negli appartamenti, il Sindaco Conte ha informato il nuovo Comandante De Magistris?"},"content":{"rendered":"<p>&#8220;Il benvenuto anche da Fratelli d&#8217;Italia al colonnello De Magistris, nuovo comandante del Comando Provinciale Carabinieri di Brindisi. C&#8217;\u00e8 tanto da fare in questa provincia e tanto ancora nella nostra citt\u00e0, se lo sar\u00e0 ricordato il Sindaco Conte di evidenziarlo nel momento dei saluti istituzionali? &#8211; lo chiedono il coordinatore cittadino di San Vito dei Normanni, avv. Giacomo Viva e il coordinatore provinciale, Luciano Cavaliere che aggiungono &#8211; il comunicato pubblicato dagli uffici del Sindaco non fa alcun riferimento alla necessit\u00e0 di interventi urgenti e richieste di controllo del territorio. Leggendo quelle due righe non sappiamo se il Comandante \u00e8 stato messo al corrente dei continui furti nelle abitazioni dei Sanvitesi. Erano stati presi degli impegni, intraprese iniziative, d\u2019intesa con le forze dell\u2019ordine ed il Questore, per rafforzare il presidio del territorio comunale e garantire maggiore sicurezza ai cittadini, cos\u00ec aveva scritto il Sindaco con nota n. prot. 26682 del 16.12.2016 in risposta alla richiesta di Fratelli d&#8217;Italia di istituire un tavolo permanente sulla sicurezza, ma \u00e8 evidente che tali iniziative ad oggi non hanno portato a risultati sufficienti viste le violazioni commesse solo alcuni giorni fa all&#8217;interno di alcuni diversi appartamenti. Non sappiamo neanche se in questa conversazione formale il primo cittadino abbia evidenziato il senso di insicurezza che si respira tra i cittadini, non pi\u00f9 tranquilli nelle loro case. Ad oggi, tra l&#8217;altro, non abbiamo avuto alcun riscontro in merito alla proposta fatta da Fratelli d&#8217;Italia, il 27 febbraio 2017, all&#8217;Amministrazione Comunale consigliando di attivarsi, al fine di preparare uno o pi\u00f9 progetti da candidare, alla pubblicazione dei bandi del Ministero dell\u2019interno \u201cPon legalit\u00e0 2014-2020\u2033 come ad esempio l\u2019installazione di videocamere di sorveglianza e di lettori di targa nei punti di accesso del paese, cos\u00ec da avere una completa mappatura del territorio comunale e garantire una maggiore capacit\u00e0 di intervento delle Forze di Polizia. Insomma le abitazioni dei cittadini continuano ad essere derubate, il Sindaco incontra il nuovo Comandante dei Carabinieri ma l&#8217;unica nota pervenuta, oltre al selfie istituzionale, \u00e9 l&#8217;apprezzamento sottolineato per l&#8217;operato dell&#8217;Arma. Non pare un po&#8217; poco per un Sindaco che della sicurezza dovrebbe farne una ragione di vita?&#8221;<\/p>\n<p>&nbsp;<\/p>\n<p>&nbsp;<\/p>\n<p><strong> Giacomo Viva &#8211; Coordinatore Fratelli d&#8217;Italia San Vito dei Normanni<\/strong><br \/>\n<strong>\u00a0Luciano Cavaliere &#8211; Coordinatore Provinciale Fratelli d&#8217;Italia<\/strong><br \/>\n<strong>\u00a0<\/strong><\/p>\n","protected":false},"excerpt":{"rendered":"<p>&#8220;Il benvenuto anche da Fratelli d&#8217;Italia al colonnello De Magistris, nuovo comandante del Comando Provinciale Carabinieri di Brindisi. C&#8217;\u00e8 tanto da fare in questa provincia e tanto ancora nella nostra citt\u00e0, se lo sar\u00e0 ricordato il Sindaco Conte di evidenziarlo nel momento dei saluti istituzionali? &#8211; lo chiedono il coordinatore cittadino di San Vito dei Normanni, avv. Giacomo Viva e il coordinatore provinciale, Luciano Cavaliere che aggiungono &#8211; il comunicato pubblicato dagli uffici del Sindaco non fa alcun riferimento alla necessit\u00e0 di interventi urgenti e richieste di controllo del territorio. Leggendo quelle due righe non sappiamo se il Comandante \u00e8 stato messo al corrente dei continui furti nelle abitazioni dei Sanvitesi. Erano stati presi degli impegni, intraprese iniziative, d\u2019intesa con le forze dell\u2019ordine ed il Questore, per rafforzare il presidio del territorio comunale e garantire maggiore sicurezza ai cittadini, cos\u00ec aveva scritto il Sindaco con nota n. prot. 26682 del 16.12.2016 in risposta alla richiesta di Fratelli d&#8217;Italia di istituire un tavolo permanente sulla sicurezza, ma \u00e8 evidente che tali&#8230;<\/p>\n","protected":false},"author":2,"featured_media":6446,"comment_status":"open","ping_status":"closed","sticky":false,"template":"","format":"standard","meta":{"footnotes":""},"categories":[7],"tags":[436],"class_list":["post-115126","post","type-post","status-publish","format-standard","has-post-thumbnail","hentry","category-news","tag-fratelli-ditalia"],"_links":{"self":[{"href":"https:\/\/www.brundisium.net\/index.php\/wp-json\/wp\/v2\/posts\/115126","targetHints":{"allow":["GET"]}}],"collection":[{"href":"https:\/\/www.brundisium.net\/index.php\/wp-json\/wp\/v2\/posts"}],"about":[{"href":"https:\/\/www.brundisium.net\/index.php\/wp-json\/wp\/v2\/types\/post"}],"author":[{"embeddable":true,"href":"https:\/\/www.brundisium.net\/index.php\/wp-json\/wp\/v2\/users\/2"}],"replies":[{"embeddable":true,"href":"https:\/\/www.brundisium.net\/index.php\/wp-json\/wp\/v2\/comments?post=115126"}],"version-history":[{"count":1,"href":"https:\/\/www.brundisium.net\/index.php\/wp-json\/wp\/v2\/posts\/115126\/revisions"}],"predecessor-version":[{"id":115127,"href":"https:\/\/www.brundisium.net\/index.php\/wp-json\/wp\/v2\/posts\/115126\/revisions\/115127"}],"wp:featuredmedia":[{"embeddable":true,"href":"https:\/\/www.brundisium.net\/index.php\/wp-json\/wp\/v2\/media\/6446"}],"wp:attachment":[{"href":"https:\/\/www.brundisium.net\/index.php\/wp-json\/wp\/v2\/media?parent=115126"}],"wp:term":[{"taxonomy":"category","embeddable":true,"href":"https:\/\/www.brundisium.net\/index.php\/wp-json\/wp\/v2\/categories?post=115126"},{"taxonomy":"post_tag","embeddable":true,"href":"https:\/\/www.brundisium.net\/index.php\/wp-json\/wp\/v2\/tags?post=115126"}],"curies":[{"name":"wp","href":"https:\/\/api.w.org\/{rel}","templated":true}]}}