{"id":115132,"date":"2017-10-09T18:14:41","date_gmt":"2017-10-09T16:14:41","guid":{"rendered":"http:\/\/www.brundisium.net\/?p=115132"},"modified":"2017-10-10T20:34:10","modified_gmt":"2017-10-10T18:34:10","slug":"tutto-pronto-ad-ostuni-per-la-prima-edizione-del-festival-della-cooperazione-internazionale","status":"publish","type":"post","link":"https:\/\/www.brundisium.net\/index.php\/tutto-pronto-ad-ostuni-per-la-prima-edizione-del-festival-della-cooperazione-internazionale\/","title":{"rendered":"Tutto pronto ad Ostuni per la prima edizione del Festival della Cooperazione Internazionale"},"content":{"rendered":"<p>Al via a Ostuni la prima edizione del Festival della Cooperazione Internazionale in programma da venerd\u00ec 13 a domenica 15 ottobre. Tre giorni di incontri, dibattiti, cultura e condivisione voluti dall\u2019AIFO e realizzati con il Patrocinio del Comune di Ostuni e in collaborazione con la Rete Italiana disabilit\u00e0 e sviluppo, DPI Italia, EducAid, Fish e con la media partnership di Idea Radio.<\/p>\n<p>&nbsp;<\/p>\n<p>Venerd\u00ec 13 ottobre alla Biblioteca Comunale, in via Rodio, avranno inizio le sessioni di lavoro del Festival con dalle 9.00 il convegno \u201cLa Cooperazione Italiana e gli obiettivi dello sviluppo sostenibile (SDGS): Stato dell\u2019arte\u201d con le relazioni di Enrico Materia dell\u2019AICS (Associazione Italiana Cultura e Sport), Anna Maria Donnarumma di FOCSIV (Federazione Organismi Cristiani di Servizio Internazionale Volontario), Giampiero Griffo di RIDS (Rete Italiana Disabilit\u00e0 e Sviluppo) e Enrico Giovannini di ASviS (Alleanza Italiana per lo Sviluppo Sostenibile).<\/p>\n<p>&nbsp;<\/p>\n<p>Alle 12.00 i lavori proseguiranno con il focus su \u201cIl consensus europeo sulla cooperazione internazionale\u201d con la partecipazione di Francesco Petrelli di Concord Italia (network delle Organizzazioni non governative in Europa per lo Sviluppo e l\u2019Emergenza), Giovanni Gazzoli, project manager AIFO.<\/p>\n<p>&nbsp;<\/p>\n<p>Nel pomeriggio alle 14.30 il Nuovo Centro Polifunzionale Gal Alto Salento ospiter\u00e0 l\u2019incontro \u201cIl sostegno allo sviluppo dei bambini\u201d. Dopo i saluti di Gianfranco Coppola e di Carmelo Greco, rispettivamente Presidente e Direttore del GAL, interverranno Mauro Borin di OVCI (Organismo di Volontariato per la Cooperazione Internazionale), Francesco Muciaccia di Save the Children, don Ermanno D\u2019Onofrio, Presidente Fondazione Giardino delle rose blu, le testimonianze di RIDS (Rete Italiana Disabilit\u00e0 e Sviluppo), AOI (Associazione Ong Italiane) e Giustino Melchionne della Rete Scuole Taranto.<\/p>\n<p>&nbsp;<\/p>\n<p>Alle 16.00, nei locali dell\u2019azienda Scaff System in contrada Madonna della Nuova, meeting su \u201cLa cooperazione internazionale della Puglia: stato dell\u2019arte ed esperienze\u201d. Dopo i saluti del direttore Licio Tamborrino, avranno inizio le relazioni con gli interventi di Maria Grazia Donno dell\u2019Ufficio Relazioni Internazionali della Regione Puglia, Daniela Fumarola, Segretaria Regionale CISL Puglia, Giustino Melchionne, Rete Scuole Taranto, Alberto Piccinni, cooperante Tregiridite ONLUS Lecce, Carlo Minervini, Maddalena Sterlicchio e Mariella Genchi del Centro Marco Cavallo di Latiano, Ida Chiatante de La maison de la mode Taranto, e Roberto Longo della Cooperativa Citt\u00e0 Solidale di Latiano. Al termine dell\u2019incontro si terr\u00e0 l\u2019inaugurazione della mostra \u201cEscaping people \u2013 Sopravvivere per continuare a vivere\u201d di e con Marcello Carrozzo.<\/p>\n<p>&nbsp;<\/p>\n<p>Alle 17.30 nella Biblioteca Comunale focus su \u201cL\u2019accesso universale all\u2019educazione\u201d con la partecipazione di Arianna Taddei di EducAid, Giustino Melchionne delle Rete Scuole Taranto, don Ermanno D\u2019Onofrio, Presidente Fondazione Giardino delle rose blu e Maria D\u2019Aprile della base ONU di Brindisi. Al termine dell\u2019incontro sar\u00e0 proiettato il video \u201cL\u2019educazione inclusiva in Palestina\u201d realizzato da EducAid. Alle 18.30 presso la Sala Conferenze del Parco delle Dune Costiere a Montalbano di Fasano verr\u00e0 presentato il Manifesto del Convivialismo con il prof. Francesco Fistetti ed il prof. Paolo Ponzio, entrambi dell\u2019Universit\u00e0 di Bari. Modera il dott. Maurizio Portaluri.<br \/>\nAlle 20.00 serata dedicata al rapporto delle persone con disabilit\u00e0 e la musica con il concerto al Cinema Teatro Roma \u201cIl suono del sogno\u201d a cura dell\u2019Associazione Accordi Abili con l\u2019introduzione di Bruno Marchi e il concerto live di Vincenzo De Luci, Elmec e Davide Saccomanno. Nel corso della serata sar\u00e0 proiettato il cortometraggio \u201cLa giraffa senza gamba\u201d alla presenza del regista Fausto Romano e sar\u00e0 presentato in anteprima il disco \u201cDesert Session\u201d a cura di Alberto Piccinni.<\/p>\n<p>&nbsp;<\/p>\n<p>Sabato 14 ottobre la sessione di lavori si aprir\u00e0 con l\u2019incontro \u201cEsperienze di empowerment delle persone con disabilit\u00e0 nel mondo: Palestina, Mongolia, India &#8211; L\u2019Osservatorio Nazionale\u201d in programma presso il Nuovo Centro Polifunzionale del GAL Alto Salento a partire dalle ore 9.00. Interverranno Rita Barbuto di DPI Italia, Francesca Ortali di AIFO, Fabrizio Mezzalana di FISH (Federazione italiana per il superamento dell\u2019handicap) e Federico Ciani dell\u2019Universit\u00e0 di Firenze. Nel corso della mattinata verr\u00e0 proiettato il video \u201cUn albero indiano\u201d realizzato dall\u2019Associazione CBM Italia (Christian Blind Mission). Alle 11.30 alla Biblioteca Comunale focus su \u201cLa riduzione delle disuguaglianze all\u2019interno e fra Paesi\u201d con il prof. Francesco Calamo Specchia, docente di Igiene presso l\u2019Universit\u00e0 Cattolica di Roma, Pietro Vittorio Barbieri del CESE (Comitato Economico e Sociale Europeo), Luca De Fraia del Forum Terzo Settore, Maura Viezzoli di Link 2007 e Antonio Lissoni, presidente Nazionale AIFO. Durante il seminario sar\u00e0 proiettato il video \u201cR.D. Congo\u201d di Chiara Castellani. Alle 14.15 nella Sala del Museo di Civilt\u00e0 preclassiche, in via Cattedrale, 15, incontro su \u201cGli interventi di aiuto umanitario, Sendai Framework for disaster risk reduction\u201d con Michele Falavigna di Rids \u2013 AIFO, Paola De Luca di CBM Italia (Christian Blind Mission), Marta Collu di AICS (Associazione Italiana Cultura e Sport), Stefano Severe di UNHCR (Alto commissariato delle Nazioni Unite per i rifugiati) e rappresentanti della base PAM-ONU di Brindisi. Nel corso del seminario sar\u00e0 proiettato un video prodotto dall\u2019ONU. A seguire focus su \u201cTrauma, catastrofi intervento psicologico\u201d con l\u2019intervento delle psicologhe e psicoterapeute Vanna Pontiggia e Maria Barile e della prof.ssa Luisa Borgia dell\u2019Universit\u00e0 Politecnica delle Marche. Alle 18.30 nel Nuovo Centro Polifunzionale Gal Alto Salento evento speciale con \u201cL\u2019introduzione alle nuove linee guida della Cooperazione Italiana sulla disabilit\u00e0: anteprima\u201d con Mina Lomuscio, MAECI (Ministero degli affari esteri e della cooperazione internazionale)-AICS (Agenzia Italiana per la Cooperazione allo Sviluppo), e Giampiero Griffo, presidente nazionale di RIDS (Rete Italiana Disabilit\u00e0 e Sviluppo). Al termine dell\u2019incontro spettacolo musicale \u201cDesert Session\u201d con Alberto Piccinni dell\u2019Associazione Zig e proiezione del video AIFO \u201cEsperienza della CBR in Mongolia\u201d.<\/p>\n<p>&nbsp;<\/p>\n<p>Domenica 15 ottobre alle 9.30 al Salone di Citt\u00e0 e nel chiostro sottostante chiusura del Festival con interventi di sintesi da parte degli organizzatori e proiezione del cortometraggio \u201cLa giraffa senza gamba\u201d con l\u2019intervento del regista Fausto Romano e dell\u2019aiuto regista Marta De Nitto. A seguire, i ragazzi del Centro \u201cIl Gabbiano\u201d saluteranno i partecipanti con il video \u201cVerso biutifool\u201d, progetto InConTra. Al termine lancio beneaugurante dei palloncini.<br \/>\nLa partecipazione a tutte le manifestazioni \u00e8 libera e gratuita.<\/p>\n<p>&nbsp;<\/p>\n<p>Nel corso delle giornate del festival ci saranno numerose attivit\u00e0 collaterali, culturali e sociali con mostre, visite guidate e filmati prodotti dalle associazioni umanitarie coinvolte.<br \/>\n\u201cSiamo orgogliosi di presentare a Ostuni una manifestazione cos\u00ec importante \u2013 dichiara il dott. Franco Colizzi, coordinatore regionale di AIFO \u2013 fare un punto sui diritti dei pi\u00f9 vulnerabili e fragili, in questa fase storica cos\u00ec ricca di contraddizioni, non \u00e8 solo utile per gli addetti ai lavori ma \u00e8 necessario per la gente comune che ogni giorno viene assediata da false notizie costruite intorno a informazioni non corrette o lacunose. Il primo passo per migliorare la nostra realt\u00e0 \u00e8 la conoscenza e il Festival della Cooperazione Internazionale \u00e8 una grande opportunit\u00e0 per capire meglio ci\u00f2 che accade intorno a noi. Il mio ringraziamento va a tutti coloro che hanno sostenuto questo progetto e che in questi giorni collaboreranno per il pieno successo della manifestazione\u201d.<\/p>\n<p>&nbsp;<\/p>\n<p>Il programma completo \u00e8 disponibile sul sito festivaldellacooperazioneinternazionale.it.<\/p>\n","protected":false},"excerpt":{"rendered":"<p>Al via a Ostuni la prima edizione del Festival della Cooperazione Internazionale in programma da venerd\u00ec 13 a domenica 15 ottobre. Tre giorni di incontri, dibattiti, cultura e condivisione voluti dall\u2019AIFO e realizzati con il Patrocinio del Comune di Ostuni e in collaborazione con la Rete Italiana disabilit\u00e0 e sviluppo, DPI Italia, EducAid, Fish e con la media partnership di Idea Radio. &nbsp; Venerd\u00ec 13 ottobre alla Biblioteca Comunale, in via Rodio, avranno inizio le sessioni di lavoro del Festival con dalle 9.00 il convegno \u201cLa Cooperazione Italiana e gli obiettivi dello sviluppo sostenibile (SDGS): Stato dell\u2019arte\u201d con le relazioni di Enrico Materia dell\u2019AICS (Associazione Italiana Cultura e Sport), Anna Maria Donnarumma di FOCSIV (Federazione Organismi Cristiani di Servizio Internazionale Volontario), Giampiero Griffo di RIDS (Rete Italiana Disabilit\u00e0 e Sviluppo) e Enrico Giovannini di ASviS (Alleanza Italiana per lo Sviluppo Sostenibile). &nbsp; Alle 12.00 i lavori proseguiranno con il focus su \u201cIl consensus europeo sulla cooperazione internazionale\u201d con la partecipazione di Francesco Petrelli di Concord Italia (network delle Organizzazioni non&#8230;<\/p>\n","protected":false},"author":2,"featured_media":114751,"comment_status":"open","ping_status":"closed","sticky":false,"template":"","format":"standard","meta":{"footnotes":""},"categories":[7],"tags":[5022,53],"class_list":["post-115132","post","type-post","status-publish","format-standard","has-post-thumbnail","hentry","category-news","tag-festival-della-cooperazione-internazionale","tag-ostuni"],"_links":{"self":[{"href":"https:\/\/www.brundisium.net\/index.php\/wp-json\/wp\/v2\/posts\/115132","targetHints":{"allow":["GET"]}}],"collection":[{"href":"https:\/\/www.brundisium.net\/index.php\/wp-json\/wp\/v2\/posts"}],"about":[{"href":"https:\/\/www.brundisium.net\/index.php\/wp-json\/wp\/v2\/types\/post"}],"author":[{"embeddable":true,"href":"https:\/\/www.brundisium.net\/index.php\/wp-json\/wp\/v2\/users\/2"}],"replies":[{"embeddable":true,"href":"https:\/\/www.brundisium.net\/index.php\/wp-json\/wp\/v2\/comments?post=115132"}],"version-history":[{"count":1,"href":"https:\/\/www.brundisium.net\/index.php\/wp-json\/wp\/v2\/posts\/115132\/revisions"}],"predecessor-version":[{"id":115133,"href":"https:\/\/www.brundisium.net\/index.php\/wp-json\/wp\/v2\/posts\/115132\/revisions\/115133"}],"wp:featuredmedia":[{"embeddable":true,"href":"https:\/\/www.brundisium.net\/index.php\/wp-json\/wp\/v2\/media\/114751"}],"wp:attachment":[{"href":"https:\/\/www.brundisium.net\/index.php\/wp-json\/wp\/v2\/media?parent=115132"}],"wp:term":[{"taxonomy":"category","embeddable":true,"href":"https:\/\/www.brundisium.net\/index.php\/wp-json\/wp\/v2\/categories?post=115132"},{"taxonomy":"post_tag","embeddable":true,"href":"https:\/\/www.brundisium.net\/index.php\/wp-json\/wp\/v2\/tags?post=115132"}],"curies":[{"name":"wp","href":"https:\/\/api.w.org\/{rel}","templated":true}]}}