{"id":115308,"date":"2017-10-11T14:28:06","date_gmt":"2017-10-11T12:28:06","guid":{"rendered":"http:\/\/www.brundisium.net\/?p=115308"},"modified":"2017-10-11T17:41:43","modified_gmt":"2017-10-11T15:41:43","slug":"lindustria-a-brindisi-e-nella-sua-provincia-la-relazione-del-prof-pirro","status":"publish","type":"post","link":"https:\/\/www.brundisium.net\/index.php\/lindustria-a-brindisi-e-nella-sua-provincia-la-relazione-del-prof-pirro\/","title":{"rendered":"L\u2019Industria a Brindisi e nella sua provincia: la relazione del prof. Pirro"},"content":{"rendered":"<p align=\"CENTER\"><span style=\"font-size: x-large;\"><b>CONFINDUSTRIA BRINDISI<\/b><\/span><\/p>\n<p align=\"CENTER\"><span style=\"font-size: large;\"><b>L\u2019Industria a Brindisi e nella sua provincia:<\/b><\/span><\/p>\n<p align=\"CENTER\"><span style=\"font-size: large;\"><b>cluster di big player e di Pmi locali\u00a0 ne<\/b><\/span><span style=\"font-size: large;\"><b>llo scenario competitivo italiano e internazionale.<\/b><\/span><\/p>\n<p align=\"CENTER\"><span style=\"font-size: large;\"><b>Analisi, programmi, linee guida di interventi <\/b><\/span><span style=\"font-size: large;\"><b>per il rafforzamento di industrie e territori <\/b><\/span><span style=\"font-size: large;\"><b>inseriti nell\u2019economia \u201cdel mondo\u201d<\/b><\/span><\/p>\n<p align=\"CENTER\"><span style=\"font-size: large;\"><b>prof. Federico Pirro (<\/b><\/span><span style=\"font-size: large;\"><b>Universit\u00e0 di Bari)<\/b><\/span><\/p>\n<p align=\"CENTER\">\n<p align=\"JUSTIFY\"><span style=\"font-size: x-large;\"><b>L\u2019industria a Brindisi e nella sua provincia: <\/b><\/span><span style=\"font-size: x-large;\"><b>un apparato produttivo di rilievo euromediterraneo nella competizione globale. <\/b><\/span><\/p>\n<p align=\"JUSTIFY\"><span style=\"font-size: x-large;\"><b>Un profilo di sintesi<\/b><\/span><span style=\"font-size: x-large;\"><i><b>.<\/b><\/i><\/span><\/p>\n<p align=\"JUSTIFY\"><span style=\"font-size: large;\">Dopo la prolungata fase recessiva dell\u2019economia italiana e locale nel periodo 2009-2013, il capoluogo &#8211; <\/span><span style=\"font-size: large;\">pur avendo subito il suo apparato industriale un pesante stress produttivo e occupazionale<\/span><span style=\"font-size: large;\"> &#8211; continua a disporre nell\u2019agglomerato gestito dal Consorzio Asi di una struttura fra le pi\u00f9 rilevanti dell&#8217;Adriatico, del Meridione e del Mediterraneo centro-orientale per<\/span><span style=\"font-size: x-large;\">: <\/span><\/p>\n<p align=\"JUSTIFY\"><span style=\"font-size: large;\"><b>a) dimensioni e tipologia dei cluster aziendali e degli impianti trainanti;<\/b><\/span><\/p>\n<p align=\"JUSTIFY\"><span style=\"font-size: large;\"><b> b) numero dei loro addetti diretti e in attivit\u00e0 indotte; <\/b><\/span><\/p>\n<p align=\"JUSTIFY\"><span style=\"font-size: large;\"><b> c) incidenza del valore aggiunto industriale sul totale cittadino, provinciale e regionale;<\/b><\/span><\/p>\n<p align=\"JUSTIFY\"><span style=\"font-size: large;\"><b>d) volumi di esportazioni;<\/b><\/span><\/p>\n<p align=\"JUSTIFY\"><span style=\"font-size: large;\"><b>e) entit\u00e0 degli investimenti realizzati, in corso e programmati in specifici stabilimenti; <\/b><\/span><\/p>\n<p align=\"JUSTIFY\"><span style=\"font-size: large;\"><b>f) innovazioni tecnologiche in singoli settori. <\/b><\/span><\/p>\n<p align=\"JUSTIFY\"><span style=\"font-size: large;\">Tale apparato di produzione industriale \u00e8 stato difeso da Confindustria, Sindacati, Governo, Istituzioni locali, Dirigenze aziendali, impegnati a vario titolo e secondo le rispettive competenze.<b> <\/b><\/span><\/p>\n<p align=\"JUSTIFY\"><span style=\"font-size: x-large;\">E\u2019 doveroso riconoscerlo<b> <\/b><\/span><\/p>\n<p align=\"JUSTIFY\"><span style=\"font-size: large;\">Brindisi come pochi altri centri industrializzati dell\u2019Italia Meridionale, vanta un <\/span><span style=\"font-size: large;\"><b>elevato numero<\/b><\/span><span style=\"font-size: large;\"> di siti di medi e grandi Gruppi italiani ed esteri quali: <\/span><\/p>\n<p align=\"JUSTIFY\"><span style=\"font-size: large;\">&#8211; <\/span><span style=\"font-size: large;\"><b>Eni<\/b><\/span><span style=\"font-size: large;\"> (con le controllate Versalis, Enipower e Syndial); <\/span><\/p>\n<p align=\"JUSTIFY\"><span style=\"font-size: large;\">&#8211; <\/span><span style=\"font-size: large;\"><b>Enel<\/b><\/span><span style=\"font-size: large;\">, con la controllata Enel produzione ed altre sue societ\u00e0;<\/span><\/p>\n<p align=\"JUSTIFY\"><span style=\"font-size: large;\">&#8211;<\/span><span style=\"font-size: large;\"><b> A2A<\/b><\/span><span style=\"font-size: large;\">; <\/span><\/p>\n<p align=\"JUSTIFY\"><span style=\"font-size: large;\">&#8211; <\/span><span style=\"font-size: large;\"><b>Jindal<\/b><\/span><span style=\"font-size: large;\"> che ha acquisito l\u2019impianto della EXXON Mobil;<\/span><\/p>\n<p align=\"JUSTIFY\"><span style=\"font-size: large;\">&#8211; <\/span><span style=\"font-size: large;\"><b>LyondellBasell<\/b><\/span><span style=\"font-size: large;\">; <\/span><\/p>\n<p align=\"JUSTIFY\"><span style=\"font-size: large;\">&#8211; <\/span><span style=\"font-size: large;\"><b>Sanofi;<\/b><\/span><\/p>\n<p align=\"JUSTIFY\"><span style=\"font-size: large;\">&#8211; <\/span><span style=\"font-size: large;\"><b>Chemgas-Sapio<\/b><\/span><span style=\"font-size: large;\">;<\/span><\/p>\n<p align=\"JUSTIFY\"><span style=\"font-size: large;\">&#8211; <\/span><span style=\"font-size: large;\"><b>Ipem;<\/b><\/span><\/p>\n<p align=\"JUSTIFY\"><span style=\"font-size: large;\">&#8211; <\/span><span style=\"font-size: large;\"><b>Avio Aero<\/b><\/span><span style=\"font-size: large;\">;<\/span><\/p>\n<p align=\"JUSTIFY\"><span style=\"font-size: large;\">&#8211; <\/span><span style=\"font-size: large;\"><b>Leonardo-Divisione Elicotteri<\/b><\/span><span style=\"font-size: large;\"> (ex AgustaWestland); <\/span><\/p>\n<p align=\"JUSTIFY\"><span style=\"font-size: large;\">&#8211; <\/span><span style=\"font-size: large;\"><b>Magnaghi-Salver<\/b><\/span><span style=\"font-size: large;\">; <\/span><\/p>\n<p align=\"JUSTIFY\"><span style=\"font-size: large;\">&#8211; <\/span><span style=\"font-size: large;\"><b>SRB<\/b><\/span><span style=\"font-size: large;\"> (ex Sfir);<\/span><\/p>\n<p align=\"JUSTIFY\"><span style=\"font-size: large;\">&#8211; <\/span><span style=\"font-size: large;\"><b>Mignini&amp;Petrini<\/b><\/span><span style=\"font-size: large;\">;<\/span><\/p>\n<p align=\"JUSTIFY\"><span style=\"font-size: large;\">&#8211; <\/span><span style=\"font-size: large;\"><b>Pellegrini<\/b><\/span><span style=\"font-size: large;\">.<\/span><\/p>\n<p align=\"JUSTIFY\"><span style=\"font-size: large;\">Essi occupano, fra addetti diretti e indiretti, circa <\/span><span style=\"font-size: large;\"><b>7.000<\/b><\/span><span style=\"font-size: large;\"> unit\u00e0, alimentando anche attivit\u00e0 di ricerca applicata o in proprie strutture, o convenzionandosi con alcuni Atenei come il Politecnico di Bari e l\u2019Universit\u00e0 di Lecce.<\/span><\/p>\n<p align=\"JUSTIFY\"><span style=\"font-size: large;\">Sono presenti poi in citt\u00e0 altri soggetti imprenditoriali operanti nei servizi a rete come <\/span><span style=\"font-size: large;\"><b>Telecom<\/b><\/span><span style=\"font-size: large;\">, <\/span><span style=\"font-size: large;\"><b>Wind<\/b><\/span><span style=\"font-size: large;\">, <\/span><span style=\"font-size: large;\"><b>Vodafone<\/b><\/span><span style=\"font-size: large;\">, <\/span><span style=\"font-size: large;\"><b>Poste Italiane<\/b><\/span><span style=\"font-size: large;\">, <\/span><span style=\"font-size: large;\"><b>FS<\/b><\/span><span style=\"font-size: large;\"> e la stessa Enel con le controllate Enel Distribuzione, Enel Energia, Enel Servizi ed Enel Servizio elettrico S.p.A.<\/span><\/p>\n<p align=\"JUSTIFY\"><span style=\"font-size: large;\"><b>A)<\/b><\/span><span style=\"font-size: large;\"> Per <\/span><span style=\"font-size: large;\"><b>nazionalit\u00e0 di appartenenza<\/b><\/span><span style=\"font-size: large;\"> (Usa, India e Francia) di alcuni <\/span><span style=\"font-size: large;\"><b>big player<\/b><\/span><span style=\"font-size: large;\"> insediati nell\u2019area; <\/span><span style=\"font-size: large;\"><b>B)<\/b><\/span><span style=\"font-size: large;\"> per provenienza dall\u2019estero di specifiche materie prime e semilavorati destinati in prevalenza a stabilimenti locali; <\/span><span style=\"font-size: large;\"><b>C)<\/b><\/span><span style=\"font-size: large;\"> per esportazioni di loro particolari prodotti finiti; <\/span><span style=\"font-size: large;\"><b>D)<\/b><\/span><span style=\"font-size: large;\"> per i numerosi competitor internazionali di produzioni strategiche del territorio, le sezioni trainanti dell\u2019industria localizzata in citt\u00e0 e non poche imprese della provincia possono considerarsi ormai pienamente integrate nel mercato mondiale.<\/span><\/p>\n<p align=\"JUSTIFY\"><span style=\"font-size: large;\"><b>I comparti trainanti nell\u2019agglomerato industriale di Brindisi: chimica, aeronautica ed energia<\/b><\/span><i> <\/i><\/p>\n<p align=\"JUSTIFY\"><span style=\"font-size: large;\"><b>I persistenti primati industriali della citt\u00e0 a livello nazionale e meridionale.<\/b><\/span><\/p>\n<p align=\"JUSTIFY\"><span style=\"font-size: large;\">&#8211; A) Brindisi ospita un <\/span><span style=\"font-size: large;\"><b>polo chimico<\/b><\/span><i> <\/i><span style=\"font-size: large;\">tuttora competitivo nella geografia di quelli sull\u2019Adriatico &#8211; Porto Marghera, Ferrara, Ravenna &#8211; e degli altri di grandi dimensioni localizzati nel Mezzogiorno e cio\u00e8 Priolo, Gela, Sarroch, Porto Torres.<\/span><i><b> <\/b><\/i><\/p>\n<p align=\"JUSTIFY\"><span style=\"font-size: large;\">Nell\u2019area industriale infatti sono presenti impianti che, per tipologia di processi e prodotti, sono classificabili fra quelli di <\/span><span style=\"font-size: large;\"><i>eccellenza nazionale.<\/i><\/span><\/p>\n<p align=\"JUSTIFY\"><span style=\"font-size: large;\">&#8211; Lo stabilimento della <\/span><span style=\"font-size: large;\"><b>Versalis<\/b><\/span><\/p>\n<p align=\"JUSTIFY\"><span style=\"font-size: large;\">&#8211; Lo stabilimento coinsediato nell\u2019area del Petrolchimico della <\/span><span style=\"font-size: large;\"><b>LyondellBasell<\/b><\/span><\/p>\n<ul>\n<li>\n<p align=\"JUSTIFY\"><span style=\"font-size: large;\">Il sito della <\/span><span style=\"font-size: large;\"><b>Jindal Films<\/b><\/span><span style=\"font-size: large;\"> nella produzione di imballaggi flessibili<\/span><\/p>\n<\/li>\n<\/ul>\n<p align=\"JUSTIFY\"><span style=\"font-size: large;\">Nella chimica fine spicca lo stabilimento della multinazionale farmaceutica francese <\/span><span style=\"font-size: large;\"><b>Sanofi<\/b><\/span><span style=\"font-size: large;\">, fra i maggiori gruppi mondiali del settore. <\/span><\/p>\n<p align=\"JUSTIFY\"><span style=\"font-size: large;\">Rilevante anche l\u2019attivit\u00e0 della <\/span><span style=\"font-size: large;\"><b>Chemgas-Gruppo Sapio. <\/b><\/span><span style=\"font-size: large;\">Altra presenza significativa \u00e8 quella della <\/span><span style=\"font-size: large;\"><b>Ipem<\/b><\/span><span style=\"font-size: large;\">-Industria Petroli Meridionali.<\/span><\/p>\n<p align=\"JUSTIFY\"><span style=\"font-size: large;\">Nel 2016 il valore della produzione di <\/span><span style=\"font-size: large;\"><b>Versalis<\/b><\/span><span style=\"font-size: large;\">, <\/span><span style=\"font-size: large;\"><b>LyondellBasell<\/b><\/span><span style=\"font-size: large;\">, <\/span><span style=\"font-size: large;\"><b>Jindal<\/b><\/span><span style=\"font-size: large;\">, <\/span><span style=\"font-size: large;\"><b>Ipem<\/b><\/span><span style=\"font-size: large;\">, <\/span><span style=\"font-size: large;\"><b>Sanofi<\/b><\/span><span style=\"font-size: large;\">, ha raggiunto complessivamente <\/span><\/p>\n<p align=\"JUSTIFY\"><span style=\"font-size: large;\"><b>1.543<\/b><\/span><span style=\"font-size: large;\"> milioni di euro<\/span><span style=\"font-size: large;\">.<\/span><\/p>\n<p align=\"JUSTIFY\"><span style=\"font-size: large;\">Nell\u2019agglomerato di Brindisi e in Comuni della provincia insistono poi aziende chimiche minori, alcune delle quali utilizzano in larga misura semilavorati delle imprese maggiori, mentre qualche altra societ\u00e0 opera nei montaggi e coibentazioni di grandi tubazioni in materiali plastici. Si segnalano fra le altre <\/span><span style=\"font-size: large;\"><b>Angiplast<\/b><\/span><span style=\"font-size: large;\">, <\/span><span style=\"font-size: large;\"><b>Areta<\/b><\/span><span style=\"font-size: large;\">, <\/span><span style=\"font-size: large;\"><b>Biomateriali<\/b><\/span><span style=\"font-size: large;\">, <\/span><span style=\"font-size: large;\"><b>Europlastic Sud<\/b><\/span><span style=\"font-size: large;\">, <\/span><span style=\"font-size: large;\"><b>Ib-Chem<\/b><\/span><span style=\"font-size: large;\">, <\/span><span style=\"font-size: large;\"><b>Isolamenti Puglia<\/b><\/span><span style=\"font-size: large;\">, <\/span><span style=\"font-size: large;\"><b>Nuova resin Montaggi<\/b><\/span><span style=\"font-size: large;\">, <\/span><span style=\"font-size: large;\"><b>Peritas<\/b><\/span><span style=\"font-size: large;\">, <\/span><span style=\"font-size: large;\"><b>Resin piping<\/b><\/span><span style=\"font-size: large;\">, <\/span><span style=\"font-size: large;\"><b>Termisol tecnica<\/b><\/span><span style=\"font-size: large;\">. <\/span><\/p>\n<p align=\"JUSTIFY\"><span style=\"font-size: large;\">&#8211; B) Brindisi \u00e8 <\/span><span style=\"font-size: large;\"><b>il primo polo del comparto aeronautico in Puglia<\/b><\/span><span style=\"font-size: large;\"><i><b>, <\/b><\/i><\/span><span style=\"font-size: large;\">con circa <\/span><span style=\"font-size: large;\"><b>2.200 occupati diretti<\/b><\/span><span style=\"font-size: large;\"> &#8211; cui si aggiungono quelli di industrie del settore ubicate in provincia &#8211; precedendo<\/span><i><b> <\/b><\/i><span style=\"font-size: large;\">Foggia e Grottaglie, sedi di <\/span><span style=\"font-size: large;\"><b>2 grandi stabilimenti<\/b><\/span><span style=\"font-size: large;\"> della Leonardo-AleniaAermacchi, <\/span><span style=\"font-size: large;\"><b>e il secondo nel Mezzogiorno<\/b><\/span><span style=\"font-size: large;\"><i><b>,<\/b><\/i><\/span><span style=\"font-size: large;\"> dopo quello <\/span><span style=\"font-size: large;\"><b>dell\u2019hinterland partenopeo<\/b><\/span><span style=\"font-size: large;\"> che vanta impianti di maggiori dimensioni per: a) numero di occupati; b) quantit\u00e0 di produzioni; c) lavorazioni e manutenzioni e per un indotto pi\u00f9 esteso per unit\u00e0 locali e personale impiegato. <\/span><\/p>\n<p align=\"JUSTIFY\"><span style=\"font-size: large;\">Le maggiori aziende insediate nell\u2019area del capoluogo e in provincia sono nell\u2019ordine (per numero di addetti):<\/span><\/p>\n<p>&nbsp;<\/p>\n<table border=\"0\" width=\"490\" cellspacing=\"0\" cellpadding=\"5\">\n<colgroup>\n<col width=\"442\" \/>\n<col width=\"27\" \/><\/colgroup>\n<tbody>\n<tr>\n<td valign=\"TOP\" width=\"442\" height=\"15\"><span style=\"color: #000000;\"><a class=\"sdfootnoteanc\" href=\"#sdfootnote1sym\" name=\"sdfootnote1anc\"><sup>1<\/sup><\/a><span style=\"font-size: large;\">) <\/span><\/span><span style=\"color: #000000;\"><span style=\"font-size: large;\"><b>Avio Aero<\/b><\/span><\/span><\/td>\n<td valign=\"BOTTOM\" width=\"27\"><\/td>\n<\/tr>\n<tr>\n<td valign=\"TOP\" width=\"442\" height=\"10\"><span style=\"color: #000000;\"><a class=\"sdfootnoteanc\" href=\"#sdfootnote2sym\" name=\"sdfootnote2anc\"><sup>2<\/sup><\/a><span style=\"font-size: large;\">) <\/span><\/span><span style=\"color: #000000;\"><span style=\"font-size: large;\"><b>Leonardo Divisione Elicotteri<\/b><\/span><\/span><span style=\"color: #000000;\"><span style=\"font-size: large;\"> (ex AgustaWestland) <\/span><\/span><\/td>\n<td valign=\"BOTTOM\" width=\"27\"><\/td>\n<\/tr>\n<tr>\n<td valign=\"TOP\" width=\"442\" height=\"10\"><span style=\"color: #000000;\"><span style=\"font-size: large;\">3<\/span><\/span><span style=\"color: #000000;\"><span style=\"font-size: large;\"><b>) Salver<\/b><\/span><\/span><\/td>\n<td valign=\"BOTTOM\" width=\"27\"><\/td>\n<\/tr>\n<tr>\n<td valign=\"TOP\" width=\"442\" height=\"10\"><span style=\"color: #000000;\"><span style=\"font-size: large;\">4) <\/span><\/span><span style=\"color: #000000;\"><span style=\"font-size: large;\"><b>G.S.E <\/b><\/span><\/span><\/td>\n<td valign=\"BOTTOM\" width=\"27\"><\/td>\n<\/tr>\n<tr>\n<td valign=\"TOP\" width=\"442\" height=\"10\"><span style=\"color: #000000;\"><span style=\"font-size: large;\">5)<\/span><\/span><span style=\"color: #000000;\"><span style=\"font-size: large;\"><b> Tecnomessapia 1 e 2<\/b><\/span><\/span><\/td>\n<td valign=\"BOTTOM\" width=\"27\"><\/td>\n<\/tr>\n<tr>\n<td valign=\"TOP\" width=\"442\" height=\"10\"><span style=\"color: #000000;\"><span style=\"font-size: large;\">6) <\/span><\/span><span style=\"color: #000000;\"><span style=\"font-size: large;\"><b>Dema<\/b><\/span><\/span><\/td>\n<td valign=\"BOTTOM\" width=\"27\"><\/td>\n<\/tr>\n<tr>\n<td valign=\"TOP\" width=\"442\" height=\"10\"><span style=\"color: #000000;\"><span style=\"font-size: large;\">7) <\/span><\/span><span style=\"color: #000000;\"><span style=\"font-size: large;\"><b>Industrial &amp; Aeronautical painting<\/b><\/span><\/span><\/td>\n<td valign=\"BOTTOM\" width=\"27\"><\/td>\n<\/tr>\n<tr>\n<td valign=\"TOP\" width=\"442\" height=\"10\"><span style=\"color: #000000;\"><span style=\"font-size: large;\">8) <\/span><\/span><span style=\"color: #000000;\"><span style=\"font-size: large;\"><b>Processi Speciali<\/b><\/span><\/span><\/td>\n<td valign=\"BOTTOM\" width=\"27\"><\/td>\n<\/tr>\n<tr>\n<td valign=\"TOP\" width=\"442\" height=\"10\"><span style=\"color: #000000;\"><span style=\"font-size: large;\">9) <\/span><\/span><span style=\"color: #000000;\"><span style=\"font-size: large;\"><b>CMC<\/b><\/span><\/span><\/td>\n<td valign=\"BOTTOM\" width=\"27\"><\/td>\n<\/tr>\n<tr>\n<td valign=\"TOP\" width=\"442\" height=\"10\"><span style=\"color: #000000;\"><span style=\"font-size: large;\"><span lang=\"en-GB\">10) <\/span><\/span><\/span><span style=\"color: #000000;\"><span style=\"font-size: large;\"><span lang=\"en-GB\"><b>Avioman<\/b><\/span><\/span><\/span><\/td>\n<td valign=\"BOTTOM\" width=\"27\"><\/td>\n<\/tr>\n<tr>\n<td valign=\"TOP\" width=\"442\" height=\"10\"><span style=\"color: #000000;\"><span style=\"font-size: large;\"><span lang=\"en-GB\">11<\/span><\/span><\/span><span style=\"color: #000000;\"><span style=\"font-size: large;\"><span lang=\"en-GB\"><b>) Comer Cal\u00f2<\/b><\/span><\/span><\/span><\/td>\n<td valign=\"BOTTOM\" width=\"27\"><\/td>\n<\/tr>\n<\/tbody>\n<\/table>\n<p>&nbsp;<\/p>\n<p align=\"JUSTIFY\"><span style=\"font-size: large;\">per un totale di poco pi\u00f9 di <\/span><span style=\"font-size: large;\"><b>2.200<\/b><\/span><span style=\"font-size: large;\"> occupati diretti. <\/span><\/p>\n<p align=\"JUSTIFY\"><span style=\"font-size: large;\">Nel 2016 il valore della produzione delle <\/span><span style=\"font-size: large;\"><b>tre industrie maggiori<\/b><\/span><span style=\"font-size: large;\"> e cio\u00e8 <\/span><span style=\"font-size: large;\"><b>GE-Avio<\/b><\/span><span style=\"font-size: large;\">, <\/span><span style=\"font-size: large;\"><b>Leonardo Divisione Elicotteri<\/b><\/span><span style=\"font-size: large;\"> e <\/span><span style=\"font-size: large;\"><b>Salver<\/b><\/span><span style=\"font-size: large;\"> si \u00e8 attestato a <\/span><\/p>\n<p align=\"JUSTIFY\"><span style=\"font-size: large;\"><b>443<\/b><\/span><span style=\"font-size: large;\"> milioni di euro<\/span><\/p>\n<p align=\"JUSTIFY\"><span style=\"font-size: large;\">&#8211; C) Brindisi citt\u00e0 \u00e8 <\/span><span style=\"font-size: large;\"><b>il primo polo energetico del Paese<\/b><\/span><span style=\"font-size: large;\"> per <\/span><span style=\"font-size: large;\"><b>capacit\u00e0 di generazione installata<\/b><\/span><span style=\"font-size: large;\"> pari a <\/span><span style=\"font-size: large;\"><b>3.966 MW<\/b><\/span><span style=\"font-size: large;\">, dei quali: <\/span><\/p>\n<p align=\"JUSTIFY\"><span style=\"font-size: large;\">&#8211; <\/span><span style=\"font-size: large;\"><b>2.640<\/b><\/span><span style=\"font-size: large;\"> nella Centrale Federico II dell\u2019Enel produzione; <\/span><\/p>\n<p align=\"JUSTIFY\"><span style=\"font-size: large;\">&#8211; <\/span><span style=\"font-size: large;\"><b>1.321<\/b><\/span><span style=\"font-size: large;\"> dell\u2019Enipower. <\/span><\/p>\n<p align=\"JUSTIFY\"><span style=\"font-size: large;\">Il comparto occupa poco pi\u00f9 di <\/span><span style=\"font-size: large;\"><b>1.100<\/b><\/span><span style=\"font-size: large;\"> persone fra diretti e indiretti<\/span><\/p>\n<p>&nbsp;<\/p>\n<table border=\"0\" width=\"249\" cellspacing=\"0\" cellpadding=\"5\">\n<colgroup>\n<col width=\"239\" \/><\/colgroup>\n<tbody>\n<tr>\n<td valign=\"BOTTOM\" width=\"239\" height=\"10\"><\/td>\n<\/tr>\n<tr>\n<td valign=\"BOTTOM\" width=\"239\" height=\"10\"><\/td>\n<\/tr>\n<tr>\n<td valign=\"BOTTOM\" width=\"239\" height=\"10\"><\/td>\n<\/tr>\n<\/tbody>\n<\/table>\n<p>&nbsp;<\/p>\n<p align=\"JUSTIFY\"><span style=\"font-size: x-large;\">Nel 2016 le centrali dell\u2019<\/span><span style=\"font-size: x-large;\"><b>Enel<\/b><\/span><span style=\"font-size: x-large;\"> e dell\u2019<\/span><span style=\"font-size: x-large;\"><b>Enipower<\/b><\/span><span style=\"font-size: x-large;\"> hanno generato complessivamente un valore della produzione pari a<\/span><\/p>\n<p align=\"JUSTIFY\"><span style=\"font-size: x-large;\"><b>850<\/b><\/span><span style=\"font-size: x-large;\"> milioni di euro.<\/span><\/p>\n<p align=\"JUSTIFY\"><span style=\"font-size: x-large;\"><b>Altre industrie di rilievo in esercizio nell\u2019agglomerato di Brindisi<\/b><\/span><span style=\"font-size: x-large;\"><i>.<\/i><\/span><\/p>\n<p align=\"JUSTIFY\"><span style=\"font-size: x-large;\">In esso sono presenti &#8211; fra gli stabilimenti di maggiori dimensioni per volumi di produzione e fatturato &#8211; i siti della <\/span><span style=\"font-size: x-large;\"><b>SRB<\/b><\/span><span style=\"font-size: x-large;\"> (ex Sfir) e della <\/span><span style=\"font-size: x-large;\"><b>TI Group Automotive Systems. <\/b><\/span><\/p>\n<p align=\"JUSTIFY\"><span style=\"font-size: x-large;\">L\u2019impianto della <\/span><span style=\"font-size: x-large;\"><b>SRB<\/b><\/span><span style=\"font-size: x-large;\"> \u00e8 l\u2019unica raffineria italiana riconosciuta dall\u2019Unione Europea<\/span><b> <\/b><span style=\"font-size: x-large;\">a seguito della riforma del mercato dello zucchero sul territorio nazionale. <\/span><\/p>\n<p align=\"JUSTIFY\"><span style=\"font-size: x-large;\">La fabbrica della <\/span><span style=\"font-size: x-large;\"><b>TI Group Automotive Systems<\/b><\/span><span style=\"font-size: x-large;\"> \u00e8 l\u2019unica nel comparto dell\u2019automotive nell\u2019area brindisina e produce tubi per impianti frenanti e per la trasmissione di carburanti. <\/span><\/p>\n<p align=\"JUSTIFY\"><span style=\"font-size: x-large;\"><b>Le 12 aziende leader dei comparti trainanti e il valore della loro produzione nel 2016.<\/b><\/span><\/p>\n<p align=\"JUSTIFY\"><span style=\"font-size: large;\">Complessivamente, il <\/span><span style=\"font-size: large;\"><b>valore della produzione<\/b><\/span><span style=\"font-size: large;\"> delle <\/span><span style=\"font-size: large;\"><b>12 aziende top player<\/b><\/span><span style=\"font-size: large;\"> di chimica, aeronautica, energia, alimentare e automotive &#8211; Versalis-Eni, LyondellBasell, Jindal, Sanofi, Ipem, GE-Avio, Leonardo Divisione Elicotteri, Salver, Enel, Enipower, SRB e TI Automotive &#8211; <\/span><\/p>\n<p align=\"JUSTIFY\"><span style=\"font-size: x-large;\">\u00e8 ammontato nel 2016 a<\/span><span style=\"font-size: x-large;\"><b> 3,1 miliardi <\/b><\/span><span style=\"font-size: x-large;\">di euro.<\/span><b> <\/b><\/p>\n<p align=\"CENTER\"><span style=\"font-size: large;\"><b>Fatturato\/valore della produzione 2016 (milioni di euro) raggruppato per settori delle 12 pi\u00f9 grandi societ\u00e0 industriali insediate nell\u2019agglomerato del capoluogo <\/b><\/span><\/p>\n<p>&nbsp;<\/p>\n<table border=\"1\" width=\"655\" frame=\"HSIDES\" rules=\"GROUPS\" cellspacing=\"0\" cellpadding=\"5\">\n<colgroup>\n<col width=\"281\" \/>\n<col width=\"354\" \/><\/colgroup>\n<tbody>\n<tr>\n<td width=\"281\" height=\"29\">\n<p align=\"CENTER\"><span style=\"color: #000000;\"><b>azienda<\/b><\/span><\/p>\n<\/td>\n<td width=\"354\">\n<p align=\"CENTER\"><span style=\"color: #000000;\"><b>Fatturato\/valore produzione (mln di euro)<\/b><\/span><\/p>\n<\/td>\n<\/tr>\n<\/tbody>\n<tbody>\n<tr>\n<td width=\"281\" height=\"10\"><span style=\"color: #000000;\"><b>Leonardo \u2013 AgustaWestl.<\/b><\/span><\/td>\n<td rowspan=\"3\" width=\"354\">\n<p align=\"JUSTIFY\"><span style=\"color: #000000;\">\u00a0<\/span><\/p>\n<p align=\"CENTER\"><span style=\"color: #000000;\">Valore totale delle tre aziende aeronautiche <\/span><span style=\"color: #000000;\"><b>443<\/b><\/span><\/p>\n<p align=\"JUSTIFY\"><span style=\"color: #000000;\">\u00a0<\/span><\/p>\n<\/td>\n<\/tr>\n<tr>\n<td width=\"281\" height=\"10\"><span style=\"color: #000000;\"><b>Ge Avio Aero<\/b><\/span><\/td>\n<\/tr>\n<tr>\n<td width=\"281\" height=\"10\"><span style=\"color: #000000;\"><b>Salver<\/b><\/span><\/td>\n<\/tr>\n<\/tbody>\n<tbody>\n<tr>\n<td width=\"281\" height=\"10\"><span style=\"color: #000000;\"><b>Enel<\/b><\/span><\/td>\n<td rowspan=\"2\" width=\"354\">\n<p align=\"CENTER\"><span style=\"color: #000000;\">Valore totale delle due aziende energetiche <\/span><span style=\"color: #000000;\"><b>850<\/b><\/span><\/p>\n<\/td>\n<\/tr>\n<tr>\n<td width=\"281\" height=\"10\"><span style=\"color: #000000;\"><b>Enipower<\/b><\/span><\/td>\n<\/tr>\n<\/tbody>\n<tbody>\n<tr>\n<td width=\"281\" height=\"10\"><b>Versalis<\/b><\/td>\n<td rowspan=\"5\" width=\"354\">\n<p align=\"CENTER\"><span style=\"color: #000000;\">Valore totale delle cinque aziende chimiche <\/span><span style=\"color: #000000;\"><b>1.543<\/b><\/span><\/p>\n<\/td>\n<\/tr>\n<tr>\n<td width=\"281\" height=\"10\"><b>LyondellBasell<\/b><\/td>\n<\/tr>\n<tr>\n<td width=\"281\" height=\"10\"><b>Jindal Films<\/b><\/td>\n<\/tr>\n<tr>\n<td width=\"281\" height=\"10\"><b>Ipem<\/b><\/td>\n<\/tr>\n<tr>\n<td width=\"281\" height=\"10\"><b>Sanofi<\/b><\/td>\n<\/tr>\n<\/tbody>\n<tbody>\n<tr>\n<td width=\"281\" height=\"10\"><span style=\"color: #000000;\"><b>Euro SRB (ex Sfir)<\/b><\/span><\/td>\n<td rowspan=\"2\" width=\"354\">\n<p align=\"CENTER\"><span style=\"color: #000000;\">Valore totale delle due aziende \u2013 altri settori <\/span><span style=\"color: #000000;\"><b>270<\/b><\/span><\/p>\n<\/td>\n<\/tr>\n<tr>\n<td width=\"281\" height=\"9\"><b>TI Auto<\/b><\/td>\n<\/tr>\n<\/tbody>\n<\/table>\n<p>&nbsp;<\/p>\n<p align=\"JUSTIFY\">Fonte: Direzioni aziendali<\/p>\n<p align=\"JUSTIFY\"><span style=\"font-size: x-large;\"><b>Le imprese impiantistiche<\/b><\/span><\/p>\n<p align=\"JUSTIFY\"><span style=\"font-size: x-large;\">Il capoluogo inoltre ospita numerose aziende <\/span><span style=\"font-size: x-large;\"><b>meccaniche, edili e di servizi industriali<\/b><\/span><span style=\"font-size: x-large;\"> di supporto alle imprese maggiori con una gamma di interventi manutentivi ordinari e straordinari, produzioni e lavorazioni di pezzi specifici, pulizie industriali e servizi vari.<\/span><i><b> <\/b><\/i><\/p>\n<p align=\"JUSTIFY\"><span style=\"font-size: x-large;\">Fra le aziende meccaniche ed edili locali emergono <\/span><span style=\"font-size: x-large;\"><b>Leucci Costruzioni<\/b><\/span><span style=\"font-size: x-large;\">, <\/span><span style=\"font-size: x-large;\"><b>Alfer<\/b><\/span><span style=\"font-size: x-large;\">, <\/span><span style=\"font-size: x-large;\"><b>B.G.M<\/b><\/span><span style=\"font-size: x-large;\">, <\/span><span style=\"font-size: x-large;\"><b>Bersud<\/b><\/span><span style=\"font-size: x-large;\">, <\/span><span style=\"font-size: x-large;\"><b>CM Engineering<\/b><\/span><span style=\"font-size: x-large;\">, <\/span><span style=\"font-size: x-large;\"><b>COGIT<\/b><\/span><span style=\"font-size: x-large;\">, <\/span><span style=\"font-size: x-large;\"><b>Advanced Control Systems<\/b><\/span><span style=\"font-size: x-large;\">, <\/span><span style=\"font-size: x-large;\"><b>Co.l.mec<\/b><\/span><span style=\"font-size: x-large;\">, <\/span><span style=\"font-size: x-large;\"><b>E-Tecno<\/b><\/span><span style=\"font-size: x-large;\">, <\/span><span style=\"font-size: x-large;\"><b>Epi,<\/b><\/span> <span style=\"font-size: x-large;\"><b>Falcon Service<\/b><\/span><span style=\"font-size: x-large;\">, <\/span><span style=\"font-size: x-large;\"><b>Iba-Centro Meridionale<\/b><\/span><span style=\"font-size: x-large;\">, <\/span><span style=\"font-size: x-large;\"><b>Impes Service<\/b><\/span><span style=\"font-size: x-large;\">, <\/span><span style=\"font-size: x-large;\"><b>Leucci Group<\/b><\/span><span style=\"font-size: x-large;\">, <\/span><span style=\"font-size: x-large;\"><b>Muccio<\/b><\/span><span style=\"font-size: x-large;\">, <\/span><span style=\"font-size: x-large;\"><b>Revisud<\/b><\/span><span style=\"font-size: x-large;\">, <\/span><span style=\"font-size: x-large;\"><b>Sartori Sud<\/b><\/span><span style=\"font-size: x-large;\">, <\/span><span style=\"font-size: x-large;\"><b>Scandiuzzi<\/b><\/span><span style=\"font-size: x-large;\">, <\/span><span style=\"font-size: x-large;\"><b>Special Inox<\/b><\/span><span style=\"font-size: x-large;\">, <\/span><span style=\"font-size: x-large;\"><b>TS Impianti<\/b><\/span><span style=\"font-size: x-large;\">, <\/span><span style=\"font-size: x-large;\"><b>Tecnogal Service<\/b><\/span><span style=\"font-size: x-large;\">, <\/span><\/p>\n<p align=\"JUSTIFY\"><span style=\"font-size: x-large;\">per un totale di circa <\/span><span style=\"font-size: x-large;\"><b>1.000 addetti<\/b><\/span><span style=\"font-size: x-large;\"> diretti, a tempo indeterminato e interinali.<\/span><\/p>\n<p align=\"JUSTIFY\"><span style=\"font-size: x-large;\"><b>L\u2019export della provincia: <\/b><\/span><\/p>\n<p align=\"JUSTIFY\"><span style=\"font-size: x-large;\"><b>il primato fra i prodotti industriali del settore chimico.<\/b><\/span><\/p>\n<p align=\"JUSTIFY\"><span style=\"font-size: x-large;\">L\u2019export della provincia ha toccato nel 2016 i <\/span><span style=\"font-size: x-large;\"><b>965<\/b><\/span><span style=\"font-size: x-large;\"> milioni di euro<\/span><span style=\"font-size: x-large;\"><i>, <\/i><\/span><span style=\"font-size: x-large;\">con un aumento del <\/span><span style=\"font-size: x-large;\"><b>18%<\/b><\/span><span style=\"font-size: x-large;\"> rispetto all\u2019anno precedente<\/span><span style=\"font-size: x-large;\"><i>. <\/i><\/span><span style=\"font-size: x-large;\">Fra le varie voci, la pi\u00f9 rilevante \u00e8 costituita in valore dai beni del <\/span><span style=\"font-size: x-large;\"><b>comparto chimico<\/b><\/span><span style=\"font-size: x-large;\"> (sostanze e prodotti chimici, articoli in gomma e materie plastiche, coke e prodotti petroliferi raffinati, farmaceutici).<\/span><\/p>\n<p align=\"JUSTIFY\"><span style=\"font-size: large;\">Si rileva inoltre che i <\/span><span style=\"font-size: large;\"><b>prodotti delle trasformazioni industriali<\/b><\/span><span style=\"font-size: large;\"> rappresentano <\/span><span style=\"font-size: large;\"><b>la percentuale di gran lunga<\/b><\/span><span style=\"font-size: large;\"> pi\u00f9 elevata dell\u2019export provinciale. Inoltre: <\/span><\/p>\n<p align=\"JUSTIFY\"><span style=\"font-size: large;\">1) per il <\/span><span style=\"font-size: large;\"><b>valore totale delle sue esportazioni<\/b><\/span><span style=\"font-size: large;\"> la provincia nel 2016 si \u00e8 collocata al <\/span><span style=\"font-size: large;\"><b>3\u00b0<\/b><\/span><span style=\"font-size: large;\"> posto fra le <\/span><span style=\"font-size: large;\"><b>6 pugliesi<\/b><\/span><span style=\"font-size: large;\">, alle spalle di Bari e Taranto, con un\u2019incidenza del <\/span><span style=\"font-size: large;\"><b>2,2<\/b><\/span><span style=\"font-size: large;\">% sul totale meridionale e dello <\/span><span style=\"font-size: large;\"><b>0,2<\/b><\/span><span style=\"font-size: large;\"> % su quello nazionale;<\/span><\/p>\n<p align=\"JUSTIFY\"><span style=\"font-size: large;\">2) la provincia nel 2016 ha esportato <\/span><span style=\"font-size: large;\"><b>pi\u00f9 di tre regioni italiane<\/b><\/span><span style=\"font-size: large;\">, e cio\u00e8 <\/span><span style=\"font-size: large;\"><b>Val d\u2019Aosta, Molise e Calabria<\/b><\/span><span style=\"font-size: large;\">, che hanno totalizzato rispettivamente <\/span><span style=\"font-size: large;\"><b>571<\/b><\/span><span style=\"font-size: large;\">, <\/span><span style=\"font-size: large;\"><b>526<\/b><\/span><span style=\"font-size: large;\"> e <\/span><span style=\"font-size: large;\"><b>414<\/b><\/span><span style=\"font-size: large;\"> milioni, rispetto ai <\/span><span style=\"font-size: large;\"><b>965<\/b><\/span><span style=\"font-size: large;\"> del Brindisino.<\/span><\/p>\n<p align=\"JUSTIFY\"><span style=\"font-size: x-large;\"><b>Gli investimenti in fabbriche di gruppi italiani ed esteri <\/b><\/span><\/p>\n<p align=\"JUSTIFY\"><span style=\"font-size: x-large;\"><b>Le strutture di ricerca del territorio<\/b><\/span><\/p>\n<p align=\"JUSTIFY\"><span style=\"font-size: large;\">Gli <\/span><span style=\"font-size: large;\"><b>investimenti<\/b><\/span><span style=\"font-size: large;\"> in alcune grandi industrie localmente insediate sono stati elevati negli ultimi anni e si sono avvalsi di cofinanziamenti della Regione Puglia attraverso lo strumento dei <\/span><span style=\"font-size: large;\"><b>Contratti di programma<\/b><\/span><span style=\"font-size: large;\"> a valere sia sul ciclo dei fondi comunitari 2007-2013 e sia sul nuovo ciclo per il periodo 2014-2020.<\/span><\/p>\n<p align=\"JUSTIFY\"><span style=\"font-size: large;\">I Contratti di programma sono stati: <\/span><\/p>\n<ul>\n<li>\n<p align=\"JUSTIFY\"><span style=\"font-size: large;\">2 della <\/span><span style=\"font-size: large;\"><b>Sanofi<\/b><\/span><span style=\"font-size: large;\">, multinazionale farmaceutica francese; <\/span><\/p>\n<\/li>\n<li>\n<p align=\"JUSTIFY\"><span style=\"font-size: large;\">1 della <\/span><span style=\"font-size: large;\"><b>GE Avio<\/b><\/span><span style=\"font-size: large;\">; <\/span><\/p>\n<\/li>\n<li>\n<p align=\"JUSTIFY\"><span style=\"font-size: large;\">1 dell\u2019<\/span><span style=\"font-size: large;\"><b>AgustaWestland<\/b><\/span><span style=\"font-size: large;\">; <\/span><\/p>\n<\/li>\n<li>\n<p align=\"JUSTIFY\"><span style=\"font-size: large;\">1 della <\/span><span style=\"font-size: large;\"><b>Jindal<\/b><\/span><span style=\"font-size: large;\">, multinazionale indiana operante nel comparto della produzione di film in plastica per packaging;<\/span><\/p>\n<\/li>\n<li>\n<p align=\"JUSTIFY\"><span style=\"font-size: large;\">1 della <\/span><span style=\"font-size: large;\"><b>Salver<\/b><\/span><\/p>\n<\/li>\n<\/ul>\n<p align=\"JUSTIFY\"><span style=\"font-size: large;\">La <\/span><span style=\"font-size: large;\"><b>GE Avio<\/b><\/span><span style=\"font-size: large;\"> Aero inoltre ha annunciato nuovi investimenti per il sito brindisino e per ricerche da svolgesi con il Politecnico di Bari per circa <\/span><span style=\"font-size: large;\"><b>91<\/b><\/span><span style=\"font-size: large;\"> milioni che anche in questo caso saranno ammessi ad agevolazioni pubbliche. <\/span><\/p>\n<p align=\"JUSTIFY\"><span style=\"font-size: large;\">Ma vi sono stati anche investimenti <\/span><span style=\"font-size: large;\"><b>non cofinanziati<\/b><\/span><span style=\"font-size: large;\"> da incentivi pubblici come ad esempio quelli della <\/span><span style=\"font-size: large;\"><b>LyondellBasell<\/b><\/span><span style=\"font-size: large;\"> e dell\u2019<\/span><span style=\"font-size: large;\"><b>Enel <\/b><\/span><span style=\"font-size: large;\">nella sua megacentrale di Cerano.<\/span><\/p>\n<p align=\"JUSTIFY\"><span style=\"font-size: large;\">Si segnala alle porte di Brindisi un <\/span><span style=\"font-size: large;\"><b>cluster di strutture di ricerca<\/b><\/span><span style=\"font-size: large;\"> che hanno nel <\/span><span style=\"font-size: large;\"><b>Consorzio CETMA<\/b><\/span><span style=\"font-size: large;\"> &#8211; partecipato dall\u2019Enea e con una significativa presenza di aziende private e Atenei &#8211; il loro punto di riferimento pi\u00f9 prestigioso e qualificato che opera in vari campi della ricerca applicata, soprattutto in favore di PMI.<\/span><\/p>\n<p align=\"JUSTIFY\"><span style=\"font-size: x-large;\"><b>L\u2019Industria in provincia<\/b><\/span><\/p>\n<p align=\"JUSTIFY\"><span style=\"font-size: large;\">Se la sezione pi\u00f9 rilevante in termini di addetti e impianti dell\u2019industria provinciale \u00e8 localizzata nel capoluogo, <\/span><\/p>\n<p align=\"JUSTIFY\"><span style=\"font-size: large;\">non mancano tuttavia in alcuni fra <\/span><span style=\"font-size: large;\"><b>i maggiori Comuni della provincia<\/b><\/span><span style=\"font-size: large;\"> altre piccole e medie industrie come ad esempio a: <\/span><\/p>\n<p align=\"JUSTIFY\"><span style=\"font-size: x-large;\"><b>Fasano, Ostuni, Francavilla Fontana e Mesagne<\/b><\/span><span style=\"font-size: x-large;\">.<\/span><\/p>\n<p align=\"JUSTIFY\"><span style=\"font-size: large;\">Sono prevalentemente Pmi operanti in diversi comparti <\/span><span style=\"font-size: large;\"><b>agroalimentar<\/b><\/span><span style=\"font-size: large;\">i, della <\/span><span style=\"font-size: large;\"><b>meccanica<\/b><\/span><span style=\"font-size: large;\">, dei <\/span><span style=\"font-size: large;\"><b>materiali per l\u2019edilizia<\/b><\/span><span style=\"font-size: large;\">, che in alcuni casi realizzano anche elevati volumi di esportazioni.<\/span><\/p>\n<p align=\"JUSTIFY\"><span style=\"font-size: large;\"><b>Il cluster produttivo dell\u2019area di Fasano, area cerniera confinante con Monopoli, il maggior centro costiero sud orientale della Citt\u00e0 metropolitana di Bari.<\/b><\/span><\/p>\n<p align=\"JUSTIFY\"><span style=\"font-size: large;\">Il vasto territorio comunale &#8211; con spiccata vocazione agricola, imperniata su olivicoltura e orticoltura, e con un <\/span><span style=\"font-size: large;\"><b>appeal <\/b><\/span><span style=\"font-size: large;\">turistico ormai consolidato grazie ad una ricettivit\u00e0 alberghiera diffusa anche nelle numerose contrade dell\u2019entroterra &#8211; ospita un nucleo apprezzabile di Pmi. <\/span><\/p>\n<p align=\"JUSTIFY\"><span style=\"font-size: large;\">Operano nel settore agroalimentare la <\/span><span style=\"font-size: large;\"><b>Nicola Pantaleo S.p.A, la Bluver<\/b><\/span><span style=\"font-size: large;\"> (surgelati di prodotti ittici e ortaggi), <\/span><span style=\"font-size: large;\"><b>Renna (<\/b><\/span><span style=\"font-size: large;\">lavorazione ortaggi<\/span><span style=\"font-size: large;\"><b>),<\/b><\/span> <span style=\"font-size: large;\"><b>Oleificio Abbracciavento<\/b><\/span><span style=\"font-size: large;\">, <\/span><span style=\"font-size: large;\"><b>Progresso Agricola Fasano<\/b><\/span><span style=\"font-size: large;\"> (lavorazione ortaggi), <\/span><span style=\"font-size: large;\"><b>Comalbest<\/b><\/span><span style=\"font-size: large;\"> (lavorazione carni): Pmi, quelle citate, in qualche caso gi\u00e0 proiettate anche su mercati esteri<\/span><\/p>\n<p align=\"JUSTIFY\"><span style=\"font-size: large;\">Nel settore della pesca industriale sono attive con fatturati rilevanti la <\/span><span style=\"font-size: large;\"><b>Lepore mare, <\/b><\/span><span style=\"font-size: large;\">seguita<\/span><b> <\/b><span style=\"font-size: large;\">dalle aziende<\/span><span style=\"font-size: large;\"><b> Savelpesca <\/b><\/span><span style=\"font-size: large;\">e<\/span><span style=\"font-size: large;\"><b> Renna.<\/b><\/span><\/p>\n<p align=\"JUSTIFY\"><span style=\"font-size: large;\">Altre presenze industriali a Fasano sono costituite dallo storico saponificio <\/span><span style=\"font-size: large;\"><b>L\u2019Abbate<\/b><\/span><span style=\"font-size: large;\">, dall\u2019<\/span><span style=\"font-size: large;\"><b>Imarfa<\/b><\/span><span style=\"font-size: large;\"> (lavorazione marmi), dalla <\/span><span style=\"font-size: large;\"><b>Minermix,<\/b><\/span><span style=\"font-size: large;\"> produttrice di calci e da altre aziende minori operanti nella meccanica per l\u2019edilizia, dalla <\/span><span style=\"font-size: large;\"><b>Eurograf<\/b><\/span><span style=\"font-size: large;\"> (serigrafie), dalla <\/span><span style=\"font-size: large;\"><b>Elsea<\/b><\/span><span style=\"font-size: large;\"> che produce ed esporta macchine per pulizie industriali. Presenti anche numerose imprese edili. <\/span><\/p>\n<p align=\"JUSTIFY\"><span style=\"font-size: large;\">La citt\u00e0 di Fasano \u00e8 la <\/span><span style=\"font-size: large;\"><b>2\u00b0<\/b><\/span><span style=\"font-size: large;\"> della provincia per numero di abitanti dopo il capoluogo, ancora la <\/span><span style=\"font-size: large;\"><b>2\u00b0<\/b><\/span><span style=\"font-size: large;\"> nel Brindisino per numero di imprese attive iscritte alla Camera di Commercio e la <\/span><span style=\"font-size: large;\"><b>1\u00b0 <\/b><\/span><span style=\"font-size: large;\">invece per quelle classificate come artigiane.<\/span><\/p>\n<p align=\"JUSTIFY\"><span style=\"font-size: large;\">Una crescita sostenuta dell\u2019economia locale che &#8211; soprattutto per quel concerne l\u2019import-export di alcuni beni, semilavorati e materie prime &#8211; potrebbe trovare nello scalo della confinante Monopoli un punto di sbarco e di imbarco di rilievo.<\/span><\/p>\n<p align=\"JUSTIFY\"><span style=\"font-size: x-large;\"><b>Industrie a Ostuni, Francavilla Fontana e Mesagne<\/b><\/span><\/p>\n<p align=\"JUSTIFY\"><span style=\"font-size: large;\">Anche questi centri della provincia ospitano imprese di piccole e medie dimensioni, attive in prevalenza nel comparto agroalimentare &#8211; oleifici, cantine, caseifici, conserviere &#8211; ma non mancano industrie nel settore meccanico e delle materie plastiche. <\/span><\/p>\n<p align=\"JUSTIFY\"><span style=\"font-size: large;\">Ad Ostuni sono attive fra le altre le <\/span><span style=\"font-size: large;\"><b>Officine Tamborrino<\/b><\/span><span style=\"font-size: large;\"> che producono scaffalature metalliche, commercializzate con il marchio <\/span><span style=\"font-size: large;\"><i>Scaff System<\/i><\/span><span style=\"font-size: large;\">. Nella stessa citt\u00e0 si segnalano la <\/span><span style=\"font-size: large;\"><b>Telcom<\/b><\/span><span style=\"font-size: large;\"> &#8211; specializzata nello stampaggio rotazionale di materie plastiche &#8211; la <\/span><span style=\"font-size: large;\"><b>New Wind<\/b><\/span><span style=\"font-size: large;\"> che produce materassi e la <\/span><span style=\"font-size: large;\"><b>Saponaro Concimi.<\/b><\/span><\/p>\n<p align=\"JUSTIFY\"><span style=\"font-size: large;\">A Francavilla Fontana fra le imprese localizzate nell\u2019agglomerato del Consorzio Asi e nella zona commerciale emergono la <\/span><span style=\"font-size: large;\"><b>Soavegel<\/b><\/span><span style=\"font-size: large;\"> nella surgelazione e la <\/span><span style=\"font-size: large;\"><b>Soave<\/b><\/span><span style=\"font-size: large;\"> nella produzione di pasta fresca, facenti capo entrambe allo stesso gruppo imprenditoriale. Significativa anche la presenza della <\/span><span style=\"font-size: large;\"><b>Europack imballaggi.<\/b><\/span><\/p>\n<p align=\"JUSTIFY\"><span style=\"font-size: large;\">A Mesagne \u00e8 attivo da anni un cluster di industrie agroalimentari che hanno nello stabilimento del <\/span><span style=\"font-size: large;\"><b>Gruppo Conserve Italia <\/b><\/span><span style=\"font-size: large;\">per la lavorazione del pomodoro il loro impianto di maggior rilievo. Ad esso si affiancano i siti delle aziende <\/span><span style=\"font-size: large;\"><b>Agri.Conserve<\/b><\/span><span style=\"font-size: large;\"> e dei <\/span><span style=\"font-size: large;\"><b>F.lli Campana<\/b><\/span><span style=\"font-size: large;\">.<\/span><\/p>\n<p align=\"JUSTIFY\"><span style=\"font-size: x-large;\"><b>I fatturati 2015 delle maggiori imprese con sede legale nella provincia di Brindisi. <\/b><\/span><\/p>\n<p align=\"JUSTIFY\"><span style=\"font-size: large;\">Anche nel caso della provincia di Brindisi si rileva che i fatturati delle aziende multinazionali, o comunque con sede legale fuori dal suo territorio, includono anche quelli derivanti dalla vendita dei beni e delle utilities prodotti in impianti localizzati nel capoluogo.<\/span><\/p>\n<p align=\"JUSTIFY\"><span style=\"font-size: large;\">Pertanto ai fini di una pi\u00f9 precisa valutazione del \u2018peso\u2019 effettivo dell\u2019apparato industriale insediato a Brindisi e nel comprensorio provinciale, oltre al fatturato delle imprese citate nella tab.3, si consideri anche il valore della produzione prima ricordato degli stabilimenti maggiori, controllati da societ\u00e0 aventi sedi legali altrove.<\/span><\/p>\n<p align=\"CENTER\"><i>Fatturato 2015 delle maggiori aziende della provincia (milioni di euro<\/i>)<\/p>\n<p>&nbsp;<\/p>\n<table border=\"1\" width=\"644\" frame=\"HSIDES\" rules=\"GROUPS\" cellspacing=\"0\" cellpadding=\"7\">\n<colgroup>\n<col width=\"222\" \/>\n<col width=\"137\" \/>\n<col width=\"111\" \/>\n<col width=\"118\" \/><\/colgroup>\n<tbody>\n<tr valign=\"TOP\">\n<td width=\"222\" height=\"3\">\n<p align=\"CENTER\"><span style=\"font-size: small;\"><b>azienda<\/b><\/span><\/p>\n<\/td>\n<td width=\"137\">\n<p align=\"CENTER\"><span style=\"font-size: small;\"><b>settore<\/b><\/span><\/p>\n<\/td>\n<td width=\"111\">\n<p align=\"CENTER\"><span style=\"font-size: small;\"><b>addetti<\/b><\/span><\/p>\n<\/td>\n<td width=\"118\">\n<p align=\"CENTER\"><span style=\"font-size: small;\"><b>fatturato <\/b><\/span><\/p>\n<\/td>\n<\/tr>\n<\/tbody>\n<tbody>\n<tr valign=\"TOP\">\n<td width=\"222\"><span style=\"font-size: small;\"><b>Jindal Films Europe <\/b><\/span><\/td>\n<td width=\"137\">\n<p align=\"CENTER\"><span style=\"font-size: small;\">Materie plastiche<\/span><\/p>\n<\/td>\n<td width=\"111\">\n<p align=\"CENTER\"><span style=\"font-size: small;\">179<\/span><\/p>\n<\/td>\n<td width=\"118\"><span style=\"font-size: small;\">149,0<\/span><\/td>\n<\/tr>\n<tr valign=\"TOP\">\n<td width=\"222\"><span style=\"font-size: small;\"><b>Ipem<\/b><\/span><\/td>\n<td width=\"137\">\n<p align=\"CENTER\"><span style=\"font-size: small;\">Chimica<\/span><\/p>\n<\/td>\n<td width=\"111\">\n<p align=\"CENTER\"><span style=\"font-size: small;\">30<\/span><\/p>\n<\/td>\n<td width=\"118\">\n<p align=\"CENTER\"><span style=\"font-size: small;\">95,6<\/span><\/p>\n<\/td>\n<\/tr>\n<tr valign=\"TOP\">\n<td width=\"222\"><span style=\"font-size: small;\"><b>SRB<\/b><\/span><\/td>\n<td width=\"137\">\n<p align=\"CENTER\"><span style=\"font-size: small;\">Alimentare-Energia<\/span><\/p>\n<\/td>\n<td width=\"111\">\n<p align=\"CENTER\"><span style=\"font-size: small;\">133<\/span><\/p>\n<\/td>\n<td width=\"118\">\n<p align=\"CENTER\"><span style=\"font-size: small;\">90,9<\/span><\/p>\n<\/td>\n<\/tr>\n<tr valign=\"TOP\">\n<td width=\"222\"><span style=\"font-size: small;\"><b>Pantaleo<\/b><\/span><\/td>\n<td width=\"137\">\n<p align=\"CENTER\"><span style=\"font-size: small;\">Alimentare<\/span><\/p>\n<\/td>\n<td width=\"111\">\n<p align=\"CENTER\"><span style=\"font-size: small;\">42<\/span><\/p>\n<\/td>\n<td width=\"118\">\n<p align=\"CENTER\"><span style=\"font-size: small;\">80,9<\/span><\/p>\n<\/td>\n<\/tr>\n<tr valign=\"TOP\">\n<td width=\"222\"><span style=\"font-size: small;\"><b>Lepore Mare<\/b><\/span><\/td>\n<td width=\"137\">\n<p align=\"CENTER\"><span style=\"font-size: small;\">Alimentare<\/span><\/p>\n<\/td>\n<td width=\"111\">\n<p align=\"CENTER\"><span style=\"font-size: small;\">66<\/span><\/p>\n<\/td>\n<td width=\"118\">\n<p align=\"CENTER\"><span style=\"font-size: small;\">60,3<\/span><\/p>\n<\/td>\n<\/tr>\n<tr valign=\"TOP\">\n<td width=\"222\"><span style=\"font-size: small;\"><b>Soavegel<\/b><\/span><\/td>\n<td width=\"137\">\n<p align=\"CENTER\"><span style=\"font-size: small;\">Alimentare<\/span><\/p>\n<\/td>\n<td width=\"111\">\n<p align=\"CENTER\"><span style=\"font-size: small;\">71<\/span><\/p>\n<\/td>\n<td width=\"118\">\n<p align=\"CENTER\"><span style=\"font-size: small;\">29,5<\/span><\/p>\n<\/td>\n<\/tr>\n<tr valign=\"TOP\">\n<td width=\"222\"><span style=\"font-size: small;\"><b>Cantine Due Palme<\/b><\/span><\/td>\n<td width=\"137\">\n<p align=\"CENTER\"><span style=\"font-size: small;\">Alimentare<\/span><\/p>\n<\/td>\n<td width=\"111\">\n<p align=\"CENTER\"><span style=\"font-size: small;\">n.p<\/span><\/p>\n<\/td>\n<td width=\"118\">\n<p align=\"CENTER\"><span style=\"font-size: small;\">26,1<\/span><\/p>\n<\/td>\n<\/tr>\n<tr valign=\"TOP\">\n<td width=\"222\"><span style=\"font-size: small;\"><b>Savel Pesca<\/b><\/span><\/td>\n<td width=\"137\">\n<p align=\"CENTER\"><span style=\"font-size: small;\">Alimentare lav. pesce<\/span><\/p>\n<\/td>\n<td width=\"111\">\n<p align=\"CENTER\"><span style=\"font-size: small;\">64<\/span><\/p>\n<\/td>\n<td width=\"118\">\n<p align=\"CENTER\"><span style=\"font-size: small;\">24,1<\/span><\/p>\n<\/td>\n<\/tr>\n<tr valign=\"TOP\">\n<td width=\"222\"><span style=\"font-size: small;\"><b>Leucci Costruzioni<\/b><\/span><\/td>\n<td width=\"137\">\n<p align=\"CENTER\"><span style=\"font-size: small;\">Meccanica<\/span><\/p>\n<\/td>\n<td width=\"111\">\n<p align=\"CENTER\"><span style=\"font-size: small;\">197<\/span><\/p>\n<\/td>\n<td width=\"118\">\n<p align=\"CENTER\"><span style=\"font-size: small;\">20,7<\/span><\/p>\n<\/td>\n<\/tr>\n<tr valign=\"TOP\">\n<td width=\"222\"><span style=\"font-size: small;\"><b>Telcom<\/b><\/span><\/td>\n<td width=\"137\">\n<p align=\"CENTER\"><span style=\"font-size: small;\">Materie plastiche<\/span><\/p>\n<\/td>\n<td width=\"111\">\n<p align=\"CENTER\"><span style=\"font-size: small;\">196<\/span><\/p>\n<\/td>\n<td width=\"118\">\n<p align=\"CENTER\"><span style=\"font-size: small;\">18,6<\/span><\/p>\n<\/td>\n<\/tr>\n<tr valign=\"TOP\">\n<td width=\"222\"><span style=\"font-size: small;\"><b>Techno Messapia<\/b><\/span><\/td>\n<td width=\"137\">\n<p align=\"CENTER\"><span style=\"font-size: small;\">Aeronautica<\/span><\/p>\n<\/td>\n<td width=\"111\">\n<p align=\"CENTER\"><span style=\"font-size: small;\">&#8211;<\/span><\/p>\n<\/td>\n<td width=\"118\">\n<p align=\"CENTER\"><span style=\"font-size: small;\">17,1<\/span><\/p>\n<\/td>\n<\/tr>\n<tr valign=\"TOP\">\n<td width=\"222\"><span style=\"font-size: small;\"><b>Chemgas<\/b><\/span><\/td>\n<td width=\"137\">\n<p align=\"CENTER\"><span style=\"font-size: small;\">Chimica<\/span><\/p>\n<\/td>\n<td width=\"111\">\n<p align=\"CENTER\"><span style=\"font-size: small;\">31 <\/span><\/p>\n<\/td>\n<td width=\"118\">\n<p align=\"CENTER\"><span style=\"font-size: small;\">14,8<\/span><\/p>\n<\/td>\n<\/tr>\n<tr valign=\"TOP\">\n<td width=\"222\"><span style=\"font-size: small;\"><b>Calzaturificio Panda<\/b><\/span><\/td>\n<td width=\"137\">\n<p align=\"CENTER\"><span style=\"font-size: small;\">Calzaturiero<\/span><\/p>\n<\/td>\n<td width=\"111\">\n<p align=\"CENTER\"><span style=\"font-size: small;\">63<\/span><\/p>\n<\/td>\n<td width=\"118\">\n<p align=\"CENTER\"><span style=\"font-size: small;\">14,3<\/span><\/p>\n<\/td>\n<\/tr>\n<tr valign=\"TOP\">\n<td width=\"222\"><span style=\"font-size: small;\"><b>Ferramati<\/b><\/span><\/td>\n<td width=\"137\">\n<p align=\"CENTER\"><span style=\"font-size: small;\">Meccanica<\/span><\/p>\n<\/td>\n<td width=\"111\">\n<p align=\"CENTER\"><span style=\"font-size: small;\">62<\/span><\/p>\n<\/td>\n<td width=\"118\">\n<p align=\"CENTER\"><span style=\"font-size: small;\">14,1<\/span><\/p>\n<\/td>\n<\/tr>\n<tr valign=\"TOP\">\n<td width=\"222\"><span style=\"font-size: small;\"><b>Soave<\/b><\/span><\/td>\n<td width=\"137\">\n<p align=\"CENTER\"><span style=\"font-size: small;\">Alimentare<\/span><\/p>\n<\/td>\n<td width=\"111\">\n<p align=\"CENTER\"><span style=\"font-size: small;\">27<\/span><\/p>\n<\/td>\n<td width=\"118\">\n<p align=\"CENTER\"><span style=\"font-size: small;\">13,9<\/span><\/p>\n<\/td>\n<\/tr>\n<tr valign=\"TOP\">\n<td width=\"222\"><span style=\"font-size: small;\"><b>Renna<\/b><\/span><\/td>\n<td width=\"137\">\n<p align=\"CENTER\"><span style=\"font-size: small;\">Alimentare lav. pesce<\/span><\/p>\n<\/td>\n<td width=\"111\">\n<p align=\"CENTER\"><span style=\"font-size: small;\">64<\/span><\/p>\n<\/td>\n<td width=\"118\">\n<p align=\"CENTER\"><span style=\"font-size: small;\">13,5<\/span><\/p>\n<\/td>\n<\/tr>\n<tr valign=\"TOP\">\n<td width=\"222\"><span style=\"font-size: small;\"><b>T.S.M. <\/b><\/span> <span style=\"font-size: small;\"><b>Trattamenti superficiali<\/b><\/span><\/td>\n<td width=\"137\">\n<p align=\"CENTER\"><span style=\"font-size: small;\">Meccanica <\/span><\/p>\n<\/td>\n<td width=\"111\">\n<p align=\"CENTER\"><span style=\"font-size: small;\">191<\/span><\/p>\n<\/td>\n<td width=\"118\">\n<p align=\"CENTER\"><span style=\"font-size: small;\">13,2<\/span><\/p>\n<\/td>\n<\/tr>\n<tr valign=\"TOP\">\n<td width=\"222\"><span style=\"font-size: small;\"><b>Co.Ge.Ma.In Consorzio<\/b><\/span><\/td>\n<td width=\"137\">\n<p align=\"CENTER\"><span style=\"font-size: small;\">Consulenza aziendale<\/span><\/p>\n<\/td>\n<td width=\"111\">\n<p align=\"CENTER\"><span style=\"font-size: small;\">6 <\/span><\/p>\n<\/td>\n<td width=\"118\"><span style=\"font-size: small;\">11,0<\/span><\/td>\n<\/tr>\n<tr valign=\"TOP\">\n<td width=\"222\"><span style=\"font-size: small;\"><b>Prefabbricati Pugliesi<\/b><\/span><\/td>\n<td width=\"137\">\n<p align=\"CENTER\"><span style=\"font-size: small;\">Materiali edilizia<\/span><\/p>\n<\/td>\n<td width=\"111\">\n<p align=\"CENTER\"><span style=\"font-size: small;\">62<\/span><\/p>\n<\/td>\n<td width=\"118\">\n<p align=\"CENTER\"><span style=\"font-size: small;\">10,8<\/span><\/p>\n<\/td>\n<\/tr>\n<tr valign=\"TOP\">\n<td width=\"222\"><span style=\"font-size: small;\"><b>Corleto 2014<\/b><\/span><\/td>\n<td width=\"137\">\n<p align=\"CENTER\"><span style=\"font-size: small;\">Edilizia<\/span><\/p>\n<\/td>\n<td width=\"111\">\n<p align=\"CENTER\"><span style=\"font-size: small;\">n.p<\/span><\/p>\n<\/td>\n<td width=\"118\">\n<p align=\"CENTER\"><span style=\"font-size: small;\">10,5<\/span><\/p>\n<\/td>\n<\/tr>\n<tr valign=\"TOP\">\n<td width=\"222\"><span style=\"font-size: small;\"><b>Cantine Paolo Leo<\/b><\/span><\/td>\n<td width=\"137\">\n<p align=\"CENTER\"><span style=\"font-size: small;\">Alimentare<\/span><\/p>\n<\/td>\n<td width=\"111\">\n<p align=\"CENTER\"><span style=\"font-size: small;\">n.p<\/span><\/p>\n<\/td>\n<td width=\"118\">\n<p align=\"CENTER\"><span style=\"font-size: small;\">10,1<\/span><\/p>\n<\/td>\n<\/tr>\n<tr valign=\"TOP\">\n<td width=\"222\"><span style=\"font-size: small;\"><b>Progresso Agr. Fasano<\/b><\/span><\/td>\n<td width=\"137\">\n<p align=\"CENTER\"><span style=\"font-size: small;\">Alimentare<\/span><\/p>\n<\/td>\n<td width=\"111\">\n<p align=\"CENTER\"><span style=\"font-size: small;\">68<\/span><\/p>\n<\/td>\n<td width=\"118\">\n<p align=\"CENTER\"><span style=\"font-size: small;\">9,9<\/span><\/p>\n<\/td>\n<\/tr>\n<tr valign=\"TOP\">\n<td width=\"222\"><span style=\"font-size: small;\"><b>Europack Imballaggi<\/b><\/span><\/td>\n<td width=\"137\">\n<p align=\"CENTER\"><span style=\"font-size: small;\">Legno<\/span><\/p>\n<\/td>\n<td width=\"111\">\n<p align=\"CENTER\"><span style=\"font-size: small;\">n.p<\/span><\/p>\n<\/td>\n<td width=\"118\">\n<p align=\"CENTER\"><span style=\"font-size: small;\">9,5<\/span><\/p>\n<\/td>\n<\/tr>\n<tr valign=\"TOP\">\n<td width=\"222\"><span style=\"font-size: small;\"><b>New Wind<\/b><\/span><\/td>\n<td width=\"137\">\n<p align=\"CENTER\"><span style=\"font-size: small;\">Arredi<\/span><\/p>\n<\/td>\n<td width=\"111\">\n<p align=\"CENTER\"><span style=\"font-size: small;\">38<\/span><\/p>\n<\/td>\n<td width=\"118\">\n<p align=\"CENTER\"><span style=\"font-size: small;\">9,4<\/span><\/p>\n<\/td>\n<\/tr>\n<tr valign=\"TOP\">\n<td width=\"222\"><span style=\"font-size: small;\"><b>Tormaresca<\/b><\/span><\/td>\n<td width=\"137\">\n<p align=\"CENTER\"><span style=\"font-size: small;\">Alimentare<\/span><\/p>\n<\/td>\n<td width=\"111\">\n<p align=\"CENTER\"><span style=\"font-size: small;\">88<\/span><\/p>\n<\/td>\n<td width=\"118\">\n<p align=\"CENTER\"><span style=\"font-size: small;\">9,3<\/span><\/p>\n<\/td>\n<\/tr>\n<tr valign=\"TOP\">\n<td width=\"222\"><span style=\"font-size: small;\"><b>Minermix<\/b><\/span><\/td>\n<td width=\"137\">\n<p align=\"CENTER\"><span style=\"font-size: small;\">Materiali edilizia<\/span><\/p>\n<\/td>\n<td width=\"111\">\n<p align=\"CENTER\"><span style=\"font-size: small;\">67<\/span><\/p>\n<\/td>\n<td width=\"118\">\n<p align=\"CENTER\"><span style=\"font-size: small;\">9,1<\/span><\/p>\n<\/td>\n<\/tr>\n<tr valign=\"TOP\">\n<td width=\"222\"><span style=\"font-size: small;\"><b>Comal Best<\/b><\/span><\/td>\n<td width=\"137\">\n<p align=\"CENTER\"><span style=\"font-size: small;\">Alimentare-carni<\/span><\/p>\n<\/td>\n<td width=\"111\">\n<p align=\"CENTER\"><span style=\"font-size: small;\">n.p<\/span><\/p>\n<\/td>\n<td width=\"118\">\n<p align=\"CENTER\"><span style=\"font-size: small;\">8,4<\/span><\/p>\n<\/td>\n<\/tr>\n<tr valign=\"TOP\">\n<td width=\"222\"><span style=\"font-size: small;\"><b>Revi Sud<\/b><\/span><\/td>\n<td width=\"137\">\n<p align=\"CENTER\"><span style=\"font-size: small;\">Meccanica<\/span><\/p>\n<\/td>\n<td width=\"111\">\n<p align=\"CENTER\"><span style=\"font-size: small;\">n.p<\/span><\/p>\n<\/td>\n<td width=\"118\">\n<p align=\"CENTER\"><span style=\"font-size: small;\">8,4<\/span><\/p>\n<\/td>\n<\/tr>\n<tr valign=\"TOP\">\n<td width=\"222\"><span style=\"font-size: small;\"><b>R.A. Costruzioni<\/b><\/span><\/td>\n<td width=\"137\">\n<p align=\"CENTER\"><span style=\"font-size: small;\">Edilizia<\/span><\/p>\n<\/td>\n<td width=\"111\">\n<p align=\"CENTER\"><span style=\"font-size: small;\">n.p<\/span><\/p>\n<\/td>\n<td width=\"118\">\n<p align=\"CENTER\"><span style=\"font-size: small;\">8,3<\/span><\/p>\n<\/td>\n<\/tr>\n<tr valign=\"TOP\">\n<td width=\"222\"><span style=\"font-size: small;\"><b>L\u2019Ancora<\/b><\/span><\/td>\n<td width=\"137\">\n<p align=\"CENTER\"><span style=\"font-size: small;\">Servizi ecologici<\/span><\/p>\n<\/td>\n<td width=\"111\">\n<p align=\"CENTER\"><span style=\"font-size: small;\">n.p<\/span><\/p>\n<\/td>\n<td width=\"118\">\n<p align=\"CENTER\"><span style=\"font-size: small;\">8,3<\/span><\/p>\n<\/td>\n<\/tr>\n<tr valign=\"TOP\">\n<td width=\"222\"><span style=\"font-size: small;\"><b>Tecnogal<\/b><\/span><\/td>\n<td width=\"137\">\n<p align=\"CENTER\"><span style=\"font-size: small;\">Meccanica<\/span><\/p>\n<\/td>\n<td width=\"111\">\n<p align=\"CENTER\"><span style=\"font-size: small;\">n.p<\/span><\/p>\n<\/td>\n<td width=\"118\">\n<p align=\"CENTER\"><span style=\"font-size: small;\">8,3<\/span><\/p>\n<\/td>\n<\/tr>\n<tr valign=\"TOP\">\n<td width=\"222\"><span style=\"font-size: small;\"><b>Progresso e Lavoro<\/b><\/span><\/td>\n<td width=\"137\">\n<p align=\"CENTER\"><span style=\"font-size: small;\">Meccanica<\/span><\/p>\n<\/td>\n<td width=\"111\">\n<p align=\"CENTER\"><span style=\"font-size: small;\">n.p<\/span><\/p>\n<\/td>\n<td width=\"118\">\n<p align=\"CENTER\"><span style=\"font-size: small;\">8,1<\/span><\/p>\n<\/td>\n<\/tr>\n<tr valign=\"TOP\">\n<td width=\"222\"><span style=\"font-size: small;\"><b>Saponaro Concimi <\/b><\/span><\/td>\n<td width=\"137\">\n<p align=\"CENTER\"><span style=\"font-size: small;\">Chimica<\/span><\/p>\n<\/td>\n<td width=\"111\">\n<p align=\"CENTER\"><span style=\"font-size: small;\">n.p<\/span><\/p>\n<\/td>\n<td width=\"118\">\n<p align=\"CENTER\"><span style=\"font-size: small;\">8,1<\/span><\/p>\n<\/td>\n<\/tr>\n<tr valign=\"TOP\">\n<td width=\"222\"><span style=\"font-size: small;\"><b>Impresa F.lli Barretta<\/b><\/span><\/td>\n<td width=\"137\">\n<p align=\"CENTER\"><span style=\"font-size: small;\">Servizi portuali<\/span><\/p>\n<\/td>\n<td width=\"111\">\n<p align=\"CENTER\"><span style=\"font-size: small;\">n.p<\/span><\/p>\n<\/td>\n<td width=\"118\">\n<p align=\"CENTER\"><span style=\"font-size: small;\">7,2<\/span><\/p>\n<\/td>\n<\/tr>\n<tr valign=\"TOP\">\n<td width=\"222\"><span style=\"font-size: small;\"><b>S. Eco. M.<\/b><\/span><\/td>\n<td width=\"137\">\n<p align=\"CENTER\"><span style=\"font-size: small;\">Servizi ecologici<\/span><\/p>\n<\/td>\n<td width=\"111\">\n<p align=\"CENTER\"><span style=\"font-size: small;\">n.p<\/span><\/p>\n<\/td>\n<td width=\"118\">\n<p align=\"CENTER\"><span style=\"font-size: small;\">7,1<\/span><\/p>\n<\/td>\n<\/tr>\n<tr valign=\"TOP\">\n<td width=\"222\"><span style=\"font-size: small;\"><b>Waste Control<\/b><\/span><\/td>\n<td width=\"137\">\n<p align=\"CENTER\"><span style=\"font-size: small;\">Servizi ecologici<\/span><\/p>\n<\/td>\n<td width=\"111\">\n<p align=\"CENTER\"><span style=\"font-size: small;\">n.p<\/span><\/p>\n<\/td>\n<td width=\"118\">\n<p align=\"CENTER\"><span style=\"font-size: small;\">6,6<\/span><\/p>\n<\/td>\n<\/tr>\n<tr valign=\"TOP\">\n<td width=\"222\"><span style=\"font-size: small;\"><b>Cogeir<\/b><\/span><\/td>\n<td width=\"137\">\n<p align=\"CENTER\"><span style=\"font-size: small;\">Edilizia<\/span><\/p>\n<\/td>\n<td width=\"111\">\n<p align=\"CENTER\"><span style=\"font-size: small;\">74<\/span><\/p>\n<\/td>\n<td width=\"118\">\n<p align=\"CENTER\"><span style=\"font-size: small;\">6,4<\/span><\/p>\n<\/td>\n<\/tr>\n<tr valign=\"TOP\">\n<td width=\"222\"><span style=\"font-size: small;\"><b>Scaf System<\/b><\/span><\/td>\n<td width=\"137\">\n<p align=\"CENTER\"><span style=\"font-size: small;\">Meccanica<\/span><\/p>\n<\/td>\n<td width=\"111\">\n<p align=\"CENTER\"><span style=\"font-size: small;\">n.p<\/span><\/p>\n<\/td>\n<td width=\"118\">\n<p align=\"CENTER\"><span style=\"font-size: small;\">5,8<\/span><\/p>\n<\/td>\n<\/tr>\n<tr valign=\"TOP\">\n<td width=\"222\"><span style=\"font-size: small;\"><b>TS Impianti<\/b><\/span><\/td>\n<td width=\"137\">\n<p align=\"CENTER\"><span style=\"font-size: small;\">Impiantistica<\/span><\/p>\n<\/td>\n<td width=\"111\">\n<p align=\"CENTER\"><span style=\"font-size: small;\">32<\/span><\/p>\n<\/td>\n<td width=\"118\">\n<p align=\"CENTER\"><span style=\"font-size: small;\">5,7<\/span><\/p>\n<\/td>\n<\/tr>\n<tr valign=\"TOP\">\n<td width=\"222\"><span style=\"font-size: small;\"><b>Legno Botti F.lli de Benedetto<\/b><\/span><\/td>\n<td width=\"137\">\n<p align=\"CENTER\"><span style=\"font-size: small;\">Legno<\/span><\/p>\n<\/td>\n<td width=\"111\">\n<p align=\"CENTER\"><span style=\"font-size: small;\">n.p<\/span><\/p>\n<\/td>\n<td width=\"118\">\n<p align=\"CENTER\"><span style=\"font-size: small;\">5,6<\/span><\/p>\n<\/td>\n<\/tr>\n<tr valign=\"TOP\">\n<td width=\"222\"><span style=\"font-size: small;\"><b>Co.Mo.Sud<\/b><\/span><\/td>\n<td width=\"137\">\n<p align=\"CENTER\"><span style=\"font-size: small;\">Meccanica<\/span><\/p>\n<\/td>\n<td width=\"111\">\n<p align=\"CENTER\"><span style=\"font-size: small;\">n.p<\/span><\/p>\n<\/td>\n<td width=\"118\">\n<p align=\"CENTER\"><span style=\"font-size: small;\">5,6<\/span><\/p>\n<\/td>\n<\/tr>\n<tr valign=\"TOP\">\n<td width=\"222\"><span style=\"font-size: small;\"><b>La Pugliese Soc. Coop.<\/b><\/span><\/td>\n<td width=\"137\">\n<p align=\"CENTER\"><span style=\"font-size: small;\">Alimentare<\/span><\/p>\n<\/td>\n<td width=\"111\">\n<p align=\"CENTER\"><span style=\"font-size: small;\">42<\/span><\/p>\n<\/td>\n<td width=\"118\">\n<p align=\"CENTER\"><span style=\"font-size: small;\">5,3<\/span><\/p>\n<\/td>\n<\/tr>\n<tr valign=\"TOP\">\n<td width=\"222\"><span style=\"font-size: small;\"><b>Asperience <\/b><\/span><\/td>\n<td width=\"137\">\n<p align=\"CENTER\"><span style=\"font-size: small;\">ICT<\/span><\/p>\n<\/td>\n<td width=\"111\">\n<p align=\"CENTER\"><span style=\"font-size: small;\">38<\/span><\/p>\n<\/td>\n<td width=\"118\">\n<p align=\"CENTER\"><span style=\"font-size: small;\">5,3<\/span><\/p>\n<\/td>\n<\/tr>\n<tr valign=\"TOP\">\n<td width=\"222\"><span style=\"font-size: small;\"><b>Processi Speciali<\/b><\/span><\/td>\n<td width=\"137\">\n<p align=\"CENTER\"><span style=\"font-size: small;\">Meccanica<\/span><\/p>\n<\/td>\n<td width=\"111\">\n<p align=\"CENTER\"><span style=\"font-size: small;\">n.p<\/span><\/p>\n<\/td>\n<td width=\"118\">\n<p align=\"CENTER\"><span style=\"font-size: small;\">5,2<\/span><\/p>\n<\/td>\n<\/tr>\n<tr valign=\"TOP\">\n<td width=\"222\"><span style=\"font-size: small;\"><b>I.A.P. Industrial &amp; Aeronautical P.<\/b><\/span><\/td>\n<td width=\"137\">\n<p align=\"CENTER\"><span style=\"font-size: small;\">Aeronautica<\/span><\/p>\n<\/td>\n<td width=\"111\">\n<p align=\"CENTER\"><span style=\"font-size: small;\">66<\/span><\/p>\n<\/td>\n<td width=\"118\">\n<p align=\"CENTER\"><span style=\"font-size: small;\">5,2<\/span><\/p>\n<\/td>\n<\/tr>\n<tr valign=\"TOP\">\n<td width=\"222\"><span style=\"font-size: small;\"><b>Imiel <\/b><\/span><\/td>\n<td width=\"137\">\n<p align=\"CENTER\"><span style=\"font-size: small;\">Meccanica<\/span><\/p>\n<\/td>\n<td width=\"111\">\n<p align=\"CENTER\"><span style=\"font-size: small;\">n.p<\/span><\/p>\n<\/td>\n<td width=\"118\">\n<p align=\"CENTER\"><span style=\"font-size: small;\">5,0<\/span><\/p>\n<\/td>\n<\/tr>\n<\/tbody>\n<\/table>\n<p>&nbsp;<\/p>\n<p><span style=\"font-size: small;\">Fonte \u2013 Cerved. Dall\u2019elenco sono escluse le societ\u00e0 di distribuzione, case di cura, aziende turistiche.<\/span><\/p>\n<p align=\"JUSTIFY\"><span style=\"font-size: large;\"><b>Uno sguardo alle dinamiche del valore aggiunto di tutte le attivit\u00e0 economiche e dell\u2019industria nella provincia nel 2014.<\/b><\/span><\/p>\n<p align=\"JUSTIFY\"><span style=\"font-size: large;\">Nel 2014 la provincia, con <\/span><span style=\"font-size: large;\"><b>6,2<\/b><\/span><span style=\"font-size: large;\"> miliardi di euro, si \u00e8 collocata in <\/span><span style=\"font-size: large;\"><b>5\u00b0<\/b><\/span><span style=\"font-size: large;\"> posizione fra quelle pugliesi per il <\/span><span style=\"font-size: large;\"><b>valore aggiunto totale<\/b><\/span><i> <\/i><span style=\"font-size: large;\"><b>delle attivit\u00e0 economiche<\/b><\/span><span style=\"font-size: large;\">, alle spalle di Bari, Lecce, Foggia, Taranto e prima della Bat.<\/span><\/p>\n<p align=\"JUSTIFY\"><span style=\"font-size: x-large;\">Merita di essere evidenziato peraltro che la stessa provincia di Brindisi in quell\u2019anno ha superato per <\/span><span style=\"font-size: x-large;\"><b>valore aggiunto totale delle attivit\u00e0 economiche<\/b><\/span> <span style=\"font-size: x-large;\"><b>21<\/b><\/span><span style=\"font-size: x-large;\"> province dell\u2019Italia Meridionale ed anche <\/span><span style=\"font-size: x-large;\"><b>19<\/b><\/span><span style=\"font-size: x-large;\"> province del Centro-Nord. <\/span><\/p>\n<p align=\"JUSTIFY\"><span style=\"font-size: large;\">Con riferimento in particolare a queste ultime la provincia di Brindisi ha prodotto nel 2014 un <\/span><span style=\"font-size: large;\"><b>valore aggiunto totale delle attivit\u00e0 economiche<\/b><\/span><span style=\"font-size: large;\"> superiore a quello delle province di Vercelli, Asti, Biella, Verbano-Cusio-Ossola, Aosta, Imperia, La Spezia, Sondrio, Lodi, Belluno, Rovigo, Gorizia, Massa Carrara, Grosseto, Terni, Ascoli Piceno, Fermo, Viterbo e Rieti.<\/span><\/p>\n<p align=\"JUSTIFY\"><span style=\"font-size: x-large;\">Inoltre, nel 2014 la provincia di Brindisi ha prodotto un valore aggiunto totale delle attivit\u00e0 economiche <\/span><span style=\"font-size: x-large;\"><b>superiore <\/b><\/span><span style=\"font-size: x-large;\">a quello del <\/span><span style=\"font-size: x-large;\"><b>Molise <\/b><\/span><span style=\"font-size: x-large;\">e della<\/span><span style=\"font-size: x-large;\"><b> Val d\u2019Aosta<\/b><\/span><span style=\"font-size: x-large;\"><i>.<\/i><\/span><\/p>\n<p align=\"JUSTIFY\"><span style=\"font-size: large;\"><b>Il comparto dell\u2019industria edile<\/b><\/span><\/p>\n<p align=\"JUSTIFY\"><span style=\"font-size: large;\">Esso riveste importanza nella provincia e i suoi addetti sono stati nel 2016 pari <\/span><span style=\"font-size: large;\"><b>a 7.400 unit\u00e0<\/b><\/span><span style=\"font-size: large;\">, corrispondenti al <\/span><span style=\"font-size: large;\"><b>27,4<\/b><\/span><span style=\"font-size: large;\">% del <\/span><span style=\"font-size: large;\"><b>totale <\/b><\/span><span style=\"font-size: large;\">degli occupati nell\u2019industria, e al <\/span><span style=\"font-size: large;\"><b>6,2%<\/b><\/span><span style=\"font-size: large;\"> di quelli nell\u2019intera economia locale: percentuali, peraltro, inferiori alla media regionale e meridionale, ma superiore a quella nazionale, per quel che concerne la loro incidenza <\/span><span style=\"font-size: large;\"><b>sul totale degli occupati nell\u2019industria,<\/b><\/span><span style=\"font-size: large;\"> e superiore invece a quella regionale e meridionale, ma eguale a quella nazionale, in riferimento agli occupati di <\/span><span style=\"font-size: large;\"><b>tutti i settori economici<\/b><\/span><span style=\"font-size: large;\">.<\/span><\/p>\n<p align=\"JUSTIFY\"><span style=\"font-size: large;\">Tali dati evidenziano in realt\u00e0 nel Brindisino il maggior peso in termini di addetti dei comparti specificamente <\/span><span style=\"font-size: large;\"><b>manifatturieri<\/b><\/span><span style=\"font-size: large;\"> sull\u2019intera industria locale.<\/span><\/p>\n<p align=\"JUSTIFY\"><span style=\"font-size: large;\">Alcune imprese edili dell\u2019area inoltre lavorano in prevalenza eseguendo <\/span><span style=\"font-size: large;\"><b>manutenzioni ordinarie e straordinarie<\/b><\/span><span style=\"font-size: large;\"> in grandi complessi dell\u2019industria di processo insediati nell\u2019agglomerato cittadino del Consorzio Asi, o partecipano alla edificazione o ad ampliamenti di stabilimenti da insediare ex novo o da ristrutturare e\/o ingrandire.<\/span><\/p>\n<p align=\"CENTER\"><i>Occupati nelle costruzioni nel 2016<\/i><\/p>\n<p align=\"CENTER\"><span style=\"font-size: x-large;\"><b>Progetto multisettoriale tendenzialmente integrato di rafforzamento competitivo dell\u2019industria nell\u2019area di Brindisi e nel suo hinterland: <\/b><\/span><\/p>\n<p align=\"CENTER\"><span style=\"font-size: x-large;\"><b>continuit\u00e0, ampliamento, innovazione, diversificazione e il <\/b><\/span><span style=\"font-size: x-large;\"><i><b>fil rouge<\/b><\/i><\/span><span style=\"font-size: x-large;\"><b> dell\u2019ecosostenibilit\u00e0. <\/b><\/span><\/p>\n<p align=\"CENTER\"><span style=\"font-size: x-large;\"><b>Natura e funzioni di una Struttura tecnica di missione.<\/b><\/span><\/p>\n<p align=\"JUSTIFY\"><span style=\"font-size: large;\">Ogni disegno di rilancio della crescita industriale del territorio, deve in via prioritaria prendere le mosse dalle <\/span><span style=\"font-size: large;\"><b>specifiche specializzazioni consolidatesi nel corso degli ultimi decenni<\/b><\/span><span style=\"font-size: large;\"> &#8211; gi\u00e0 investite in vario modo dal complesso di innovazioni del programma Industria 4.0 &#8211; e dalle sempre pi\u00f9 avvertite esigenze del presente di <\/span><span style=\"font-size: large;\"><b>qualche comparto manifatturiero in particolare difficolt\u00e0.<\/b><\/span><\/p>\n<p align=\"JUSTIFY\"><span style=\"font-size: large;\">Confindustria Brindisi ritiene che <\/span><span style=\"font-size: large;\"><b>un\u2019azione coordinata<\/b><\/span><span style=\"font-size: large;\"> fra pi\u00f9 soggetti pubblici e privati, nazionali e locali, sia indispensabile per promuovere una strategia articolata e complessa di <\/span><span style=\"font-size: large;\"><b>interventi<\/b><\/span><i> <\/i><span style=\"font-size: large;\"><b>nell\u2019attuale congiuntura<\/b><\/span><span style=\"font-size: large;\"> capaci di saldarsi con quelli necessari <\/span><span style=\"font-size: large;\"><b>al consolidamento prospettico<\/b><\/span><span style=\"font-size: large;\"> dell\u2019apparato industriale dell\u2019area. <\/span><\/p>\n<p align=\"JUSTIFY\"><span style=\"font-size: large;\">Per la definizione, l\u2019avvio e la gestione operativa di tale azione coordinata soggetti pubblici e privati si propone la costituzione a livello territoriale di una <\/span><span style=\"font-size: large;\"><b>Struttura tecnica di missione<\/b><\/span><span style=\"font-size: large;\"> i cui compiti verranno definiti in una sezione successiva di questo studio. <\/span><\/p>\n<p align=\"JUSTIFY\"><span style=\"font-size: large;\">Con le analisi e le proposte di questo convegno si prosegue una tradizione che ha visto negli ultimi ventisette anni l\u2019Associazione confindustriale locale presentare periodicamente accurate ricognizioni delle dinamiche del sistema industriale locale, con proposte di interventi che nel tempo si sono ritenuti pi\u00f9 utili.<\/span><\/p>\n<p align=\"JUSTIFY\"><span style=\"font-size: large;\">Con le analisi e le proposte del convegno di oggi Confindustria Brindisi ripropone una propria autonoma capacit\u00e0 analitica e progettuale che &#8211; facendosi interprete delle esigenze delle imprese associate &#8211; \u00e8 pronta al confronto con le elaborazioni e i programmi di tutti gli altri stakeholder del territorio per giungere a interventi condivisi a breve, medio e lungo termine per la crescita della produzione e degli occupati nel territorio, contribuendo allo sviluppo del Paese.<\/span><\/p>\n<p align=\"JUSTIFY\"><span style=\"font-size: large;\"><b>I primi tre interventi necessari e urgenti nel breve termine: <\/b><\/span><\/p>\n<p align=\"JUSTIFY\"><span style=\"font-size: large;\"><b>a) mission pubblico-privata per il riposizionamento competitivo di Pmi aeronautiche; <\/b><\/span><\/p>\n<p align=\"JUSTIFY\"><span style=\"font-size: large;\"><b>b) investimento energetico della A2A; <\/b><\/span><\/p>\n<p align=\"JUSTIFY\"><span style=\"font-size: large;\"><b>c) realizzazione del \u2018Distretto industriale di Brindisi\u2019.<\/b><\/span><\/p>\n<p align=\"JUSTIFY\"><span style=\"font-size: large;\">A) &#8211; Il <\/span><span style=\"font-size: large;\"><b>primo<\/b><\/span><span style=\"font-size: large;\"> intervento <\/span><span style=\"font-size: large;\"><b>multisettoriale integrato<\/b><\/span><span style=\"font-size: large;\"> deve essere messo a punto e perseguito con la massima rapidit\u00e0, ma in esclusive logiche di mercato, in favore di un nucleo consistente di Pmi di subfornitura del comparto aeronautico, da affiancarsi in un <\/span><span style=\"font-size: large;\"><b>percorso non traumatico<\/b><\/span><span style=\"font-size: large;\"> di progressivo superamento della loro dipendenza da un solo committente pubblico. <\/span><\/p>\n<p align=\"JUSTIFY\"><span style=\"font-size: large;\">B) &#8211; Il <\/span><span style=\"font-size: large;\"><b>secondo<\/b><\/span><span style=\"font-size: large;\"> intervento riguarda nel <\/span><span style=\"font-size: large;\"><b>comparto energetico<\/b><\/span><span style=\"font-size: large;\"> il progetto della A2A che sul proprio sito di Brindisi &#8211; dismesso l\u2019esercizio della vecchia centrale a carbone &#8211; ha proposto la costruzione e gestione di un nuovo impianto di generazione di concezione avanzata, in grado di assicurare occupazione e una produzione di energia pi\u00f9 ecosostenibile rispetto al passato.<\/span><\/p>\n<p align=\"JUSTIFY\"><span style=\"font-size: large;\">C)<\/span><span style=\"font-size: large;\"><b> &#8211; <\/b><\/span><span style=\"font-size: large;\">Il <\/span><span style=\"font-size: large;\"><b>terzo<\/b><\/span><span style=\"font-size: large;\"> intervento \u00e8 imperniato sulla realizzazione del Progetto \u201c<\/span><span style=\"font-size: large;\"><b>Distretto industriale di Brindisi<\/b><\/span><span style=\"font-size: large;\">\u201d, il cui studio di fattibilit\u00e0 preliminare, per iniziativa di questa Associazione, \u00e8 gi\u00e0 stato messo a punto, con il concorso di un gruppo di grandi imprese presenti nell\u2019agglomerato del capoluogo. <\/span><\/p>\n<p align=\"JUSTIFY\"><span style=\"font-size: large;\">Al riguardo Confindustria Brindisi e il Consorzio Asi hanno sottoscritto in data 19 dicembre 2016 un protocollo d\u2019intesa in cui si impegnano &#8211; per quanto di rispettiva competenza &#8211; a collaborare per la realizzazione del Progetto che, una volta andato a regime, consentirebbe allo stesso organismo consortile di offrire ad imprese che si volessero insediare nell\u2019agglomerato del capoluogo una convenienza aggiuntiva.<\/span><\/p>\n<p align=\"JUSTIFY\"><span style=\"font-size: large;\"><b>Il ruolo del Consorzio Asi <\/b><\/span><\/p>\n<p align=\"JUSTIFY\"><span style=\"font-size: large;\"><b>e il suo rilancio operativo per lo sviluppo dell\u2019intera area provinciale. Il progetto della PLIR.<\/b><\/span><\/p>\n<p align=\"JUSTIFY\"><span style=\"font-size: large;\">Confindustria Brindisi pertanto &#8211; ai fini di una crescita industriale qualificata del territorio provinciale &#8211; riafferma il ruolo del Consorzio Asi che con la nuova presidenza sta rilanciando le proprie attivit\u00e0: <\/span><span style=\"font-size: large;\"><b>1)<\/b><\/span><span style=\"font-size: large;\"> riavviando un dialogo operativo con le Amministrazioni comunali e le aziende insediate negli agglomerati di sua pertinenza a Fasano, Ostuni e Francavilla Fontana; 2) presentando anche alle Autorit\u00e0 ministeriali e regionali competenti il progetto di una <\/span><span style=\"font-size: large;\"><b>PLIR-Piattaforma logistica integrata retroportuale<\/b><\/span><span style=\"font-size: large;\">, proposta di recente nell\u2019ambito dei lavori in corso presso il Ministero delle Infrastrutture e dei Trasporti per la definizione dell\u2019Area logistica integrata di Puglia e Basilicata, prevista dal PON Infrastrutture e reti 2014-2020. <\/span><\/p>\n<p align=\"JUSTIFY\"><span style=\"font-size: large;\">Rafforzare i comparti trainanti &#8211; impegnati ad elevare costantemente la loro ecosostenibilit\u00e0 con l\u2019adozione delle tecnologie pi\u00f9 innovative e di <\/span><span style=\"font-size: large;\"><b>best practices<\/b><\/span><span style=\"font-size: large;\"> gestionali &#8211; non significa sottovalutare la possibilit\u00e0 di promuovere o far lievitare <\/span><span style=\"font-size: large;\"><b>nuove<\/b><\/span><i> <\/i><span style=\"font-size: large;\">specializzazioni merceologiche, alcune delle quali gi\u00e0 affiorano nel panorama produttivo locale.<\/span><\/p>\n<p align=\"JUSTIFY\"><span style=\"font-size: large;\">Ma per una pi\u00f9 compiuta definizione delle linee guida di un percorso di consolidamento dell\u2019industria <\/span><span style=\"font-size: large;\"><b>capital intensive<\/b><\/span><span style=\"font-size: large;\"> insediata nel capoluogo, e dei settori <\/span><span style=\"font-size: large;\"><i>labour intensive <\/i><\/span><span style=\"font-size: large;\">ormai ramificati nei maggiori centri dell\u2019hinterland, si ritiene opportuno <\/span><\/p>\n<p align=\"JUSTIFY\"><span style=\"font-size: large;\"><b>rifocalizzare <\/b><\/span><\/p>\n<p align=\"JUSTIFY\"><span style=\"font-size: x-large;\"><b>lo scenario territoriale <\/b><\/span><\/p>\n<p align=\"JUSTIFY\"><span style=\"font-size: large;\">in cui essi si collocano con le loro strutture produttive e lo stock delle infrastrutture esistenti. <\/span><\/p>\n<p align=\"JUSTIFY\"><span style=\"font-size: x-large;\"><b>Brindisi \u2018area cerniera\u2019 territoriale, produttiva e infrastrutturale: <\/b><\/span><\/p>\n<p align=\"JUSTIFY\"><span style=\"font-size: x-large;\"><b>porto, aeroporto e nodo ferroviario nello scenario euromediterraneo. <\/b><\/span><\/p>\n<p align=\"JUSTIFY\"><span style=\"font-size: x-large;\"><b>Il progetto della PLIR. <\/b><\/span><\/p>\n<p align=\"JUSTIFY\"><span style=\"font-size: x-large;\"><b>Reti di imprese impiantistiche. Rilanciare l\u2019integrazione Val d\u2019Agri-Taranto- Brindisi.<\/b><\/span><\/p>\n<p align=\"JUSTIFY\"><span style=\"font-size: large;\"><b>Il capoluogo e il territorio provinciale costituiscono un\u2019area cerniera: <\/b><\/span><\/p>\n<p align=\"JUSTIFY\"><span style=\"font-size: large;\">&#8211; fra il Salento e i suoi numerosi addensamenti manifatturieri a sud;<\/span><\/p>\n<p align=\"JUSTIFY\"><span style=\"font-size: large;\">&#8211; il grande polo industriale e infrastrutturale di Taranto-Grottaglie ad ovest: <\/span><\/p>\n<p align=\"JUSTIFY\"><span style=\"font-size: large;\">&#8211; la Citt\u00e0 Metropolitana di Bari a nord <\/span><\/p>\n<p align=\"JUSTIFY\"><span style=\"font-size: large;\">Pertanto <\/span><span style=\"font-size: large;\"><b>porto, aeroporto, zona industriale, ferrovia<\/b><\/span><span style=\"font-size: large;\"> lungo la linea adriatica, la strada statale 16 Adriatica (nord-sud) e la strada statale n.7 (est-ovest) &#8211; costituiscono <\/span><span style=\"font-size: large;\"><b>concentrazione e snodo<\/b><\/span><span style=\"font-size: large;\"> di <\/span><span style=\"font-size: large;\"><b>importanza nazionale e internazionale<\/b><\/span><span style=\"font-size: large;\">, al servizio di tre vaste realt\u00e0 territoriali e delle esigenze trasportistiche delle loro imprese e di mobilit\u00e0 dei loro abitanti.<\/span><\/p>\n<p align=\"JUSTIFY\"><span style=\"font-size: large;\"><b>Nello<\/b><\/span> <span style=\"font-size: large;\"><b>scenario euromediterraneo<\/b><\/span><span style=\"font-size: large;\"> deve collocarsi sempre di pi\u00f9 il porto di Brindisi, dopo l\u2019inaugurazione del raddoppio del Canale di Suez e con i pi\u00f9 ampi flussi di trasporto marittimo che ne sono derivati. Tale orizzonte dovr\u00e0 riguardare anche gli altri scali dell\u2019Autorit\u00e0 di sistema portuale del Mare Adriatico meridionale, impegnata nella promozione di nuovi traffici sulle loro banchine.<\/span><\/p>\n<p align=\"JUSTIFY\"><span style=\"font-size: large;\">Lo scalo cittadino \u00e8: <\/span><span style=\"font-size: large;\"><b>A)<\/b><\/span><span style=\"font-size: large;\"> per dimensioni del suo bacino; <\/span><span style=\"font-size: large;\"><b>B)<\/b><\/span><span style=\"font-size: large;\"> numero e ampiezza di banchine; <\/span><span style=\"font-size: large;\"><b>C)<\/b><\/span><span style=\"font-size: large;\"> dotazioni di impianti di sollevamento; <\/span><span style=\"font-size: large;\"><b>D)<\/b><\/span><span style=\"font-size: large;\"> collegamento ferroviario; <\/span><span style=\"font-size: large;\"><b>E<\/b><\/span><span style=\"font-size: large;\">) movimentazioni complessive degli ultimi anni <\/span><span style=\"font-size: large;\"><b>il maggiore<\/b><\/span><span style=\"font-size: large;\"> di tutti gli altri (Bari, Manfredonia, Barletta e Monopoli) facenti capo a tale Autorit\u00e0. <\/span><\/p>\n<p align=\"JUSTIFY\"><span style=\"font-size: large;\">Il porto di Brindisi, pertanto, per le sue dimensioni, dovrebbe essere chiamato sempre di pi\u00f9 ad assolvere <\/span><span style=\"font-size: large;\"><b>funzioni di<\/b><\/span><i> <\/i><span style=\"font-size: large;\"><b>raccordo<\/b><\/span><span style=\"font-size: large;\"> fra grandi traffici nel Mediterraneo e la loro destinazione verso il Nord Italia e l\u2019Europa, al servizio cio\u00e8 di un\u2019area e di imprese non pi\u00f9 limitate a quelle insediate nel suo territorio. <\/span><\/p>\n<p align=\"JUSTIFY\"><span style=\"font-size: large;\"><b>Un\u2019alleanza strategica di imprese impiantistiche <\/b><\/span><\/p>\n<p align=\"JUSTIFY\"><span style=\"font-size: large;\"><b>di Brindisi e Taranto nello scenario della competizione internazionale del settore. <\/b><\/span><\/p>\n<p align=\"JUSTIFY\"><span style=\"font-size: large;\">Un altro campo di attivit\u00e0 in cui sarebbe possibile avviare sinergie su scala sovraprovinciale di aggregazioni di imprese storicamente consolidatesi a Brindisi e Taranto \u00e8 quello dell\u2019<\/span><span style=\"font-size: large;\"><b>impiantistica <\/b><\/span><span style=\"font-size: large;\">al servizio della grande industria di processo siderurgica, petrolchimica, chimica ed energetica localizzata nei due capoluoghi.<\/span><\/p>\n<p align=\"JUSTIFY\"><span style=\"font-size: large;\">I due robusti cluster di aziende impiantistiche che vi sono in esercizio costituiscono ormai da anni <\/span><span style=\"font-size: large;\"><b>due dei 5 maggiori nuclei<\/b><\/span><span style=\"font-size: large;\"> di imprese del comparto nell\u2019Italia meridionale insieme a quelli: <\/span><\/p>\n<p align=\"JUSTIFY\"><span style=\"font-size: large;\">&#8211; della <\/span><span style=\"font-size: large;\"><b>Val Basento e dei bacini petroliferi<\/b><\/span><span style=\"font-size: large;\"> della Basilicata; <\/span><\/p>\n<p align=\"JUSTIFY\"><span style=\"font-size: large;\">&#8211; del <\/span><span style=\"font-size: large;\"><b>polo petrolchimico di Priolo-Augusta-Melilli<\/b><\/span><span style=\"font-size: large;\"> nel Siracusano;<\/span><\/p>\n<p align=\"JUSTIFY\"><span style=\"font-size: large;\">&#8211; di <\/span><span style=\"font-size: large;\"><b>Sarroch in Sardegna<\/b><\/span><span style=\"font-size: large;\"> operante nella raffineria della Saras.<\/span><\/p>\n<p align=\"JUSTIFY\"><span style=\"font-size: large;\">Progetti di aggregazione di societ\u00e0 del settore di Brindisi e di Taranto &#8211; cui Confindustria Brindisi in collaborazione con i colleghi del capoluogo ionico sta dedicando da tempo particolare impegno nella verifica della loro fattibilit\u00e0 &#8211; consentirebbero il progressivo superamento di <\/span><span style=\"font-size: large;\"><b>frammentazioni aziendali, duplicazioni operative, sovrapposizioni di attivit\u00e0 e inefficienze gestionali<\/b><\/span><span style=\"font-size: large;\">, e in un arco temporale auspicabilmente di breve termine, di proiettare un <\/span><span style=\"font-size: large;\"><b>robusto aggregato consortile o di rete di tali imprese operanti nei due grandi poli industriali contigui<\/b><\/span><span style=\"font-size: large;\"> anche su alcuni mercati internazionali come, ad esempio, quelli del Medioriente, del Golfo Persico, dell\u2019Iran, dell\u2019Azerbaijan e del Kazakistan. <\/span><\/p>\n<p align=\"JUSTIFY\"><span style=\"font-size: large;\">Nella prospettiva di una crescente integrazione territoriale fra le aree e i sistemi di produzione di Brindisi e Taranto, potrebbe essere rivalutato il progetto a suo tempo predisposto dall\u2019Eni e finalizzato ad estendere il collegamento in parte gi\u00e0 esistente: <\/span><\/p>\n<p align=\"JUSTIFY\"><span style=\"font-size: large;\">&#8211; fra le attivit\u00e0 estrattive sui pozzi petroliferi della Val d\u2019Agri; <\/span><\/p>\n<p align=\"JUSTIFY\"><span style=\"font-size: large;\">&#8211; la raffinazione nel sito dell\u2019Eni Refining&amp;Marketing di Taranto; <\/span><\/p>\n<p align=\"JUSTIFY\"><span style=\"font-size: large;\">&#8211; il ciclo di lavorazione della virgin nafta nello stabilimento Versalis di Brindisi, da collegarsi mediante un nuovo oleodotto con la raffineria del capoluogo ionico.<\/span><\/p>\n<p align=\"JUSTIFY\"><span style=\"font-size: large;\"><b>Farmaceutica e biomedicali.<\/b><\/span><\/p>\n<p align=\"JUSTIFY\"><span style=\"font-size: large;\">Grazie alla presenza della <\/span><span style=\"font-size: large;\"><b>Sanofi<\/b><\/span><span style=\"font-size: large;\"> si potrebbero potenziare le produzioni nel campo <\/span><span style=\"font-size: large;\"><b>farmaceutico e dei biomedicali<\/b><\/span><span style=\"font-size: large;\">, avvalendosi per questi ultimi anche degli studi gi\u00e0 compiuti da tempo presso il CETMA. E un ruolo significativo in tale direzione potrebbe assolvere anche il CIASU-Centro Internazionale di alti studi universitari, cui aderiscono l\u2019Ateneo di Bari, il Consorzio per l\u2019Universit\u00e0 di Bari e Comune di Fasano e che ha anche una sede in quest\u2019ultimo Comune. <\/span><\/p>\n<p align=\"JUSTIFY\"><span style=\"font-size: x-large;\"><b>Le energie rinnovabili a Brindisi:<\/b><\/span><\/p>\n<p align=\"JUSTIFY\"><span style=\"font-size: x-large;\"><b>verso una \u2018capitale internazionale\u2019 della green economy.<\/b><\/span><\/p>\n<p align=\"JUSTIFY\"><span style=\"font-size: large;\">Brindisi e la sua area industriale potrebbero divenire sempre di pi\u00f9: centro di studio, di ricerca applicata, di sperimentazione e di produzione di rilievo internazionale di <\/span><span style=\"font-size: large;\"><b>tecnologie, dispositivi, procedimenti gestionali avanzati<\/b><\/span><span style=\"font-size: large;\"> nel vasto settore delle <\/span><span style=\"font-size: large;\"><b>energie rinnovabili<\/b><\/span><span style=\"font-size: large;\">, ma anche di altri macchinari in grado di concorrere al contenimento e all\u2019abbattimento dell\u2019inquinamento generato dalle fonti pi\u00f9 disparate.<\/span><\/p>\n<p align=\"JUSTIFY\"><span style=\"font-size: large;\">Si propone in questa direzione di lavorare &#8211; oltre che con Enel, Enipower e A2A &#8211; con Istituzioni di ricerca gi\u00e0 presenti sul territorio come l\u2019Enea, ed anche con l\u2019Ispra, l\u2019Anie Rinnovabili, l\u2019Arpa Puglia, il Ministero dell\u2019Ambiente e Dipartimenti universitari di Atenei italiani specializzati nel settore.<\/span><\/p>\n<p align=\"JUSTIFY\"><span style=\"font-size: large;\">Alla luce dell\u2019ormai evidente salto di qualit\u00e0 tecnologico nella <\/span><span style=\"font-size: large;\"><b>green economy a livello internazionale<\/b><\/span><span style=\"font-size: large;\"> il polo di Brindisi potrebbe avviare, fra l\u2019altro: a) la costruzione di <\/span><span style=\"font-size: large;\"><b>torri eoliche<\/b><\/span><span style=\"font-size: large;\"> di dimensioni pari alle ultime poste in esercizio nel Mare del Nord che superano i 200 metri di altezza; b) la produzione di <\/span><span style=\"font-size: large;\"><b>pannelli fotovoltaici<\/b><\/span><span style=\"font-size: large;\"> pi\u00f9 resistenti e flessibili che utilizzerebbero al posto del silicio il <\/span><span style=\"font-size: large;\"><b>grafene<\/b><\/span><span style=\"font-size: large;\"><i>,<\/i><\/span><span style=\"font-size: large;\"> associato ad altro materiale innovativo come la <\/span><span style=\"font-size: large;\"><b>perovskite,<\/b><\/span><span style=\"font-size: large;\"> cos\u00ec da ottenere un flusso pi\u00f9 efficace di elettroni da un pannello all\u2019altro generando un quantitativo maggiore di energia, secondo gli studi in corso all\u2019Istituto Italiano di Tecnologia di Genova, diretto dal prof. Cingolani. Per sviluppare tali pannelli l\u2019Enel ha sottoscritto un accordo con lo stesso Istituto.<\/span><\/p>\n<p align=\"JUSTIFY\"><span style=\"font-size: large;\">Anche nel <\/span><span style=\"font-size: large;\"><b>solare termodinamico<\/b><\/span><span style=\"font-size: large;\"> si potrebbe avviare in loco la produzione di tecnologie ad esso connesse, in collaborazione &#8211; ad esempio &#8211; con il Gruppo campano <\/span><span style=\"font-size: large;\"><b>Magaldi <\/b><\/span><span style=\"font-size: large;\">che ha fornito proprio alla <\/span><span style=\"font-size: large;\"><b>A2A<\/b><\/span><span style=\"font-size: large;\"> l\u2019apparato usato per produrre energia nella centrale elettrica di San Filippo del Mela e che la societ\u00e0 vorrebbe impiegare anche nel suo progetto di nuova centrale a Brindisi.<\/span><\/p>\n<p align=\"JUSTIFY\"><span style=\"font-size: large;\">Inoltre, incentivando il <\/span><span style=\"font-size: large;\"><b>Gruppo Convert<\/b><\/span><span style=\"font-size: large;\"> a localizzare a Brindisi un suo stabilimento, si potrebbe produrre il <\/span><span style=\"font-size: large;\"><b>tracker<\/b><\/span><span style=\"font-size: large;\"> &#8211; di cui quel Gruppo detiene il brevetto &#8211; un meccanismo che consente ai pannelli di orientarsi in base alla posizione del sole, cos\u00ec come si potrebbero costruire &#8211; incentivando a localizzarsi nel territorio industrie (<\/span><span style=\"font-size: large;\"><b>Fiamm<\/b><\/span><span style=\"font-size: large;\">, <\/span><span style=\"font-size: large;\"><b>Varta<\/b><\/span><span style=\"font-size: large;\">) \u2013 che producano <\/span><span style=\"font-size: large;\"><b>sistemi di accumulo<\/b><\/span><span style=\"font-size: large;\"> ovvero batterie al piombo, al litio o all\u2019idrogeno per immagazzinare energia prodotta da pannelli e turbine eoliche, quando cala il vento oppure di notte quando il fotovoltaico non funziona. Si potrebbero costruire anche <\/span><span style=\"font-size: large;\"><b>macchine marine<\/b><\/span><span style=\"font-size: large;\"> per la generazione di energia elettrica da moto ondoso. <\/span><\/p>\n<p align=\"JUSTIFY\"><span style=\"font-size: x-large;\"><b>In sintesi, dunque, Brindisi da <\/b><\/span><\/p>\n<p align=\"JUSTIFY\"><span style=\"font-size: large;\"><b>primo polo energetico nazionale per capacit\u00e0 di generazione da combustibili fossili<\/b><\/span><span style=\"font-size: large;\">, <\/span><\/p>\n<p align=\"JUSTIFY\"><span style=\"font-size: large;\"><b>potrebbe puntare a trasformarsi invece <\/b><\/span><\/p>\n<p align=\"JUSTIFY\"><span style=\"font-size: x-large;\"><b>in uno dei maggiori cluster italiani <\/b><\/span><\/p>\n<p align=\"JUSTIFY\"><span style=\"font-size: x-large;\"><b>di produzione di tecnologie per il comparto della green economy<\/b><\/span><span style=\"font-size: large;\"><b>.<\/b><\/span><\/p>\n<p align=\"JUSTIFY\"><span style=\"font-size: x-large;\"><b>L\u2019agricoltura e l\u2019industria agroalimentare: <\/b><\/span><\/p>\n<p align=\"JUSTIFY\"><span style=\"font-size: x-large;\"><b>un robusto nucleo di aziende di eccellenza. Possibili produzioni di tecnologie per il settore.<\/b><\/span><\/p>\n<p align=\"JUSTIFY\"><span style=\"font-size: large;\">Se il capoluogo ha una consolidata vocazione industriale imperniata sulle imprese chimiche, aeronautiche ed energetiche ad <\/span><span style=\"font-size: large;\"><b>alta intensit\u00e0 di capitale<\/b><\/span><span style=\"font-size: large;\">, la provincia invece nel corso del tempo ha conservato e sviluppato un\u2019altrettanto consolidata <\/span><span style=\"font-size: large;\"><b>vocazione agricola<\/b><\/span><span style=\"font-size: large;\"> che nell\u2019ultimo trentennio si \u00e8 arricchita di qualificati processi di trasformazione delle sue produzioni pi\u00f9 pregiate e di una ormai affermata componente di agriturismo che costituisce &#8211; insieme alle numerose strutture ricettive 5 stelle lusso dell\u2019agro fasanese, agli alberghi di Brindisi, Fasano, Ostuni, Francavilla Fontana e Cisternino, ai tanti B&amp;B, al villaggio Valtur e ai residence di Rosa Marina e alle Terme di Torre Canne &#8211; un punto di forza non solo dell\u2019economia territoriale, ma dell\u2019intera regione.<\/span><\/p>\n<p align=\"JUSTIFY\"><span style=\"font-size: large;\">L\u2019industria agroalimentare ha ormai raggiunto in provincia punte di eccellenza nei settori della produzione di: <\/span><span style=\"font-size: large;\"><b>zucchero raffinato bianco; olio; vini; surgelati; lavorazione del pescato e delle carni. <\/b><\/span><span style=\"font-size: large;\">in tali comparti hanno assunto rilievo nazionale, fra le altre, le imprese: <\/span><\/p>\n<ul>\n<li style=\"list-style-type: none;\">\n<ul>\n<li style=\"list-style-type: none;\">\n<ul>\n<li style=\"list-style-type: none;\">\n<ul>\n<li style=\"list-style-type: none;\">\n<ul>\n<li>\n<p align=\"JUSTIFY\"><span style=\"font-size: large;\"><b>SRB<\/b><\/span><span style=\"font-size: large;\"> (zucchero raffinato);<\/span><\/p>\n<\/li>\n<li>\n<p align=\"JUSTIFY\"><span style=\"font-size: large;\"><b>Pantaleo<\/b><\/span><span style=\"font-size: large;\"> (imbottigliamento di olio); <\/span><\/p>\n<\/li>\n<li>\n<p align=\"JUSTIFY\"><span style=\"font-size: large;\"><b>Lepore Mare<\/b><\/span><span style=\"font-size: large;\"> (lavorazione del pescato);<\/span><\/p>\n<\/li>\n<li>\n<p align=\"JUSTIFY\"><span style=\"font-size: large;\"><b>Soavegel<\/b><\/span><span style=\"font-size: large;\">; <\/span><\/p>\n<\/li>\n<li>\n<p align=\"JUSTIFY\"><span style=\"font-size: large;\"><b>Cantine Due Palme<\/b><\/span><span style=\"font-size: large;\">; <\/span><\/p>\n<\/li>\n<li>\n<p align=\"JUSTIFY\"><span style=\"font-size: large;\"><b>Savelpesca<\/b><\/span><span style=\"font-size: large;\">;<\/span><\/p>\n<\/li>\n<li>\n<p align=\"JUSTIFY\"><span style=\"font-size: large;\"><b>Tormaresca<\/b><\/span><span style=\"font-size: large;\"> del Gruppo toscano Antinori; <\/span><\/p>\n<\/li>\n<li>\n<p align=\"JUSTIFY\"><span style=\"font-size: large;\"><b>Tenute Al Bano Carrisi<\/b><\/span><span style=\"font-size: large;\">;<\/span><\/p>\n<\/li>\n<li>\n<p align=\"JUSTIFY\"><span style=\"font-size: large;\"><b>Comalbest<\/b><\/span><span style=\"font-size: large;\"> (lavorazione carni);<\/span><\/p>\n<\/li>\n<li>\n<p align=\"JUSTIFY\"><span style=\"font-size: large;\"><b>Conservificio di Conserve Italia<\/b><\/span><span style=\"font-size: large;\">;<\/span><\/p>\n<\/li>\n<li>\n<p align=\"JUSTIFY\"><span style=\"font-size: large;\"><b>Conservificio F.lli Fontana<\/b><\/span><span style=\"font-size: large;\">.<\/span><\/p>\n<\/li>\n<\/ul>\n<\/li>\n<\/ul>\n<\/li>\n<\/ul>\n<\/li>\n<\/ul>\n<\/li>\n<\/ul>\n<p align=\"JUSTIFY\"><span style=\"font-size: large;\">Questa crescita di apprezzabili dimensioni, sia per la qualit\u00e0 dei prodotti e sia per fatturati di aziende del settore, rende plausibile ipotizzare &#8211; almeno nei Comuni e nelle aree della provincia con maggiori vocazioni &#8211; lo sviluppo: <\/span><\/p>\n<p align=\"JUSTIFY\"><span style=\"font-size: x-large;\">&#8211; delle <\/span><span style=\"font-size: x-large;\"><b>trasformazioni agroalimentari<\/b><\/span><span style=\"font-size: x-large;\">, diversificandole sotto il profilo merceologico, aumentandone i volumi e incrementandone le esportazioni di quelle gi\u00e0 affermate;<\/span><\/p>\n<p align=\"JUSTIFY\"><span style=\"font-size: x-large;\">&#8211; della <\/span><span style=\"font-size: x-large;\"><b>progettazione e costruzione<\/b><\/span><span style=\"font-size: x-large;\">, sia pure in prospettiva, di <\/span><span style=\"font-size: x-large;\"><b>tecnologie avanzate<\/b><\/span><span style=\"font-size: x-large;\"> per il comparto dell\u2019industria agroalimentare, vendibili in Puglia e nel Sud, ma esportabili anche su mercati internazionali. <\/span><\/p>\n<p align=\"JUSTIFY\"><span style=\"font-size: x-large;\"><b>L\u2019industria dell\u2019ospitalit\u00e0: <\/b><\/span><\/p>\n<p align=\"JUSTIFY\"><span style=\"font-size: x-large;\"><b>un crescente appeal attrattivo del territorio <\/b><\/span><\/p>\n<p align=\"JUSTIFY\"><span style=\"font-size: x-large;\"><b>e un nuovo possibile campo di attivit\u00e0 manifatturiere per le produzioni di hotellerie<\/b><\/span><span style=\"font-size: large;\"><i>.<\/i><\/span><\/p>\n<p align=\"JUSTIFY\"><span style=\"font-size: large;\">Il turismo, ovvero <\/span><span style=\"font-size: large;\"><b>l\u2019industria dell\u2019ospitalit\u00e0<\/b><\/span><span style=\"font-size: large;\"> &#8211; in cui sono attive nel territorio numerose aziende di rilievo nazionale iscritte alla Confindustria di Brindisi, come ad esempio la <\/span><span style=\"font-size: large;\"><b>Nicolaus Tour Operator<\/b><\/span><span style=\"font-size: large;\"> &#8211; come ricordato in precedenza costituisce ormai da molti anni un punto di forza dell\u2019economia provinciale, grazie all\u2019incremento di capacit\u00e0 ricettive di varia tipologia diffuse nel capoluogo e soprattutto nei Comuni di Fasano, Ostuni e in Valle d\u2019Itria, e di molteplici servizi per l\u2019accoglienza, cui pi\u00f9 di recente si sono uniti gli approdi crocieristici nel porto brindisino. <\/span><\/p>\n<p align=\"JUSTIFY\"><span style=\"font-size: large;\">Ma l\u2019insieme delle attivit\u00e0 turistiche \u00e8 anche un <\/span><span style=\"font-size: large;\"><b>aggregato di consumi collettivi<\/b><\/span><span style=\"font-size: large;\"> che potrebbe favorire in loco un ulteriore incremento della produzione di beni e servizi per il comparto, non solo di quelli destinabili al <\/span><span style=\"font-size: large;\"><b>consumo immediato come quelli per la ristorazione,<\/b><\/span><span style=\"font-size: large;\"> ma anche di altri beni offerti invece al <\/span><span style=\"font-size: large;\"><b>consumo durevole<\/b><\/span><span style=\"font-size: large;\">, o costituiti da <\/span><span style=\"font-size: large;\"><b>beni di investimento<\/b><\/span><span style=\"font-size: large;\">. <\/span><\/p>\n<p align=\"JUSTIFY\"><span style=\"font-size: large;\">Insomma, il vastissimo settore dell\u2019<\/span><span style=\"font-size: large;\"><b>hotelleri<\/b><\/span><span style=\"font-size: large;\"><i><b>e<\/b><\/i><\/span><span style=\"font-size: large;\"> potrebbe diventare anche a breve termine un nuovo quadro di convenienze imprenditoriali in cui attrarre investitori locali e\/o provenienti da altre regioni del Paese e dall\u2019estero per produrre, ad esempio, <\/span><span style=\"font-size: large;\"><b>stoviglie, mobilio, articoli da bagno, cucine, arredi da giardino, biancheria, infissi, illuminotecnica, tecnologie musicali, macchine per pulizie industriali.<\/b><\/span><\/p>\n<p align=\"JUSTIFY\"><span style=\"font-size: large;\">Fra le attivit\u00e0 manifatturiere collegate al turismo &#8211; e che potrebbero offrire anche immediate opportunit\u00e0 per nuovi investimenti in costruzioni e manutenzioni &#8211; si inserisce quella della <\/span><span style=\"font-size: large;\"><b>nautica da diporto<\/b><\/span><span style=\"font-size: large;\">, al cui servizio gi\u00e0 opera nello scalo del capoluogo la Societ\u00e0 per Azioni Bocca di Puglia- Marina di Brindisi. <\/span><\/p>\n<p align=\"JUSTIFY\"><span style=\"font-size: large;\"><b>Il settore dei materiali per l\u2019edilizia. La crescita qualificata del comparto edile, nello scenario della rigenerazione urbana e della tutela del territorio<\/b><\/span><span style=\"font-size: large;\"><i>.<\/i><\/span><\/p>\n<p align=\"JUSTIFY\"><span style=\"font-size: large;\">Il comparto edile &#8211; e quello ad esso collegato dei materiali per costruzioni che vanta in provincia alcune aziende di rilievo come ad esempio la <\/span><span style=\"font-size: large;\"><b>Prefabbricati Pugliesi<\/b><\/span><span style=\"font-size: large;\"> e la <\/span><span style=\"font-size: large;\"><b>Minermix<\/b><\/span><span style=\"font-size: large;\"> &#8211; pi\u00f9 di altri ha subito negli ultimi sette anni una pesante contrazione di attivit\u00e0, e conseguentemente di fatturato e di redditivit\u00e0, con riduzione di addetti ed ampio ricorso agli ammortizzatori sociali.<\/span><\/p>\n<p align=\"JUSTIFY\"><span style=\"font-size: large;\">Il settore pertanto ha urgente bisogno che <\/span><span style=\"font-size: large;\"><b>si sblocchino tutte le opere pubbliche<\/b><\/span><span style=\"font-size: large;\"> gi\u00e0 con progetti definitivi approvati e finanziate e che devono essere messe a bando, cos\u00ec come si rende necessaria la rapida approvazione nei Comuni della provincia di tutti gli <\/span><span style=\"font-size: large;\"><b>strumenti urbanistici<\/b><\/span><span style=\"font-size: large;\"> in attesa di definizione amministrativa.<\/span><\/p>\n<p align=\"JUSTIFY\"><span style=\"font-size: large;\">Governo, Regione, Provincia e Comuni e tutte le stazioni appaltanti operanti nel territorio sono chiamati &#8211; ciascuno nell\u2019ambito delle proprie competenze &#8211; ad accelerare tutti gli interventi attesi da tempo, per dare respiro con l\u2019apertura dei nuovi cantieri all\u2019imprenditoria locale.<\/span><\/p>\n<p align=\"JUSTIFY\"><span style=\"font-size: large;\">Ma una <\/span><span style=\"font-size: large;\"><b>nuova frontiera<\/b><\/span><span style=\"font-size: large;\"> si \u00e8 gi\u00e0 aperta per le aziende del settore ed \u00e8 costituita dagli interventi per la <\/span><span style=\"font-size: large;\"><b>rigenerazione urbana<\/b><\/span><span style=\"font-size: large;\"> e la <\/span><span style=\"font-size: large;\"><b>manutenzione del patrimonio edilizio<\/b><\/span><span style=\"font-size: large;\"> esistente, pubblico e privato, che in varia misura stanno gi\u00e0 interessando i nostri territori e ancor pi\u00f9 lo investiranno nei prossimi anni.<\/span><\/p>\n<p align=\"JUSTIFY\"><span style=\"font-size: large;\">Tuttavia anche le imprese edili del territorio sono chiamate a valutare &#8211; sempre con l\u2019intento di rafforzare <\/span><span style=\"font-size: large;\"><i>con <\/i><\/span><span style=\"font-size: large;\"><b>strumenti nuovi <\/b><\/span><span style=\"font-size: large;\">le loro attivit\u00e0 &#8211; la possibilit\u00e0 di inedite <\/span><span style=\"font-size: large;\"><b>aggregazioni di rete<\/b><\/span><span style=\"font-size: large;\"> per candidarsi cos\u00ec all\u2019esecuzione di lavori di maggiore complessit\u00e0, anche su qualche mercato estero. <\/span><\/p>\n<p><span style=\"font-size: large;\"><b>Il ruolo del CETMA &#8211; nuovi corsi di laurea &#8211; chimica industriale, farmacia.<\/b><\/span><\/p>\n<p align=\"JUSTIFY\"><span style=\"font-size: large;\">Le linee guida proposte in precedenza per i percorsi di rafforzamento competitivo e di diversificazione dell\u2019apparato di produzione industriale localizzato nel territorio presuppongono <\/span><span style=\"font-size: large;\"><b>come condizione imprescindibile un consolidato rapporto di tutti i suoi comparti &#8211; o almeno delle loro imprese pi\u00f9 rappresentative ed esposte alla pressione della concorrenza &#8211; con il mondo della ricerca applicata, sia essa praticata in Centri come il CETMA, l\u2019Enea e il CNR, e sia in singoli Dipartimenti di Atenei.<\/b><\/span><\/p>\n<p align=\"JUSTIFY\"><span style=\"font-size: large;\">L\u2019esperienza della Cittadella della ricerca alle porte di Brindisi, com\u2019\u00e8 noto, si \u00e8 conclusa nelle forme istituzionali che ne avevano consentito l\u2019esistenza per molti anni.<\/span><\/p>\n<p align=\"JUSTIFY\"><span style=\"font-size: large;\">Ma la presenza e l\u2019attivit\u00e0 di singoli soggetti ospitati all\u2019interno della struttura \u00e8 proseguita e costituisce tuttora un punto di forza del territorio, in cui si ospitano anche corsi di laurea decentrati da Universit\u00e0 pugliesi.<\/span><\/p>\n<p align=\"JUSTIFY\"><span style=\"font-size: large;\">Con il CETMA, in particolare &#8211; alla luce anche della sua natura di Consorzio di ricerca pubblico-privato di rilievo nazionale per il numero degli addetti e la proiezione operativa fuori dai confini regionali e che sin dal 1994 ha visto associati l\u2019Enea, imprese private anche non locali e l\u2019Universit\u00e0 del Salento &#8211; si rende necessario un <\/span><span style=\"font-size: large;\"><b>new beginning<\/b><\/span><span style=\"font-size: large;\"> di tutto il mondo imprenditoriale provinciale e regionale che dovr\u00e0 essere accompagnato a conoscerne sempre di pi\u00f9 i laboratori, il profilo dei ricercatori, le molteplici attivit\u00e0 svolte e soprattutto i loro risultati in termini di brevetti e ricerca applicata, in modo tale da favorirne il possibile trasferimento a quelle imprese, auspicabilmente in numero elevato, impegnate nella scenario competitivo italiano e internazionale.<\/span><\/p>\n<p align=\"JUSTIFY\"><span style=\"font-size: large;\">Sarebbe opportuno pertanto procedere alla sottoscrizione di protocolli d\u2019intesa effettivamente operativi fra la Confindustria di Brindisi e le sue sezioni merceologiche per favorire o consolidare ogni forma di collaborazione per la ricerca applicata fra il Centro di ricerca e le aziende dell\u2019intera regione, ma anche con quelle esterne al territorio per contribuire all\u2019innalzamento del profilo tecnologico dell\u2019intero apparato industriale operante nell\u2019area.<\/span><\/p>\n<p align=\"JUSTIFY\"><span style=\"font-size: large;\">Le sfide imposte dal <\/span><span style=\"font-size: large;\"><b>programma Industria 4.0<\/b><\/span><span style=\"font-size: large;\"> si possono vincere solo con un dialogo quotidiano, serrato ed operativo fra mondo delle imprese e istituzioni della ricerca applicata che dovranno affiancare le aziende in tutte le azioni e i programmi necessari per intraprendere i percorsi dell\u2019innovazione tecnologica e della digitalizzazione. <\/span><\/p>\n<p align=\"JUSTIFY\"><span style=\"font-size: large;\">In tale prospettiva Confindustria Brindisi, sottolinea il ruolo fondamentale degli Istituti di formazione secondaria &#8211; con i quali vorrebbe sviluppare le esperienze scuola-lavoro previste dalla riforma della Buona Scuola \u2013 ed esprime particolare apprezzamento per le attivit\u00e0 di Istituti scolastici ormai rinomati anche a livello nazionale come il <\/span><span style=\"font-size: large;\"><b>Maiorana<\/b><\/span><span style=\"font-size: large;\">. <\/span><\/p>\n<p align=\"JUSTIFY\"><span style=\"font-size: large;\">Si richiama inoltre l\u2019attenzione delle Autorit\u00e0 accademiche a vario titolo interessate al sistema produttivo della provincia sulla necessit\u00e0 che si valuti la possibilit\u00e0 di attivare nuovi corsi di laurea a numero chiuso &#8211; come ad esempio <\/span><span style=\"font-size: large;\"><b>ingegneria chimica e\/o chimica industriale<\/b><\/span><span style=\"font-size: large;\"> &#8211; effettivamente legati alle esigenze non solo del territorio di Brindisi, ma dell\u2019intera Puglia e della vicina Basilicata.<\/span><\/p>\n<p align=\"JUSTIFY\"><span style=\"font-size: large;\">In questo territorio peraltro gi\u00e0 sono attive e incominciano ad operare con successo imprese di nicchia &#8211; come ad esempio la <\/span><span style=\"font-size: large;\"><b>CMC Labs<\/b><\/span><span style=\"font-size: large;\"> &#8211; che <\/span><span style=\"font-size: large;\"><b>progettano, producono e gestiscono<\/b><\/span><span style=\"font-size: large;\"> un\u2019ampia gamma di dispositivi informatici e di best practices operative ad essi collegati, idonei ad accompagnare a costi altamente competitivi interi cicli di produzione industriale sulla nuova frontiera ormai segnata dalle innovazioni del programma Industria 4.0. <\/span><\/p>\n<p align=\"JUSTIFY\"><span style=\"font-size: x-large;\"><b>Le problematiche del credito e del finanziamento per i nuovi investimenti. <\/b><\/span><\/p>\n<p align=\"JUSTIFY\"><span style=\"font-size: x-large;\"><b>Il Progetto filiere\u2019 di Intesa San Paolo.<\/b><\/span><\/p>\n<p align=\"JUSTIFY\"><span style=\"font-size: large;\">Nella sfida che il sistema industriale locale deve sostenere un ruolo fondamentale svolge il settore del credito cui la Confindustria Brindisi rivolge particolare attenzione nella piena consapevolezza che si \u00e8 ormai conclusa per sempre la fase che schematicamente potrebbe essere definita \u2018<\/span><span style=\"font-size: large;\"><b>del credito facile per tutti\u2019<\/b><\/span><span style=\"font-size: large;\"> e che ad essa si \u00e8 sostituita ormai da tempo quella del <\/span><span style=\"font-size: large;\"><b>credito rigorosamente selettivo<\/b><\/span><span style=\"font-size: large;\"> ad imprese pienamente affidabili per tipologia di prodotti, affermazione sul mercato, organizzazione aziendale, capacit\u00e0 gestionali, solvibilit\u00e0.<\/span><\/p>\n<p align=\"JUSTIFY\"><span style=\"font-size: large;\">Ma gli scenari competitivi in cui sono ormai inserite le aziende del territorio impongono di guardare a nuove fonti di finanziamento aziendale, come i <\/span><span style=\"font-size: large;\"><b>fondi di investimento<\/b><\/span><span style=\"font-size: large;\">, il <\/span><span style=\"font-size: large;\"><b>venture capital<\/b><\/span><span style=\"font-size: large;\">, e tutti gli altri strumenti finanziari la cui fruizione impone significativi innalzamenti di standing gestionali e l\u2019adozione di adeguati sistemi di controllo di gestione.<\/span><\/p>\n<p align=\"JUSTIFY\"><span style=\"font-size: large;\">Anche gli Istituti di credito, accanto alle funzioni erogatorie, dovrebbero migliorare i loro servizi alle imprese per aiutarle nella competizione sul mercato. In tale direzione \u00e8 opportuno segnalare il \u201c<\/span><span style=\"font-size: large;\"><b>Progetto filiere\u201d<\/b><\/span><span style=\"font-size: large;\"> di Intesa San Paolo che agevola l\u2019accesso al credito e migliora il rating di ciascun operatore aderente alla filiera.<\/span><\/p>\n<p align=\"JUSTIFY\"><span style=\"font-size: x-large;\"><b>Una Struttura tecnica di missione per la promozione dello sviluppo industriale.<\/b><\/span><\/p>\n<p align=\"JUSTIFY\"><span style=\"font-size: large;\">Il percorso e gli obiettivi proposti non intendono limitarsi a suggerire <\/span><span style=\"font-size: large;\"><b>percorsi operativi ed obiettivi<\/b><\/span><span style=\"font-size: large;\"> da raggiungere alle aziende e agli stakeholder del territorio, ma vogliono indicare <\/span><span style=\"font-size: large;\"><b>anche uno dei possibili strumenti da allestire<\/b><\/span><span style=\"font-size: large;\"> per dare poi avvio concreto a quei percorsi, una volta che essi siano stati condivisi con gli obiettivi da raggiungere insieme ai soggetti potenzialmente interessati ad essi.<\/span><\/p>\n<p align=\"JUSTIFY\"><span style=\"font-size: large;\">Si suggerisce pertanto la costituzione di una <\/span><span style=\"font-size: large;\"><b>Struttura tecnica di missione<\/b><\/span><span style=\"font-size: large;\"> composta da un nucleo ristretto di esperti che:<\/span><\/p>\n<ul>\n<li>\n<p align=\"JUSTIFY\"><span style=\"font-size: large;\">focalizzi e selezioni operativamente con le imprese singole e associate l\u2019insieme delle mete che si vogliono raggiungere in materia di crescita aziendale;<\/span><\/p>\n<\/li>\n<li>\n<p align=\"JUSTIFY\"><span style=\"font-size: large;\">definisca tutti gli interventi da compiersi e i cronoprogrammi della loro realizzazione;<\/span><\/p>\n<\/li>\n<li>\n<p align=\"JUSTIFY\"><span style=\"font-size: large;\">individui le risorse finanziarie, tecnologiche, professionali e organizzative per avviare il lavoro di miglioramento competitivo di singole aziende, o di un loro gruppo organizzato in rete o in consorzio;<\/span><\/p>\n<\/li>\n<li>\n<p align=\"JUSTIFY\"><span style=\"font-size: large;\">verifichi periodicamente i risultati conseguiti e\/o le correzioni necessarie nelle pratiche operative poste in essere per il conseguimento di specifici obiettivi.<\/span><\/p>\n<\/li>\n<\/ul>\n<p align=\"JUSTIFY\"><span style=\"font-size: large;\">Possono concorrere a costituire <\/span><span style=\"font-size: large;\"><b>tale Struttura tecnica di missione<\/b><\/span><span style=\"font-size: large;\"> soggetti pubblici e privati che designino loro esperti di fiducia i quali dovranno lavorare con il solo vincolo della concreta operativit\u00e0 quotidiana su programmi esclusivamente concordati con le aziende.<\/span><\/p>\n<p align=\"JUSTIFY\"><span style=\"font-size: large;\">Confindustria Brindisi &#8211; all\u2019indomani dell\u2019incontro odierno e valutandone i risultati con i suoi organismi dirigenti &#8211; potrebbe intanto promuovere <\/span><span style=\"font-size: large;\"><b>la costituzione di tale organismo<\/b><\/span><span style=\"font-size: large;\">, riservandosi poi di aprirlo alla partecipazione di esperti indicati da altri soggetti pubblici e privati.<\/span><\/p>\n<p align=\"JUSTIFY\"><span style=\"font-size: x-large;\"><b>Alcune considerazioni conclusive<\/b><\/span><\/p>\n<p align=\"JUSTIFY\"><span style=\"font-size: large;\">Analisi e proposte presentate <\/span><span style=\"font-size: large;\"><b>non esauriscono<\/b><\/span><span style=\"font-size: large;\"> il lavoro ricognitivo che andrebbe approfondito sul territorio per registrarvi tutte le presenze industriali in esercizio, le specifiche relazioni intersettoriali e infrasettoriali intercorrenti fra molte delle imprese operanti nel capoluogo e in un numero crescente di Comuni della provincia, e fra numerose di quelle aziende e societ\u00e0 di altre aree del Paese o straniere. <\/span><\/p>\n<p align=\"JUSTIFY\"><span style=\"font-size: large;\"><b>L\u2019apparato industriale del Brindisino<\/b><\/span><span style=\"font-size: large;\"> da molti anni ormai ha assunto una <\/span><span style=\"font-size: large;\"><b>morfologia complessa<\/b><\/span><span style=\"font-size: large;\"> che sarebbe necessario investigare per singoli settori e per specifiche dimensioni aziendali con esami meno sintetici di quelli raccolti in questi materiali.<\/span><\/p>\n<p align=\"JUSTIFY\"><span style=\"font-size: large;\"><b>Anche le proposte avanzate per un consolidamento competitivo dell\u2019industria locale non hanno alcuna pretesa di esaustivit\u00e0, ma solo quella di offrirsi come contributi propositivi da dettagliarsi ulteriormente nella loro specificit\u00e0 merceologica, da approfondirsi nella loro fattibilit\u00e0 tecnica, da impostarsi concretamente nella loro realizzabilit\u00e0 con le professionalit\u00e0 e i parchi macchine gi\u00e0 esistenti o insediabili sul territorio<\/b><\/span><span style=\"font-size: large;\">.<\/span><\/p>\n<p align=\"JUSTIFY\"><span style=\"font-size: large;\"><b>Fatte queste ovvie considerazioni, si precisa allora che il percorso di ricerca e di proposte cui si \u00e8 inteso partecipare con le note precedenti &#8211; su cortese invito della Confindustria di Brindisi &#8211; ha solo l\u2019ambizione di concorrere con tutti gli stakeholder locali alla messa a punto di strategie di intervento ed azioni operative che sono ormai necessarie e improcrastinabili, se si vorr\u00e0 contribuire anche a livello locale a migliorare la competitivit\u00e0 di un apparato di produzione industriale che resta un punto di forza al servizio non solo della provincia e della regione, ma di tutta la regione e dell\u2019intero Paese.<\/b><\/span><\/p>\n<div id=\"sdfootnote1\">\n<p><a class=\"sdfootnotesym\" href=\"#sdfootnote1anc\" name=\"sdfootnote1sym\">1<\/a><\/p>\n<\/div>\n<div id=\"sdfootnote2\">\n<p><a class=\"sdfootnotesym\" href=\"#sdfootnote2anc\" name=\"sdfootnote2sym\">2<\/a><\/p>\n<\/div>\n","protected":false},"excerpt":{"rendered":"<p>CONFINDUSTRIA BRINDISI L\u2019Industria a Brindisi e nella sua provincia: cluster di big player e di Pmi locali\u00a0 nello scenario competitivo italiano e internazionale. Analisi, programmi, linee guida di interventi per il rafforzamento di industrie e territori inseriti nell\u2019economia \u201cdel mondo\u201d prof. Federico Pirro (Universit\u00e0 di Bari) L\u2019industria a Brindisi e nella sua provincia: un apparato produttivo di rilievo euromediterraneo nella competizione globale. Un profilo di sintesi. Dopo la prolungata fase recessiva dell\u2019economia italiana e locale nel periodo 2009-2013, il capoluogo &#8211; pur avendo subito il suo apparato industriale un pesante stress produttivo e occupazionale &#8211; continua a disporre nell\u2019agglomerato gestito dal Consorzio Asi di una struttura fra le pi\u00f9 rilevanti dell&#8217;Adriatico, del Meridione e del Mediterraneo centro-orientale per: a) dimensioni e tipologia dei cluster aziendali e degli impianti trainanti; b) numero dei loro addetti diretti e in attivit\u00e0 indotte; c) incidenza del valore aggiunto industriale sul totale cittadino, provinciale e regionale; d) volumi di esportazioni; e) entit\u00e0 degli investimenti realizzati, in corso e programmati in specifici stabilimenti; f) innovazioni tecnologiche&#8230;<\/p>\n","protected":false},"author":2,"featured_media":115321,"comment_status":"open","ping_status":"closed","sticky":false,"template":"","format":"standard","meta":{"footnotes":""},"categories":[7],"tags":[330,5031,5032],"class_list":["post-115308","post","type-post","status-publish","format-standard","has-post-thumbnail","hentry","category-news","tag-confindustria","tag-industria-a-brindisi","tag-pirro"],"_links":{"self":[{"href":"https:\/\/www.brundisium.net\/index.php\/wp-json\/wp\/v2\/posts\/115308","targetHints":{"allow":["GET"]}}],"collection":[{"href":"https:\/\/www.brundisium.net\/index.php\/wp-json\/wp\/v2\/posts"}],"about":[{"href":"https:\/\/www.brundisium.net\/index.php\/wp-json\/wp\/v2\/types\/post"}],"author":[{"embeddable":true,"href":"https:\/\/www.brundisium.net\/index.php\/wp-json\/wp\/v2\/users\/2"}],"replies":[{"embeddable":true,"href":"https:\/\/www.brundisium.net\/index.php\/wp-json\/wp\/v2\/comments?post=115308"}],"version-history":[{"count":2,"href":"https:\/\/www.brundisium.net\/index.php\/wp-json\/wp\/v2\/posts\/115308\/revisions"}],"predecessor-version":[{"id":115325,"href":"https:\/\/www.brundisium.net\/index.php\/wp-json\/wp\/v2\/posts\/115308\/revisions\/115325"}],"wp:featuredmedia":[{"embeddable":true,"href":"https:\/\/www.brundisium.net\/index.php\/wp-json\/wp\/v2\/media\/115321"}],"wp:attachment":[{"href":"https:\/\/www.brundisium.net\/index.php\/wp-json\/wp\/v2\/media?parent=115308"}],"wp:term":[{"taxonomy":"category","embeddable":true,"href":"https:\/\/www.brundisium.net\/index.php\/wp-json\/wp\/v2\/categories?post=115308"},{"taxonomy":"post_tag","embeddable":true,"href":"https:\/\/www.brundisium.net\/index.php\/wp-json\/wp\/v2\/tags?post=115308"}],"curies":[{"name":"wp","href":"https:\/\/api.w.org\/{rel}","templated":true}]}}