{"id":115315,"date":"2017-10-11T14:12:07","date_gmt":"2017-10-11T12:12:07","guid":{"rendered":"http:\/\/www.brundisium.net\/?p=115315"},"modified":"2017-10-11T17:41:51","modified_gmt":"2017-10-11T15:41:51","slug":"dattis-il-pilastro-europeo-dei-diritti-sociali-deve-essere-sostenuto-da-una-forte-politica-di-coesione","status":"publish","type":"post","link":"https:\/\/www.brundisium.net\/index.php\/dattis-il-pilastro-europeo-dei-diritti-sociali-deve-essere-sostenuto-da-una-forte-politica-di-coesione\/","title":{"rendered":"D&#8217;Attis: &#8220;Il pilastro europeo dei diritti sociali deve essere sostenuto da una forte politica di coesione&#8221;"},"content":{"rendered":"<p><a href=\"http:\/\/www.brundisium.net\/brun\/wp-content\/uploads\/2017\/10\/dattis-Plenaria-Pilastro-Sociale-FOTO-3.jpg\"><img loading=\"lazy\" decoding=\"async\" class=\"size-medium wp-image-115317 alignright\" src=\"http:\/\/www.brundisium.net\/brun\/wp-content\/uploads\/2017\/10\/dattis-Plenaria-Pilastro-Sociale-FOTO-3-200x300.jpg\" alt=\"\" width=\"200\" height=\"300\" srcset=\"https:\/\/www.brundisium.net\/brun\/wp-content\/uploads\/2017\/10\/dattis-Plenaria-Pilastro-Sociale-FOTO-3-200x300.jpg 200w, https:\/\/www.brundisium.net\/brun\/wp-content\/uploads\/2017\/10\/dattis-Plenaria-Pilastro-Sociale-FOTO-3-768x1152.jpg 768w, https:\/\/www.brundisium.net\/brun\/wp-content\/uploads\/2017\/10\/dattis-Plenaria-Pilastro-Sociale-FOTO-3-683x1024.jpg 683w, https:\/\/www.brundisium.net\/brun\/wp-content\/uploads\/2017\/10\/dattis-Plenaria-Pilastro-Sociale-FOTO-3.jpg 2000w\" sizes=\"auto, (max-width: 200px) 100vw, 200px\" \/><\/a><\/p>\n<p>L&#8217;istituzione di un pilastro europeo dei diritti sociali dovrebbe promuovere un&#8217;Europa sostenibile e inclusiva, rafforzare la lotta contro le disuguaglianze sociali e regionali e contribuire alla creazione di un&#8217;economia sociale di mercato, afferma il Comitato europeo delle Regioni in un parere adottato nella sua sessione plenaria di oggi.<\/p>\n<p>&nbsp;<\/p>\n<p>Il pilastro europeo dei diritti sociali, proposto dalla Commissione europea, \u00e8 basato su 20 principi con l&#8217;obiettivo di garantire pari opportunit\u00e0 e accesso al mercato del lavoro, condizioni di lavoro eque, protezione sociale e inclusione. Il parere elaborato da Mauro D&#8217;Attis (IT \/ PPE) sottolinea che la politica di coesione economica, sociale e territoriale, quale una delle politiche dell&#8217;UE pi\u00f9 importanti e complete, deve svolgere un ruolo fondamentale nel sostenere la graduale attuazione di un&#8217;agenda sociale europea in cui la competitivit\u00e0 e la giustizia sociale si completano. Particolare importanza dovrebbe essere data alle azioni mirate a garantire un futuro migliore per i giovani.<\/p>\n<p>&nbsp;<\/p>\n<p>&#8220;Tenuto conto dell&#8217;incremento della disoccupazione giovanile e del crescente numero di persone a rischio di povert\u00e0 negli ultimi anni, il pilastro europeo dei diritti sociali deve servire a rendere l&#8217;Europa pi\u00f9 coesa e pi\u00f9 reattiva alle esigenze dei cittadini. Si tratta di un impegno e di una responsabilit\u00e0 condivise tra l&#8217;Unione, i suoi Stati membri, gli enti locali e regionali e le parti sociali. La politica di coesione, quale principale politica d&#8217;investimento a lungo termine dell&#8217;UE, deve contribuire a questi obiettivi come espressione di solidariet\u00e0 europea &#8221; afferma il relatore D&#8217;Attis.<\/p>\n<p>&nbsp;<\/p>\n<p>Maria Jo\u00e3o Rodrigues, membro del Parlamento europeo, vicepresidente del gruppo S &amp; D e relatore per il pilastro europeo dei diritti sociali, ha dichiarato: &#8220;Considero le regioni all&#8217;avanguardia nell&#8217;attuazione del pilastro europeo dei diritti sociali perch\u00e9 le regioni rispondono ai problemi quotidiani dei cittadini fornendo servizi per l&#8217;impiego, accesso alla protezione sociale, assistenza sanitaria e assistenza a lungo termine &#8220;.<\/p>\n<p>&nbsp;<\/p>\n<p>Garantire i salari che evitano la povert\u00e0 nel lavoro, che assicurano un livello di vita dignitoso e che siano in linea con la produttivit\u00e0 sono tra le raccomandazioni del Comitato, sebbene le rispettive pratiche e legislazioni degli Stati membri debbono essere rispettate. Il parere favorisce anche la proposta del governo italiano di un sistema europeo di assicurazione contro la disoccupazione e sottolinea che l&#8217;Unione europea e gli Stati membri devono collaborare per assicurare le risorse finanziarie necessarie per l&#8217;attuazione del pilastro dei diritti sociali.<\/p>\n<p>&nbsp;<\/p>\n<p>La Commissione e il Consiglio sono invitati a introdurre misure incentivanti per i paesi che attuano le riforme volte a raggiungere gli obiettivi sociali dell&#8217;Europa 2020 e la lotta contro gli squilibri sociali. Inoltre, occorre introdurre una serie adeguata di strumenti per misurare e monitorare i progressi compiuti, nonch\u00e9 per valutare le disparit\u00e0 subnazionali. Il parere esige anche una maggiore attenzione sull&#8217;integrazione efficace dei rifugiati, dei minori non accompagnati e degli immigrati legalmente residenti, anche attraverso l&#8217;istruzione e la formazione professionale.<\/p>\n<p>&nbsp;<\/p>\n<p>&#8220;Ora attendiamo che la Commissione, il Consiglio e il Parlamento europeo includano le nostre proposte nell&#8217;annuncio di G\u00f6teborg&#8221;, ha affermato il relatore D&#8217;Attis, riferendosi al Vertice sociale per il lavoro equo e la crescita che si terra&#8217; a G\u00f6teborg il 17 novembre. Le regioni e I comuni sono state invitate a partecipare insieme ad altre istituzioni dell&#8217;UE, ai capi di Stato e di governo, alle parti sociali e agli attori della societ\u00e0 civile.<\/p>\n<p>&nbsp;<\/p>\n<p>&nbsp;<\/p>\n<p>c.s.<\/p>\n","protected":false},"excerpt":{"rendered":"<p>L&#8217;istituzione di un pilastro europeo dei diritti sociali dovrebbe promuovere un&#8217;Europa sostenibile e inclusiva, rafforzare la lotta contro le disuguaglianze sociali e regionali e contribuire alla creazione di un&#8217;economia sociale di mercato, afferma il Comitato europeo delle Regioni in un parere adottato nella sua sessione plenaria di oggi. &nbsp; Il pilastro europeo dei diritti sociali, proposto dalla Commissione europea, \u00e8 basato su 20 principi con l&#8217;obiettivo di garantire pari opportunit\u00e0 e accesso al mercato del lavoro, condizioni di lavoro eque, protezione sociale e inclusione. Il parere elaborato da Mauro D&#8217;Attis (IT \/ PPE) sottolinea che la politica di coesione economica, sociale e territoriale, quale una delle politiche dell&#8217;UE pi\u00f9 importanti e complete, deve svolgere un ruolo fondamentale nel sostenere la graduale attuazione di un&#8217;agenda sociale europea in cui la competitivit\u00e0 e la giustizia sociale si completano. Particolare importanza dovrebbe essere data alle azioni mirate a garantire un futuro migliore per i giovani. &nbsp; &#8220;Tenuto conto dell&#8217;incremento della disoccupazione giovanile e del crescente numero di persone a rischio di povert\u00e0 negli&#8230;<\/p>\n","protected":false},"author":2,"featured_media":115316,"comment_status":"open","ping_status":"closed","sticky":false,"template":"","format":"standard","meta":{"footnotes":""},"categories":[7],"tags":[4203],"class_list":["post-115315","post","type-post","status-publish","format-standard","has-post-thumbnail","hentry","category-news","tag-mauro-dattis"],"_links":{"self":[{"href":"https:\/\/www.brundisium.net\/index.php\/wp-json\/wp\/v2\/posts\/115315","targetHints":{"allow":["GET"]}}],"collection":[{"href":"https:\/\/www.brundisium.net\/index.php\/wp-json\/wp\/v2\/posts"}],"about":[{"href":"https:\/\/www.brundisium.net\/index.php\/wp-json\/wp\/v2\/types\/post"}],"author":[{"embeddable":true,"href":"https:\/\/www.brundisium.net\/index.php\/wp-json\/wp\/v2\/users\/2"}],"replies":[{"embeddable":true,"href":"https:\/\/www.brundisium.net\/index.php\/wp-json\/wp\/v2\/comments?post=115315"}],"version-history":[{"count":2,"href":"https:\/\/www.brundisium.net\/index.php\/wp-json\/wp\/v2\/posts\/115315\/revisions"}],"predecessor-version":[{"id":115319,"href":"https:\/\/www.brundisium.net\/index.php\/wp-json\/wp\/v2\/posts\/115315\/revisions\/115319"}],"wp:featuredmedia":[{"embeddable":true,"href":"https:\/\/www.brundisium.net\/index.php\/wp-json\/wp\/v2\/media\/115316"}],"wp:attachment":[{"href":"https:\/\/www.brundisium.net\/index.php\/wp-json\/wp\/v2\/media?parent=115315"}],"wp:term":[{"taxonomy":"category","embeddable":true,"href":"https:\/\/www.brundisium.net\/index.php\/wp-json\/wp\/v2\/categories?post=115315"},{"taxonomy":"post_tag","embeddable":true,"href":"https:\/\/www.brundisium.net\/index.php\/wp-json\/wp\/v2\/tags?post=115315"}],"curies":[{"name":"wp","href":"https:\/\/api.w.org\/{rel}","templated":true}]}}