{"id":115393,"date":"2017-10-12T12:23:17","date_gmt":"2017-10-12T10:23:17","guid":{"rendered":"http:\/\/www.brundisium.net\/?p=115393"},"modified":"2017-10-12T11:10:45","modified_gmt":"2017-10-12T09:10:45","slug":"giornata-fai-dautunno-le-iniziative-in-provincia-di-brindisi","status":"publish","type":"post","link":"https:\/\/www.brundisium.net\/index.php\/giornata-fai-dautunno-le-iniziative-in-provincia-di-brindisi\/","title":{"rendered":"Giornata FAI d&#8217;Autunno: le iniziative in provincia di Brindisi"},"content":{"rendered":"<p>Io credo che ogni uomo abbia due patrie; una \u00e8 la sua personale, pi\u00f9 vicina, e l\u2019altra \u00e8 l\u2019Italia\u201d, ha\u00a0 detto Henryk Sienkiewicz, Premio Nobel per la letteratura nel 1905, identificando un diffuso senso di appartenenza universale: il nostro \u00e8 il Paese di tutti. Inglesi, tedeschi, francesi, americani (e non solo loro) visitano l\u2019Italia e la fanno propria, chi venendo a conoscerla, chi una volta conosciuta decidendo di stabilirvisi o di comprarsi una casa.<\/p>\n<p>Perch\u00e9 se tutto il mondo \u00e8 Paese, come si dice, alla fine tutti i Paesi sono l\u2019Italia.<\/p>\n<p>Lo dicono anche i numeri eccezionali raggiunti dal settore turistico nel 2017, con quasi il 50% di arrivi di stranieri con un incremento del 3% rispetto all\u2019anno scorso, mentre rispetto a 20 anni fa si \u00e8 passati dal 35% a circa il 50%.<\/p>\n<p>&nbsp;<\/p>\n<p>Ma i veri \u201cproprietari\u201d di questo straordinario Paese siamo noi e non dobbiamo dimenticarcelo.<\/p>\n<p>Per questo il FAI \u2013 Fondo Ambiente Italiano chiama a raccolta tutti gli italiani che hanno questa consapevolezza che significa soprattutto una cosa: l\u2019Italia ci appartiene, noi tutti possiamo fare qualcosa per renderla migliore. E possiamo farlo insieme.<\/p>\n<p>&nbsp;<\/p>\n<p>A ottobre torna \u201cRicordiamoci di salvare l\u2019Italia\u201d, la campagna nazionale di raccolta fondi del Fondo Ambiente Italiano, che punta ad allargare la grande famiglia della Fondazione.<\/p>\n<p>Un mese per prendersi cura di ci\u00f2 che ci unisce, perch\u00e9 l\u2019Italia \u00e8 il nostro patrimonio comune. Ecco perch\u00e9, eccezionalmente fino al 31 ottobre e su www.fondoambiente.it, sar\u00e0 possibile iscriversi con una speciale quota per i nuovi iscritti di 29 euro anzich\u00e9 di 39.<\/p>\n<p>&nbsp;<\/p>\n<p>Per accogliere sempre pi\u00f9 cittadini innamorati del nostro patrimonio e alla ricerca di occasioni per vivere un tempo libero di qualit\u00e0, concentrato sulle sorprese che la cultura \u00e8 in grado di riservare.<\/p>\n<p>&nbsp;<\/p>\n<p>Durante la campagna, il FAI scende in piazza con i suoi giovani volontari per la Giornata FAI d\u2019Autunno che si terr\u00e0 domenica 15 ottobre in cui i protagonisti del futuro del FAI proporranno 170 itinerari tematici da percorrere liberamente, coinvolgendo oltre 600 luoghi d\u2019interesse artistico, paesaggistico e sociale con visite a contributo libero per scoprire e vivere scenari familiari ma poco conosciuti con lo sguardo entusiasta dei giovani del FAI. Un appuntamento per \u201criconoscere\u201d le proprie citt\u00e0 attraverso percorsi originali e scoprirne luoghi del sapere, delle attivit\u00e0 artigianali, della musica.<\/p>\n<p>_________________________________<\/p>\n<p>&nbsp;<\/p>\n<p>La Delegazione di Brindisi propone un itinerario tra Fasano e Oria.<\/p>\n<p>&nbsp;<\/p>\n<p>A Fasano sar\u00e0 possibile visitare una azienda storica del territorio, la Adriatica Legnami che ha cominciato la propria attivit\u00e0 nel 1945 e oggi produce calce e materiali da costruzione tra i pi\u00f9 innovativi.<\/p>\n<p>L\u2019iniziativa \u00e8 patrocinata dal Comune di Fasano e sar\u00e0 condotta con la partecipazione di Madeinterra, una giovane societ\u00e0, attenta al benessere dell\u2019uomo e alla tutela dell\u2019ambiente che terr\u00e0 una dimostrazione per i pi\u00f9 piccoli con LECOSTRUZIONI, un gioco creativo e divertente per realizzare mattoncini in terra cruda e creare le proprie costruzioni.<\/p>\n<p>&nbsp;<\/p>\n<p>Le visite saranno curate dagli Apprendisti Ciceroni\u00ae dell\u2019I.I.S.S. Leonardo da Vinci di Fasano dalle ore 10.00 alle ore 13.00 e dalle 15.00 alle 18.00.<\/p>\n<p>&nbsp;<\/p>\n<p>A Oria, gli Apprendisti Ciceroni\u00ae del Liceo Classico \u201cV. Lilla\u201d di Francavilla Fontana accompagneranno i visitatori alla scoperta del quartiere ebraico e del centro storico con la possibilit\u00e0 di legare l\u2019itinerario alla Cripta di San Barsanofio, attualmente accessibile dalla Chiesa di San Francesco di Paola del XVI secolo. Oria \u00e8 uno straordinario esempio di \u201cponte tra culture\u201d e la narrazione del centro storico riesce ad esprimere questa convivenza tra culto e civilt\u00e0.<\/p>\n<p>&nbsp;<\/p>\n<p>La visita avr\u00e0 orario continuato dalle ore 10.00 alle ore 18.00 con partenza da Piazza Shabbatai Donnolo.<\/p>\n","protected":false},"excerpt":{"rendered":"<p>Io credo che ogni uomo abbia due patrie; una \u00e8 la sua personale, pi\u00f9 vicina, e l\u2019altra \u00e8 l\u2019Italia\u201d, ha\u00a0 detto Henryk Sienkiewicz, Premio Nobel per la letteratura nel 1905, identificando un diffuso senso di appartenenza universale: il nostro \u00e8 il Paese di tutti. Inglesi, tedeschi, francesi, americani (e non solo loro) visitano l\u2019Italia e la fanno propria, chi venendo a conoscerla, chi una volta conosciuta decidendo di stabilirvisi o di comprarsi una casa. Perch\u00e9 se tutto il mondo \u00e8 Paese, come si dice, alla fine tutti i Paesi sono l\u2019Italia. Lo dicono anche i numeri eccezionali raggiunti dal settore turistico nel 2017, con quasi il 50% di arrivi di stranieri con un incremento del 3% rispetto all\u2019anno scorso, mentre rispetto a 20 anni fa si \u00e8 passati dal 35% a circa il 50%. &nbsp; Ma i veri \u201cproprietari\u201d di questo straordinario Paese siamo noi e non dobbiamo dimenticarcelo. Per questo il FAI \u2013 Fondo Ambiente Italiano chiama a raccolta tutti gli italiani che hanno questa consapevolezza che significa soprattutto&#8230;<\/p>\n","protected":false},"author":2,"featured_media":115394,"comment_status":"open","ping_status":"closed","sticky":false,"template":"","format":"standard","meta":{"footnotes":""},"categories":[7],"tags":[1926],"class_list":["post-115393","post","type-post","status-publish","format-standard","has-post-thumbnail","hentry","category-news","tag-fai"],"_links":{"self":[{"href":"https:\/\/www.brundisium.net\/index.php\/wp-json\/wp\/v2\/posts\/115393","targetHints":{"allow":["GET"]}}],"collection":[{"href":"https:\/\/www.brundisium.net\/index.php\/wp-json\/wp\/v2\/posts"}],"about":[{"href":"https:\/\/www.brundisium.net\/index.php\/wp-json\/wp\/v2\/types\/post"}],"author":[{"embeddable":true,"href":"https:\/\/www.brundisium.net\/index.php\/wp-json\/wp\/v2\/users\/2"}],"replies":[{"embeddable":true,"href":"https:\/\/www.brundisium.net\/index.php\/wp-json\/wp\/v2\/comments?post=115393"}],"version-history":[{"count":1,"href":"https:\/\/www.brundisium.net\/index.php\/wp-json\/wp\/v2\/posts\/115393\/revisions"}],"predecessor-version":[{"id":115395,"href":"https:\/\/www.brundisium.net\/index.php\/wp-json\/wp\/v2\/posts\/115393\/revisions\/115395"}],"wp:featuredmedia":[{"embeddable":true,"href":"https:\/\/www.brundisium.net\/index.php\/wp-json\/wp\/v2\/media\/115394"}],"wp:attachment":[{"href":"https:\/\/www.brundisium.net\/index.php\/wp-json\/wp\/v2\/media?parent=115393"}],"wp:term":[{"taxonomy":"category","embeddable":true,"href":"https:\/\/www.brundisium.net\/index.php\/wp-json\/wp\/v2\/categories?post=115393"},{"taxonomy":"post_tag","embeddable":true,"href":"https:\/\/www.brundisium.net\/index.php\/wp-json\/wp\/v2\/tags?post=115393"}],"curies":[{"name":"wp","href":"https:\/\/api.w.org\/{rel}","templated":true}]}}