{"id":115719,"date":"2017-10-16T17:21:14","date_gmt":"2017-10-16T15:21:14","guid":{"rendered":"http:\/\/www.brundisium.net\/?p=115719"},"modified":"2017-10-16T18:00:48","modified_gmt":"2017-10-16T16:00:48","slug":"si-e-chiuso-ad-ostuni-il-1-festival-della-cooperazione-internazionale","status":"publish","type":"post","link":"https:\/\/www.brundisium.net\/index.php\/si-e-chiuso-ad-ostuni-il-1-festival-della-cooperazione-internazionale\/","title":{"rendered":"Si \u00e8 chiuso ad Ostuni il 1\u00b0 Festival della cooperazione internazionale"},"content":{"rendered":"<p><a href=\"http:\/\/www.brundisium.net\/brun\/wp-content\/uploads\/2017\/10\/AIFO-Ostuni-Festival-della-cooperazione-internazionale-15-10-2017-finaleWP_20171015_13_05_3_.jpg\"><img loading=\"lazy\" decoding=\"async\" class=\"alignleft size-medium wp-image-115723\" src=\"http:\/\/www.brundisium.net\/brun\/wp-content\/uploads\/2017\/10\/AIFO-Ostuni-Festival-della-cooperazione-internazionale-15-10-2017-finaleWP_20171015_13_05_3_-169x300.jpg\" alt=\"\" width=\"169\" height=\"300\" srcset=\"https:\/\/www.brundisium.net\/brun\/wp-content\/uploads\/2017\/10\/AIFO-Ostuni-Festival-della-cooperazione-internazionale-15-10-2017-finaleWP_20171015_13_05_3_-169x300.jpg 169w, https:\/\/www.brundisium.net\/brun\/wp-content\/uploads\/2017\/10\/AIFO-Ostuni-Festival-della-cooperazione-internazionale-15-10-2017-finaleWP_20171015_13_05_3_-768x1362.jpg 768w, https:\/\/www.brundisium.net\/brun\/wp-content\/uploads\/2017\/10\/AIFO-Ostuni-Festival-della-cooperazione-internazionale-15-10-2017-finaleWP_20171015_13_05_3_-577x1024.jpg 577w, https:\/\/www.brundisium.net\/brun\/wp-content\/uploads\/2017\/10\/AIFO-Ostuni-Festival-della-cooperazione-internazionale-15-10-2017-finaleWP_20171015_13_05_3_.jpg 1840w\" sizes=\"auto, (max-width: 169px) 100vw, 169px\" \/><\/a>Dopo tre giorni intensi di incontri e di eventi si \u00e8 conclusa la 1a edizione del Festival della cooperazione internazionale, tenuto ad Ostuni (BR) dal 13 al 15 ottobre 2017, preceduto dall\u2019inaugurazione di alcune mostre nelle scuole cittadine.<\/p>\n<p>&nbsp;<\/p>\n<p>Il Festival, fortemente voluto da Franco Colizzi, coordinatore regionale di AIFO, e organizzato dalla Rete Italiana Disabilit\u00e0 e Sviluppo (RIDS), cui aderiscono DPI Italia, EducAid, FISH e AIFO, con il contributo del Comune di Ostuni e della Regione Puglia, ha riunito esperti di alto profilo e protagonisti delle istituzioni, in primo luogo l\u2019Agenzia Italiana per la Cooperazione allo Sviluppo (AICS), della societ\u00e0 civile organizzata, Ong e movimento cooperativo, delle imprese e della cultura. La localizzazione delle numerose sessioni in luoghi e contesti assai diversi tra loro ha restituito in forma originale la ricchezza di Ostuni e del territorio pugliese.<\/p>\n<p>&nbsp;<\/p>\n<p>Un programma molto ricco e denso ha permesso di affrontare i principali aspetti della cooperazione internazionale, nei suoi risvolti teorici e pratici, e di avere una panoramica significativa delle realt\u00e0 territoriale coinvolte nella solidariet\u00e0 internazionale.<\/p>\n<p>&nbsp;<\/p>\n<p>&nbsp;<\/p>\n<p>La cooperazione internazionale si presenta oggi nel nuovo contesto nazionale rappresentato dalla rinnovata disciplina sulla cooperazione allo sviluppo (Legge n. 125\/2014), con l\u2019istituzione dell\u2019AICS e la compartecipazione del settore pubblico e del privato, profit e no profit. Siamo di fronte ad una nuova sfida poich\u00e9, come ha sottolineato Antonio Lissoni, presidente di AIFO, in Italia siamo ancora agli inizi della responsabilit\u00e0 sociale dell\u2019impresa, di cui il Festival ha permesso di presentare alcuni esempi concreti.<\/p>\n<p>&nbsp;<\/p>\n<p>La cooperazione si colloca in uno scenario internazionale complesso, dove le divisioni non passano pi\u00f9 tra Nord e Sud del mondo, ma tra i Nord e i Sud diffusi in tutti i territori. Ci\u00f2 richiede un nuovo approccio, quello uno sviluppo inclusivo che superi le disuguaglianze, poich\u00e9 dai diversi contributi \u00e8 emerso un dato costante: meno disuguaglianza significano maggior benessere.<\/p>\n<p>&nbsp;<\/p>\n<p>Gli Obiettivi di sviluppo sostenibile, che tutti i paesi delle Nazioni Unite si sono dati all\u2019orizzonte 2030, la cosiddetta Agenda 2030, costituiscono un punto di riferimento ormai imprescindibile per valutare le carenze e i percorsi ancora da compiere per garantire benessere, pari opportunit\u00e0 e diritti diffusi.<\/p>\n<p>&nbsp;<\/p>\n<p>&nbsp;<\/p>\n<p>Le persone con disabilit\u00e0 sono state al centro della presenza e dei lavori del Festival. Tutti gli interventi hanno evidenziato l\u2019urgenza di superare vecchi e nuovi pregiudizi. La disabilit\u00e0 deve essere considerata come parte della diversit\u00e0 umana. \u00c8 necessario un nuovo paradigma, da un approccio esclusivamente medico, si \u00e8 passati a quello sociale; \u00e8 tempo di un approccio basato sui diritti umani e sul protagonismo delle persone con disabilit\u00e0. Niente su di noi, senza di noi, \u00e8 lo slogan, che \u00e8 soprattutto un metodo, che Giampiero Griffo, presidente della RIDS, ha pi\u00f9 volte richiamato nel corso dei lavori.<\/p>\n<p>&nbsp;<\/p>\n<p>Nella cooperazione internazionale il concetto di donatori e beneficiari deve essere superato, a cominciare dalla realizzazione di analisi partecipative dei bisogni e dalla condivisione delle strategie d\u2019azione e della loro realizzazione, con un\u2019attenzione particolare alle questioni di genere.<\/p>\n<p>&nbsp;<\/p>\n<p><a href=\"http:\/\/www.brundisium.net\/brun\/wp-content\/uploads\/2017\/10\/AIFO-Ostuni-Festival-della-cooperazione-internazionale-15-10-2017-finale-IMG-20171015-WA0001.jpg\"><img loading=\"lazy\" decoding=\"async\" class=\"size-medium wp-image-115720 alignright\" src=\"http:\/\/www.brundisium.net\/brun\/wp-content\/uploads\/2017\/10\/AIFO-Ostuni-Festival-della-cooperazione-internazionale-15-10-2017-finale-IMG-20171015-WA0001-300x168.jpg\" alt=\"\" width=\"300\" height=\"168\" srcset=\"https:\/\/www.brundisium.net\/brun\/wp-content\/uploads\/2017\/10\/AIFO-Ostuni-Festival-della-cooperazione-internazionale-15-10-2017-finale-IMG-20171015-WA0001-300x168.jpg 300w, https:\/\/www.brundisium.net\/brun\/wp-content\/uploads\/2017\/10\/AIFO-Ostuni-Festival-della-cooperazione-internazionale-15-10-2017-finale-IMG-20171015-WA0001-768x431.jpg 768w, https:\/\/www.brundisium.net\/brun\/wp-content\/uploads\/2017\/10\/AIFO-Ostuni-Festival-della-cooperazione-internazionale-15-10-2017-finale-IMG-20171015-WA0001-1024x575.jpg 1024w, https:\/\/www.brundisium.net\/brun\/wp-content\/uploads\/2017\/10\/AIFO-Ostuni-Festival-della-cooperazione-internazionale-15-10-2017-finale-IMG-20171015-WA0001.jpg 1600w\" sizes=\"auto, (max-width: 300px) 100vw, 300px\" \/><br \/>\n<\/a>Il tema della disabilit\u00e0 ha attraversato tutti i diversi momenti dei lavori del Festival e ha consentito di presentare numerosi programmi di cooperazione internazionale, compresi quelli che affrontano le situazioni di rischio e di emergenza, cui \u00e8 stato dedicata una sezione di alto profilo.<\/p>\n<p>&nbsp;<\/p>\n<p>All\u2019infanzia e ai giovani si \u00e8 data una particolare attenzione. \u00c8 necessario uscire da una certa retorica. Dobbiamo parlare dei giovani e ai giovani cos\u00ec come sono, poich\u00e9 oggi sono esclusi non solo le persone con disabilit\u00e0 ma anche i giovani, ha sottolineato Antonio Lissoni: \u201cla cooperazione internazionale \u2013 ha aggiunto &#8211; \u00e8 una goccia di speranza ma dobbiamo farla comprendere ai giovani\u201d.<\/p>\n<p>&nbsp;<\/p>\n<p>&nbsp;<\/p>\n<p>A conclusione del Festival, a proposito delle idee e dei valori emersi nelle giornate, Franco Colizzi si \u00e8 detto consapevole che \u201cstiamo andando controcorrente\u201d, ma questo costituisce uno stimolo per continuare, quella appena conclusa vuole essere solo la prima di una lunga serie di edizioni del Festival.<\/p>\n<p>&nbsp;<\/p>\n<p><strong>C.S.<\/strong><\/p>\n","protected":false},"excerpt":{"rendered":"<p>Dopo tre giorni intensi di incontri e di eventi si \u00e8 conclusa la 1a edizione del Festival della cooperazione internazionale, tenuto ad Ostuni (BR) dal 13 al 15 ottobre 2017, preceduto dall\u2019inaugurazione di alcune mostre nelle scuole cittadine. &nbsp; Il Festival, fortemente voluto da Franco Colizzi, coordinatore regionale di AIFO, e organizzato dalla Rete Italiana Disabilit\u00e0 e Sviluppo (RIDS), cui aderiscono DPI Italia, EducAid, FISH e AIFO, con il contributo del Comune di Ostuni e della Regione Puglia, ha riunito esperti di alto profilo e protagonisti delle istituzioni, in primo luogo l\u2019Agenzia Italiana per la Cooperazione allo Sviluppo (AICS), della societ\u00e0 civile organizzata, Ong e movimento cooperativo, delle imprese e della cultura. La localizzazione delle numerose sessioni in luoghi e contesti assai diversi tra loro ha restituito in forma originale la ricchezza di Ostuni e del territorio pugliese. &nbsp; Un programma molto ricco e denso ha permesso di affrontare i principali aspetti della cooperazione internazionale, nei suoi risvolti teorici e pratici, e di avere una panoramica significativa delle realt\u00e0 territoriale&#8230;<\/p>\n","protected":false},"author":2,"featured_media":115721,"comment_status":"open","ping_status":"closed","sticky":false,"template":"","format":"standard","meta":{"footnotes":""},"categories":[7],"tags":[5022],"class_list":["post-115719","post","type-post","status-publish","format-standard","has-post-thumbnail","hentry","category-news","tag-festival-della-cooperazione-internazionale"],"_links":{"self":[{"href":"https:\/\/www.brundisium.net\/index.php\/wp-json\/wp\/v2\/posts\/115719","targetHints":{"allow":["GET"]}}],"collection":[{"href":"https:\/\/www.brundisium.net\/index.php\/wp-json\/wp\/v2\/posts"}],"about":[{"href":"https:\/\/www.brundisium.net\/index.php\/wp-json\/wp\/v2\/types\/post"}],"author":[{"embeddable":true,"href":"https:\/\/www.brundisium.net\/index.php\/wp-json\/wp\/v2\/users\/2"}],"replies":[{"embeddable":true,"href":"https:\/\/www.brundisium.net\/index.php\/wp-json\/wp\/v2\/comments?post=115719"}],"version-history":[{"count":1,"href":"https:\/\/www.brundisium.net\/index.php\/wp-json\/wp\/v2\/posts\/115719\/revisions"}],"predecessor-version":[{"id":115724,"href":"https:\/\/www.brundisium.net\/index.php\/wp-json\/wp\/v2\/posts\/115719\/revisions\/115724"}],"wp:featuredmedia":[{"embeddable":true,"href":"https:\/\/www.brundisium.net\/index.php\/wp-json\/wp\/v2\/media\/115721"}],"wp:attachment":[{"href":"https:\/\/www.brundisium.net\/index.php\/wp-json\/wp\/v2\/media?parent=115719"}],"wp:term":[{"taxonomy":"category","embeddable":true,"href":"https:\/\/www.brundisium.net\/index.php\/wp-json\/wp\/v2\/categories?post=115719"},{"taxonomy":"post_tag","embeddable":true,"href":"https:\/\/www.brundisium.net\/index.php\/wp-json\/wp\/v2\/tags?post=115719"}],"curies":[{"name":"wp","href":"https:\/\/api.w.org\/{rel}","templated":true}]}}