{"id":115939,"date":"2017-10-18T19:56:57","date_gmt":"2017-10-18T17:56:57","guid":{"rendered":"http:\/\/www.brundisium.net\/?p=115939"},"modified":"2017-10-19T15:04:48","modified_gmt":"2017-10-19T13:04:48","slug":"conferenza-dei-servizi-asl-br-ed-il-valore-dellintegrazione-socio-sanitaria","status":"publish","type":"post","link":"https:\/\/www.brundisium.net\/index.php\/conferenza-dei-servizi-asl-br-ed-il-valore-dellintegrazione-socio-sanitaria\/","title":{"rendered":"Conferenza dei servizi Asl Br ed il valore dell&#8217;integrazione socio-sanitaria"},"content":{"rendered":"<p>Venerd\u00ec 20 ottobre 2017 &#8211; dalle 9.30 alle 17.00 &#8211; presso il Granserena Hotel di Torre Canne, si terr\u00e0 il consueto appuntamento di comunicazione istituzionale e momento di confronto con gli stakeholder dell\u2019Azienda e di partecipazione dei cittadini. Il tema chiave di quest\u2019anno \u00e8 la rete dei servizi sul territorio con particolare riferimento all\u2019integrazione socio-sanitaria, area in forte espansione.<\/p>\n<p>&nbsp;<\/p>\n<p>Dopo la presentazione della rete dei servizi derivante dalla recente riorganizzazione aziendale, il tema sar\u00e0 approfondito attraverso tavoli di lavoro che vedono anche la presenza di rappresentanti del mondo della Sanit\u00e0 regionale e degli Ambiti Territoriali.<\/p>\n<p>&nbsp;<\/p>\n<p>L\u2019integrazione socio-sanitaria \u00e8 inserita, infatti, nel programma regionale di valorizzazione e potenziamento della rete dei servizi per la migliore presa in carico del paziente e, a conferma dell\u2019impegno della ASL BR in questo campo, la Giunta Regionale con deliberazione n.1054 del 4 luglio 2017 ha designato la Dott.ssa Giuseppina Scarano, Direttore dei Servizi Socio Sanitari di questa Azienda, quale componente esperto esterno nella specifica Commissione che vede, come ambiti prioritari di attivit\u00e0, la definizione ed approvazione di Linee Guida per la PUA (Porta Unica di Accesso), UVM (Unit\u00e0 di Valutazione Multidisciplinare), ADI (Assistenza Domiciliare Integrata), le dimissioni protette, nonch\u00e9 la programmazione, monitoraggio e attuazione piani di investimento per il completamento della infrastrutturazione territoriale.<\/p>\n<p>&nbsp;<\/p>\n<p>&nbsp;<\/p>\n<p>UFFICIO STAMPA ASL BR<\/p>\n","protected":false},"excerpt":{"rendered":"<p>Venerd\u00ec 20 ottobre 2017 &#8211; dalle 9.30 alle 17.00 &#8211; presso il Granserena Hotel di Torre Canne, si terr\u00e0 il consueto appuntamento di comunicazione istituzionale e momento di confronto con gli stakeholder dell\u2019Azienda e di partecipazione dei cittadini. Il tema chiave di quest\u2019anno \u00e8 la rete dei servizi sul territorio con particolare riferimento all\u2019integrazione socio-sanitaria, area in forte espansione. &nbsp; Dopo la presentazione della rete dei servizi derivante dalla recente riorganizzazione aziendale, il tema sar\u00e0 approfondito attraverso tavoli di lavoro che vedono anche la presenza di rappresentanti del mondo della Sanit\u00e0 regionale e degli Ambiti Territoriali. &nbsp; L\u2019integrazione socio-sanitaria \u00e8 inserita, infatti, nel programma regionale di valorizzazione e potenziamento della rete dei servizi per la migliore presa in carico del paziente e, a conferma dell\u2019impegno della ASL BR in questo campo, la Giunta Regionale con deliberazione n.1054 del 4 luglio 2017 ha designato la Dott.ssa Giuseppina Scarano, Direttore dei Servizi Socio Sanitari di questa Azienda, quale componente esperto esterno nella specifica Commissione che vede, come ambiti prioritari di attivit\u00e0, la&#8230;<\/p>\n","protected":false},"author":2,"featured_media":115942,"comment_status":"open","ping_status":"closed","sticky":false,"template":"","format":"standard","meta":{"footnotes":""},"categories":[7],"tags":[778],"class_list":["post-115939","post","type-post","status-publish","format-standard","has-post-thumbnail","hentry","category-news","tag-asl-brindisi"],"_links":{"self":[{"href":"https:\/\/www.brundisium.net\/index.php\/wp-json\/wp\/v2\/posts\/115939","targetHints":{"allow":["GET"]}}],"collection":[{"href":"https:\/\/www.brundisium.net\/index.php\/wp-json\/wp\/v2\/posts"}],"about":[{"href":"https:\/\/www.brundisium.net\/index.php\/wp-json\/wp\/v2\/types\/post"}],"author":[{"embeddable":true,"href":"https:\/\/www.brundisium.net\/index.php\/wp-json\/wp\/v2\/users\/2"}],"replies":[{"embeddable":true,"href":"https:\/\/www.brundisium.net\/index.php\/wp-json\/wp\/v2\/comments?post=115939"}],"version-history":[{"count":1,"href":"https:\/\/www.brundisium.net\/index.php\/wp-json\/wp\/v2\/posts\/115939\/revisions"}],"predecessor-version":[{"id":115943,"href":"https:\/\/www.brundisium.net\/index.php\/wp-json\/wp\/v2\/posts\/115939\/revisions\/115943"}],"wp:featuredmedia":[{"embeddable":true,"href":"https:\/\/www.brundisium.net\/index.php\/wp-json\/wp\/v2\/media\/115942"}],"wp:attachment":[{"href":"https:\/\/www.brundisium.net\/index.php\/wp-json\/wp\/v2\/media?parent=115939"}],"wp:term":[{"taxonomy":"category","embeddable":true,"href":"https:\/\/www.brundisium.net\/index.php\/wp-json\/wp\/v2\/categories?post=115939"},{"taxonomy":"post_tag","embeddable":true,"href":"https:\/\/www.brundisium.net\/index.php\/wp-json\/wp\/v2\/tags?post=115939"}],"curies":[{"name":"wp","href":"https:\/\/api.w.org\/{rel}","templated":true}]}}