{"id":116020,"date":"2017-10-19T16:03:17","date_gmt":"2017-10-19T14:03:17","guid":{"rendered":"http:\/\/www.brundisium.net\/?p=116020"},"modified":"2017-10-19T15:02:23","modified_gmt":"2017-10-19T13:02:23","slug":"lolio-extra-vergine-prodotto-a-fasano-alimentera-una-lampada-del-santo-sepolcro-di-gerusalemme","status":"publish","type":"post","link":"https:\/\/www.brundisium.net\/index.php\/lolio-extra-vergine-prodotto-a-fasano-alimentera-una-lampada-del-santo-sepolcro-di-gerusalemme\/","title":{"rendered":"L\u2019olio extra-vergine prodotto a Fasano alimenter\u00e0 una lampada del Santo Sepolcro di Gerusalemme"},"content":{"rendered":"<p>Una lampada del Santo Sepolcro a Gerusalemme sar\u00e0 alimentata dall\u2019olio di Fasano per l\u2019intero anno 2018. La conferma, attraverso il Commissario di Puglia per la Terra Santa, \u00e8 \u00abgiunta con grande soddisfazione ed emozione di coloro che si sono adoperati perch\u00e9 questo proposito si realizzasse\u00bb, afferma Giovanni Cisternino, vicesindaco di Fasano. La cerimonia di consegna della lampada e dell\u2019olio dovrebbe avvenire il prossimo 5 novembre a Gerusalemme fra una delegazione dell\u2019Amministrazione comunale di Fasano e la Custodia di Terra Santa. Promotore dell\u2019iniziativa \u00e8 stato proprio il vicesindaco Cisternino che sar\u00e0 a Gerusalemme nella prima settimana di novembre per prendere parte ad un progetto di volontariato. Da qui l\u2019impulso di adoperarsi per candidare Fasano ad avere la possibilit\u00e0 di illuminare con il suo prodotto pi\u00f9 conosciuto e prezioso (qual \u00e8 appunto l\u2019olio extra-vergine d\u2019oliva) il luogo pi\u00f9 venerato dalla cristianit\u00e0.<\/p>\n<p>&nbsp;<\/p>\n<p>\u00abE\u2019 una iniziativa \u2013 dichiara Cisternino &#8211; che si \u00e8 fatta strada un po\u2019 alla volta e che ha trovato slancio soprattutto dalla risposta entusiastica dei produttori a cui, a scopo esplorativo, avevo ventilato l\u2019idea. Entusiasmo condiviso dal nostro sindaco Zaccaria quando gli ho prospettato l\u2019opportunit\u00e0 che l\u2019Amministrazione svolgesse il ruolo di proponente e rappresentasse tutte le realt\u00e0 produttive locali che vorranno aderire. Ho pertanto attivato una serie di contatti in Puglia e a Gerusalemme \u2013 spiega il vicesindaco &#8211; che hanno concretizzato il placet di Padre Francesco Patton, attuale custode di Terra Santa. Non nascondo che \u00e8 per me un\u2019emozione grande pensare all\u2019alto valore simbolico di questo gesto di devozione, e che questo potrebbe essere il primo passo per riallacciare un rapporto che \u00e8 antico di secoli tra questo territorio e la Terra Santa. Per questo ritengo che la partecipazione a questa iniziativa \u00e8 doveroso che sia allargata a tutti i produttori che vorranno aderirvi e il cui nome sar\u00e0 incluso nella pergamena di consegna dell\u2019olio\u00bb. Per questa ragione, i produttori che fossero interessati a far parte di questa iniziativa potranno inviare una mail all\u2019indirizzo di posta elettronica vicesindaco@comune.fasano.br.it per le informazioni e gli accordi del caso.<\/p>\n<p>&nbsp;<\/p>\n<p>Comune di Fasano<br \/>\nUfficio Stampa<\/p>\n","protected":false},"excerpt":{"rendered":"<p>Una lampada del Santo Sepolcro a Gerusalemme sar\u00e0 alimentata dall\u2019olio di Fasano per l\u2019intero anno 2018. La conferma, attraverso il Commissario di Puglia per la Terra Santa, \u00e8 \u00abgiunta con grande soddisfazione ed emozione di coloro che si sono adoperati perch\u00e9 questo proposito si realizzasse\u00bb, afferma Giovanni Cisternino, vicesindaco di Fasano. La cerimonia di consegna della lampada e dell\u2019olio dovrebbe avvenire il prossimo 5 novembre a Gerusalemme fra una delegazione dell\u2019Amministrazione comunale di Fasano e la Custodia di Terra Santa. Promotore dell\u2019iniziativa \u00e8 stato proprio il vicesindaco Cisternino che sar\u00e0 a Gerusalemme nella prima settimana di novembre per prendere parte ad un progetto di volontariato. Da qui l\u2019impulso di adoperarsi per candidare Fasano ad avere la possibilit\u00e0 di illuminare con il suo prodotto pi\u00f9 conosciuto e prezioso (qual \u00e8 appunto l\u2019olio extra-vergine d\u2019oliva) il luogo pi\u00f9 venerato dalla cristianit\u00e0. &nbsp; \u00abE\u2019 una iniziativa \u2013 dichiara Cisternino &#8211; che si \u00e8 fatta strada un po\u2019 alla volta e che ha trovato slancio soprattutto dalla risposta entusiastica dei produttori a cui, a&#8230;<\/p>\n","protected":false},"author":2,"featured_media":116021,"comment_status":"open","ping_status":"closed","sticky":false,"template":"","format":"standard","meta":{"footnotes":""},"categories":[7],"tags":[244,5060],"class_list":["post-116020","post","type-post","status-publish","format-standard","has-post-thumbnail","hentry","category-news","tag-fasano","tag-santo-sepolcro"],"_links":{"self":[{"href":"https:\/\/www.brundisium.net\/index.php\/wp-json\/wp\/v2\/posts\/116020","targetHints":{"allow":["GET"]}}],"collection":[{"href":"https:\/\/www.brundisium.net\/index.php\/wp-json\/wp\/v2\/posts"}],"about":[{"href":"https:\/\/www.brundisium.net\/index.php\/wp-json\/wp\/v2\/types\/post"}],"author":[{"embeddable":true,"href":"https:\/\/www.brundisium.net\/index.php\/wp-json\/wp\/v2\/users\/2"}],"replies":[{"embeddable":true,"href":"https:\/\/www.brundisium.net\/index.php\/wp-json\/wp\/v2\/comments?post=116020"}],"version-history":[{"count":1,"href":"https:\/\/www.brundisium.net\/index.php\/wp-json\/wp\/v2\/posts\/116020\/revisions"}],"predecessor-version":[{"id":116022,"href":"https:\/\/www.brundisium.net\/index.php\/wp-json\/wp\/v2\/posts\/116020\/revisions\/116022"}],"wp:featuredmedia":[{"embeddable":true,"href":"https:\/\/www.brundisium.net\/index.php\/wp-json\/wp\/v2\/media\/116021"}],"wp:attachment":[{"href":"https:\/\/www.brundisium.net\/index.php\/wp-json\/wp\/v2\/media?parent=116020"}],"wp:term":[{"taxonomy":"category","embeddable":true,"href":"https:\/\/www.brundisium.net\/index.php\/wp-json\/wp\/v2\/categories?post=116020"},{"taxonomy":"post_tag","embeddable":true,"href":"https:\/\/www.brundisium.net\/index.php\/wp-json\/wp\/v2\/tags?post=116020"}],"curies":[{"name":"wp","href":"https:\/\/api.w.org\/{rel}","templated":true}]}}